{"id":29236,"date":"2025-05-16T09:52:19","date_gmt":"2025-05-16T12:52:19","guid":{"rendered":"https:\/\/minutobahia24h.com.br\/?p=29236"},"modified":"2025-05-16T09:52:21","modified_gmt":"2025-05-16T12:52:21","slug":"vereador-jeorge-catatau-cobra-reconhecimento-da-lei-que-instituiu-estiva-como-distrito-de-senhor-do-bonfim","status":"publish","type":"post","link":"https:\/\/minutobahia24h.com.br\/?p=29236","title":{"rendered":"Vereador Jeorge Catatau cobra reconhecimento da lei que instituiu Estiva como distrito de Senhor do Bonfim"},"content":{"rendered":"<div class=\"wp-block-image\">\n<figure class=\"aligncenter size-full\"><img data-recalc-dims=\"1\" fetchpriority=\"high\" decoding=\"async\" width=\"600\" height=\"800\" src=\"https:\/\/i0.wp.com\/minutobahia24h.com.br\/wp-content\/uploads\/2025\/05\/Sem-titulo-212.jpg?resize=600%2C800&#038;ssl=1\" alt=\"\" class=\"wp-image-29237\" srcset=\"https:\/\/i0.wp.com\/minutobahia24h.com.br\/wp-content\/uploads\/2025\/05\/Sem-titulo-212.jpg?w=600&amp;ssl=1 600w, https:\/\/i0.wp.com\/minutobahia24h.com.br\/wp-content\/uploads\/2025\/05\/Sem-titulo-212.jpg?resize=225%2C300&amp;ssl=1 225w\" sizes=\"(max-width: 600px) 100vw, 600px\" \/><\/figure>\n<\/div>\n\n\n<p>Em reuni\u00e3o com o prefeito La\u00e9rcio Junior, o vereador Jeorge Catatau refor\u00e7ou a necessidade de assegurar o cumprimento da Lei Municipal n\u00ba 701\/94, sancionada pelo ent\u00e3o prefeito Jonas Alves Costa, que elevou a localidade de Estiva \u00e0 condi\u00e7\u00e3o de distrito de Senhor do Bonfim. A legisla\u00e7\u00e3o, baseada na Lei Complementar n\u00ba 002\/90, estabeleceu os limites territoriais do novo distrito, desmembrando-o do distrito de Carrapichel e definindo suas divisas com o distrito de Igara e os munic\u00edpios de Jaguarari e Campo Formoso.<\/p>\n\n\n\n<p>Durante o encontro, Catatau destacou a import\u00e2ncia de oficializar o reconhecimento de Estiva como distrito, garantindo os direitos e benef\u00edcios legais \u00e0 localidade. \u201cEstamos buscando o reconhecimento desta lei, sancionada no ano de 1994 e que elevou o patamar de Estiva a de distrito municipal. Essa localidade e seu povo merecem esse reconhecimento pela sua import\u00e2ncia em nosso munic\u00edpio\u201d, afirmou o parlamentar.<\/p>\n\n\n\n<p>Lei Municipal n\u00ba 701\/94:<\/p>\n\n\n\n<div data-wp-interactive=\"core\/file\" class=\"wp-block-file aligncenter\"><object data-wp-bind--hidden=\"!state.hasPdfPreview\" hidden class=\"wp-block-file__embed\" data=\"https:\/\/minutobahia24h.com.br\/wp-content\/uploads\/2025\/05\/LEI-CRIACAO-DISTRITO-DE-ESTIVA.pdf\" type=\"application\/pdf\" style=\"width:100%;height:600px\" aria-label=\"Incorporado de LEI CRIA\u00c7\u00c3O DISTRITO DE ESTIVA.\"><\/object><a id=\"wp-block-file--media-a9a838e3-204d-49d4-9f10-c4f5b6dc3a6e\" href=\"https:\/\/minutobahia24h.com.br\/wp-content\/uploads\/2025\/05\/LEI-CRIACAO-DISTRITO-DE-ESTIVA.pdf\">LEI CRIA\u00c7\u00c3O DISTRITO DE ESTIVA<\/a><a href=\"https:\/\/minutobahia24h.com.br\/wp-content\/uploads\/2025\/05\/LEI-CRIACAO-DISTRITO-DE-ESTIVA.pdf\" class=\"wp-block-file__button wp-element-button\" download aria-describedby=\"wp-block-file--media-a9a838e3-204d-49d4-9f10-c4f5b6dc3a6e\">Baixar<\/a><\/div>\n","protected":false},"excerpt":{"rendered":"<p>Em reuni\u00e3o com o prefeito La\u00e9rcio Junior, o vereador Jeorge Catatau refor\u00e7ou a necessidade de assegurar o cumprimento da Lei Municipal n\u00ba 701\/94, sancionada pelo ent\u00e3o prefeito Jonas Alves Costa, que elevou a localidade de Estiva \u00e0 condi\u00e7\u00e3o de distrito de Senhor do Bonfim. A legisla\u00e7\u00e3o, baseada na Lei Complementar n\u00ba 002\/90, estabeleceu os limites [&hellip;]<\/p>\n","protected":false},"author":2,"featured_media":29237,"comment_status":"open","ping_status":"open","sticky":false,"template":"","format":"standard","meta":{"_jetpack_memberships_contains_paid_content":false,"footnotes":""},"categories":[3],"tags":[],"class_list":["post-29236","post","type-post","status-publish","format-standard","has-post-thumbnail","hentry","category-regional"],"aioseo_notices":[],"jetpack_featured_media_url":"https:\/\/i0.wp.com\/minutobahia24h.com.br\/wp-content\/uploads\/2025\/05\/Sem-titulo-212.jpg?fit=600%2C800&ssl=1","jetpack_sharing_enabled":true,"_links":{"self":[{"href":"https:\/\/minutobahia24h.com.br\/index.php?rest_route=\/wp\/v2\/posts\/29236","targetHints":{"allow":["GET"]}}],"collection":[{"href":"https:\/\/minutobahia24h.com.br\/index.php?rest_route=\/wp\/v2\/posts"}],"about":[{"href":"https:\/\/minutobahia24h.com.br\/index.php?rest_route=\/wp\/v2\/types\/post"}],"author":[{"embeddable":true,"href":"https:\/\/minutobahia24h.com.br\/index.php?rest_route=\/wp\/v2\/users\/2"}],"replies":[{"embeddable":true,"href":"https:\/\/minutobahia24h.com.br\/index.php?rest_route=%2Fwp%2Fv2%2Fcomments&post=29236"}],"version-history":[{"count":1,"href":"https:\/\/minutobahia24h.com.br\/index.php?rest_route=\/wp\/v2\/posts\/29236\/revisions"}],"predecessor-version":[{"id":29239,"href":"https:\/\/minutobahia24h.com.br\/index.php?rest_route=\/wp\/v2\/posts\/29236\/revisions\/29239"}],"wp:featuredmedia":[{"embeddable":true,"href":"https:\/\/minutobahia24h.com.br\/index.php?rest_route=\/wp\/v2\/media\/29237"}],"wp:attachment":[{"href":"https:\/\/minutobahia24h.com.br\/index.php?rest_route=%2Fwp%2Fv2%2Fmedia&parent=29236"}],"wp:term":[{"taxonomy":"category","embeddable":true,"href":"https:\/\/minutobahia24h.com.br\/index.php?rest_route=%2Fwp%2Fv2%2Fcategories&post=29236"},{"taxonomy":"post_tag","embeddable":true,"href":"https:\/\/minutobahia24h.com.br\/index.php?rest_route=%2Fwp%2Fv2%2Ftags&post=29236"}],"curies":[{"name":"wp","href":"https:\/\/api.w.org\/{rel}","templated":true}]}}