{"id":29227,"date":"2025-05-16T07:58:07","date_gmt":"2025-05-16T10:58:07","guid":{"rendered":"https:\/\/minutobahia24h.com.br\/?p=29227"},"modified":"2025-05-16T07:58:08","modified_gmt":"2025-05-16T10:58:08","slug":"justica-afasta-ednaldo-rodrigues-da-presidencia-da-cbf","status":"publish","type":"post","link":"https:\/\/minutobahia24h.com.br\/?p=29227","title":{"rendered":"Justi\u00e7a afasta Ednaldo Rodrigues da presid\u00eancia da CBF"},"content":{"rendered":"<div class=\"wp-block-image\">\n<figure class=\"aligncenter size-full\"><img data-recalc-dims=\"1\" fetchpriority=\"high\" decoding=\"async\" width=\"596\" height=\"399\" src=\"https:\/\/i0.wp.com\/minutobahia24h.com.br\/wp-content\/uploads\/2025\/05\/Sem-titulo-209.jpg?resize=596%2C399&#038;ssl=1\" alt=\"\" class=\"wp-image-29228\" srcset=\"https:\/\/i0.wp.com\/minutobahia24h.com.br\/wp-content\/uploads\/2025\/05\/Sem-titulo-209.jpg?w=596&amp;ssl=1 596w, https:\/\/i0.wp.com\/minutobahia24h.com.br\/wp-content\/uploads\/2025\/05\/Sem-titulo-209.jpg?resize=300%2C201&amp;ssl=1 300w\" sizes=\"(max-width: 596px) 100vw, 596px\" \/><\/figure>\n<\/div>\n\n\n<p>Ednaldo Rodrigues foi afastado da presid\u00eancia da CBF. Pela segunda vez desde que chegou ao poder, o dirigente teve contra si uma decis\u00e3o judicial que o tira da cadeira mais importante do futebol brasileiro. E isso novamente aconteceu no \u00e2mbito da Justi\u00e7a do Rio, ap\u00f3s decis\u00e3o do desembargador Gabriel Zefiro.<\/p>\n\n\n\n<p>Quem fica no comando da CBF, para convocar elei\u00e7\u00f5es, \u00e9 o vice-presidente Fernando Sarney, que entrou com peti\u00e7\u00f5es na Justi\u00e7a durante as \u00faltimas semanas para tirar Ednaldo do poder.<\/p>\n\n\n\n<p>Qual foi a decis\u00e3o<\/p>\n\n\n\n<p>&#8220;Pelo exposto, determino: 1- o afastamento da atual diretoria da CBF; 2- que o Vice-Presidente da CBF, Fernando Jos\u00e9 Sarney, realize a elei\u00e7\u00e3o para os cargos diretivos da CBF, na qualidade de interventor, o mais r\u00e1pido poss\u00edvel, obedecendo-se os prazos estatut\u00e1rios, ficando a seu cargo, at\u00e9 a posse da diretoria eleita, os poderes inerentes \u00e0 administra\u00e7\u00e3o da institui\u00e7\u00e3o, dispostos no art.7\u00ba do Estatuto da Entidade&#8221;.<\/p>\n\n\n\n<p>A base para decis\u00e3o<\/p>\n\n\n\n<p>A crise da vez envolve o questionamento de uma assinatura no acordo que, antes, tinha resolvido o questionamento sobre a elei\u00e7\u00e3o de Ednaldo, em 2022.<\/p>\n\n\n\n<p>A suspeita recaiu sobre a condi\u00e7\u00e3o de sa\u00fade do Coronel Nunes, um dos ex-dirigentes da CBF que assinou o documento em janeiro deste ano.<\/p>\n\n\n\n<p>Por mais que tenha sido eleito por mais quatro anos \u00e0 frente da CBF, Ednaldo viu a oposi\u00e7\u00e3o crescer nas \u00faltimas semanas. A articula\u00e7\u00e3o pol\u00edtica veio com vazamento de documentos e a\u00e7\u00f5es na Justi\u00e7a.<\/p>\n\n\n\n<p>Mesmo sem confirmar se houve ou n\u00e3o a falsifica\u00e7\u00e3o, o desembargador respons\u00e1vel pelo caso decretou nulo o acordo assinado pelo Coronel Nunes e os outros dirigentes da CBF. Zefiro citou que fez isso &#8220;em raz\u00e3o da incapacidade mental e de poss\u00edvel falsifica\u00e7\u00e3o da assinatura de um dos signat\u00e1rios&#8221;.<\/p>\n\n\n\n<p>&#8220;A robustez dos ind\u00edcios trazidos aos autos leva \u00e0 inarred\u00e1vel conclus\u00e3o acerca de um fato, at\u00e9 mesmo \u00f3bvio: h\u00e1 muito o Coronel Nunes n\u00e3o tem condi\u00e7\u00f5es de expressar de forma consciente sua vontade. Seus atos s\u00e3o guiados. N\u00e3o emanam da sua vontade livre e consciente&#8221;, escreveu o Zefiro na decis\u00e3o de hoje.<\/p>\n\n\n\n<p>Ednaldo Rodrigues est\u00e1 no Paraguai, onde participou mais cedo do Congresso da Fifa. Nos \u00faltimos dias, j\u00e1 havia entre as federa\u00e7\u00f5es estaduais e pr\u00f3pria CBF a sensa\u00e7\u00e3o de que uma decis\u00e3o negativa paro o dirigente poderia estar a caminho.<\/p>\n\n\n\n<p>De onde veio a hist\u00f3ria da assinatura<\/p>\n\n\n\n<p>O documento em quest\u00e3o tem a data de 24 de janeiro de 2025. Por ordem alfab\u00e9tica, a primeira assinatura \u00e9 a que rendeu pol\u00eamica: Ant\u00f4nio Carlos Nunes de Lima.<\/p>\n\n\n\n<p>Al\u00e9m dele, Castellar Neto, Fernando Sarney, Gustavo Feij\u00f3, Adriano Aro (presidente da Federa\u00e7\u00e3o Mineira) e o pr\u00f3prio Ednaldo Rodrigues (em nome da CBF) assinaram.<\/p>\n\n\n\n<p>O documento \u00e9 importante porque as partes reconheciam a validade da elei\u00e7\u00e3o de 2022, no processo que gerou o afastamento de Ednaldo em dezembro de 2023. O acordo, ent\u00e3o, traria uma suposta calmaria ao ambiente pol\u00edtico da CBF. S\u00f3 que isso n\u00e3o durou cinco meses.<\/p>\n\n\n\n<p>Quais os elementos trazidos para gerar d\u00favida de que Nunes, um octogen\u00e1rio ex-presidente da CBF, foi mesmo um dos signat\u00e1rios? Para come\u00e7ar, o estado de sa\u00fade dele.<\/p>\n\n\n\n<p>O Coronel passou por uma cirurgia s\u00e9ria durante tratamento de c\u00e2ncer no c\u00e9rebro.<\/p>\n\n\n\n<p>Em 19 de junho de 2023, Jorge Pagura, m\u00e9dico que fez o procedimento e cuida do Coronel, fez um relat\u00f3rio no qual reportou &#8220;d\u00e9ficit cognitivo&#8221; no dirigente. Pagura ainda trabalha na CBF, como presidente da comiss\u00e3o m\u00e9dica.<\/p>\n\n\n\n<p>O laudo passou a circular porque foi inserido em um processo na Justi\u00e7a do Par\u00e1, no qual Nunes tentava interromper descontos de pens\u00e3o da aposentadoria que recebe.<\/p>\n\n\n\n<p>O relat\u00f3rio foi o primeiro elemento trazido na discuss\u00e3o atual sobre a assinatura do Coronel.<\/p>\n\n\n\n<p>Na peti\u00e7\u00e3o de Fernando Sarney, um dos vices da CBF que pediu afastamento de Ednaldo da CBF, mais um documento da mesma \u00e9poca: uma procura\u00e7\u00e3o assinada pelo Coronel dando poderes a outra pessoa para gerir sua conta banc\u00e1ria.<\/p>\n\n\n\n<p>A escrevente do cart\u00f3rio at\u00e9 foi ao encontro do Coronel porque ele estava &#8220;impossibilitado de comparecer&#8221; ao \u00f3rg\u00e3o. A procura\u00e7\u00e3o tem tanto a assinatura por extenso quanto a rubrica do Coronel.<\/p>\n\n\n\n<p>E a per\u00edcia?<br>Depois disso, veio um elemento controverso. Um parecer t\u00e9cnico de uma perita contratada pelo vereador carioca Marcos Dias (Podemos).<\/p>\n\n\n\n<p>A empresa \u00e9 de Jacqueline Tirotti. A conclus\u00e3o dela \u00e9 &#8220;impossibilidade de vincula\u00e7\u00e3o do punho&#8221; ao Coronel Nunes.<\/p>\n\n\n\n<p>A perita citou &#8220;diverg\u00eancias em rela\u00e7\u00e3o aos padr\u00f5es apresentados, conforme demonstrado no exame, bem como, ressaltando a fragilidade do documento questionado, em raz\u00e3o da aus\u00eancia de grampeamento\/fixa\u00e7\u00e3o de folhas e aus\u00eancia de rubricas&#8221;.<\/p>\n\n\n\n<p>A empresa que fez o laudo j\u00e1 teve trabalhos contestados, como no uso de um v\u00eddeo para acusar o padre Julio Lancelotti de pedofilia e na discuss\u00e3o se a apresentadora Ana Hickmann assinou documentos que geraram uma d\u00edvida na casa de R$ 1 milh\u00e3o.<\/p>\n\n\n\n<p>A CBF disse que o laudo &#8220;est\u00e1 sendo utilizado de forma midi\u00e1tica e precipitada, em verdadeira espetaculariza\u00e7\u00e3o que atende a interesses nada republicanos e aparentemente questionado por terceiros absolutamente estranhos ao processo&#8221;.<\/p>\n\n\n\n<p>S\u00f3 que quando o assunto chegou, por ordem do Supremo Tribunal Federal, de volta \u00e0 Justi\u00e7a do Rio, o Coronel Nunes n\u00e3o compareceu \u00e0 audi\u00eancia na qual poderia esclarecer a hist\u00f3ria toda. Diante disso, o desembargador decidiu afastar toda a diretoria da CBF.<\/p>\n\n\n\n<p>Com informa\u00e7\u00f5es Uol\/Cr\u00e9dito: Divulga\u00e7\u00e3o CBF<\/p>\n","protected":false},"excerpt":{"rendered":"<p>Ednaldo Rodrigues foi afastado da presid\u00eancia da CBF. Pela segunda vez desde que chegou ao poder, o dirigente teve contra si uma decis\u00e3o judicial que o tira da cadeira mais importante do futebol brasileiro. E isso novamente aconteceu no \u00e2mbito da Justi\u00e7a do Rio, ap\u00f3s decis\u00e3o do desembargador Gabriel Zefiro. Quem fica no comando da [&hellip;]<\/p>\n","protected":false},"author":2,"featured_media":29228,"comment_status":"open","ping_status":"open","sticky":false,"template":"","format":"standard","meta":{"_jetpack_memberships_contains_paid_content":false,"footnotes":""},"categories":[46],"tags":[],"class_list":["post-29227","post","type-post","status-publish","format-standard","has-post-thumbnail","hentry","category-noticia"],"aioseo_notices":[],"jetpack_featured_media_url":"https:\/\/i0.wp.com\/minutobahia24h.com.br\/wp-content\/uploads\/2025\/05\/Sem-titulo-209.jpg?fit=596%2C399&ssl=1","jetpack_sharing_enabled":true,"_links":{"self":[{"href":"https:\/\/minutobahia24h.com.br\/index.php?rest_route=\/wp\/v2\/posts\/29227","targetHints":{"allow":["GET"]}}],"collection":[{"href":"https:\/\/minutobahia24h.com.br\/index.php?rest_route=\/wp\/v2\/posts"}],"about":[{"href":"https:\/\/minutobahia24h.com.br\/index.php?rest_route=\/wp\/v2\/types\/post"}],"author":[{"embeddable":true,"href":"https:\/\/minutobahia24h.com.br\/index.php?rest_route=\/wp\/v2\/users\/2"}],"replies":[{"embeddable":true,"href":"https:\/\/minutobahia24h.com.br\/index.php?rest_route=%2Fwp%2Fv2%2Fcomments&post=29227"}],"version-history":[{"count":1,"href":"https:\/\/minutobahia24h.com.br\/index.php?rest_route=\/wp\/v2\/posts\/29227\/revisions"}],"predecessor-version":[{"id":29229,"href":"https:\/\/minutobahia24h.com.br\/index.php?rest_route=\/wp\/v2\/posts\/29227\/revisions\/29229"}],"wp:featuredmedia":[{"embeddable":true,"href":"https:\/\/minutobahia24h.com.br\/index.php?rest_route=\/wp\/v2\/media\/29228"}],"wp:attachment":[{"href":"https:\/\/minutobahia24h.com.br\/index.php?rest_route=%2Fwp%2Fv2%2Fmedia&parent=29227"}],"wp:term":[{"taxonomy":"category","embeddable":true,"href":"https:\/\/minutobahia24h.com.br\/index.php?rest_route=%2Fwp%2Fv2%2Fcategories&post=29227"},{"taxonomy":"post_tag","embeddable":true,"href":"https:\/\/minutobahia24h.com.br\/index.php?rest_route=%2Fwp%2Fv2%2Ftags&post=29227"}],"curies":[{"name":"wp","href":"https:\/\/api.w.org\/{rel}","templated":true}]}}