{"id":29042,"date":"2025-05-13T15:22:42","date_gmt":"2025-05-13T18:22:42","guid":{"rendered":"https:\/\/minutobahia24h.com.br\/?p=29042"},"modified":"2025-05-13T15:22:44","modified_gmt":"2025-05-13T18:22:44","slug":"justica-manda-processo-contra-ze-ronaldo-para-o-trf-1-entenda","status":"publish","type":"post","link":"https:\/\/minutobahia24h.com.br\/?p=29042","title":{"rendered":"Justi\u00e7a manda processo contra Z\u00e9 Ronaldo para o TRF-1; entenda"},"content":{"rendered":"<div class=\"wp-block-image\">\n<figure class=\"aligncenter size-large\"><img data-recalc-dims=\"1\" fetchpriority=\"high\" decoding=\"async\" width=\"800\" height=\"450\" src=\"https:\/\/i0.wp.com\/minutobahia24h.com.br\/wp-content\/uploads\/2025\/05\/Sem-titulo-158-1024x576.jpg?resize=800%2C450&#038;ssl=1\" alt=\"\" class=\"wp-image-29043\" srcset=\"https:\/\/i0.wp.com\/minutobahia24h.com.br\/wp-content\/uploads\/2025\/05\/Sem-titulo-158.jpg?resize=1024%2C576&amp;ssl=1 1024w, https:\/\/i0.wp.com\/minutobahia24h.com.br\/wp-content\/uploads\/2025\/05\/Sem-titulo-158.jpg?resize=300%2C169&amp;ssl=1 300w, https:\/\/i0.wp.com\/minutobahia24h.com.br\/wp-content\/uploads\/2025\/05\/Sem-titulo-158.jpg?resize=768%2C432&amp;ssl=1 768w, https:\/\/i0.wp.com\/minutobahia24h.com.br\/wp-content\/uploads\/2025\/05\/Sem-titulo-158.jpg?resize=750%2C422&amp;ssl=1 750w, https:\/\/i0.wp.com\/minutobahia24h.com.br\/wp-content\/uploads\/2025\/05\/Sem-titulo-158.jpg?resize=1140%2C641&amp;ssl=1 1140w, https:\/\/i0.wp.com\/minutobahia24h.com.br\/wp-content\/uploads\/2025\/05\/Sem-titulo-158.jpg?w=1200&amp;ssl=1 1200w\" sizes=\"(max-width: 800px) 100vw, 800px\" \/><figcaption class=\"wp-element-caption\">Jos\u00e9 Ronaldo durante sabatina na elei\u00e7\u00e3o &#8211;\u00a0Foto: Mila Souza | AG. A TARDE<br><\/figcaption><\/figure>\n<\/div>\n\n\n<p>A Justi\u00e7a Federal determinou que o processo que tem o prefeito de&nbsp;<a href=\"https:\/\/atarde.com.br\/?q=feira+de+santana&amp;d=1\" target=\"_blank\" rel=\"noreferrer noopener\">Feira de Santana<\/a>,&nbsp;<a href=\"https:\/\/atarde.com.br\/eleicoes\/ze-ronaldo-sobre-tarifa-zero-dos-onibus-nao-pode-ser-so-da-cabeca-do-candidato-1288697\" target=\"_blank\" rel=\"noreferrer noopener\">Jos\u00e9 Ronaldo (Uni\u00e3o Brasil)<\/a>, como um dos r\u00e9us, seja enviado para o Tribunal Regional Federal da 1\u00aa Regi\u00e3o (TRF-1), em Bras\u00edlia. A decis\u00e3o tem como base um novo entendimento do&nbsp;<a href=\"https:\/\/atarde.com.br\/?q=STF&amp;d=1\" target=\"_blank\" rel=\"noreferrer noopener\">Supremo Tribunal Federal (STF)<\/a>.<\/p>\n\n\n\n<p>Segundo a Corte, agentes p\u00fablicos devem ter a prerrogativa do foro privilegiado, mesmo ap\u00f3s o fim do mandato, uma vez que os crimes tenham sido cometidos durante o exerc\u00edcio do cargo. Diante do entendimento, o juiz federal F\u00e1bio Moreira Ramiro alegou incompet\u00eancia da 1\u00aa Inst\u00e2ncia para julgar o caso.<\/p>\n\n\n\n<p>Al\u00e9m de&nbsp;<a href=\"https:\/\/atarde.com.br\/eleicoes\/ze-ronaldo-promete-solucao-para-falta-de-professores-em-feira-1288692\" target=\"_blank\" rel=\"noreferrer noopener\">Jos\u00e9 Ronaldo<\/a>, ainda s\u00e3o r\u00e9us Ant\u00f4nio Rosa de Assis, servidor do munic\u00edpio, empres\u00e1rios da Coofsa\u00fade, cooperativa alvo das investiga\u00e7\u00f5es, e a ex-secret\u00e1ria municipal de Sa\u00fade, Denise Mascarenhas.<\/p>\n\n\n\n<p>&#8220;Trata-se de decis\u00e3o emanada do Plen\u00e1rio do STF, de modo que n\u00e3o h\u00e1 que se aguardar o tr\u00e2nsito em julgado para dar cumprimento ao que foi decidido. Dessa forma, reconhe\u00e7o a incompet\u00eancia superveniente, por altera\u00e7\u00e3o jurisprudencial do STF, deste Ju\u00edzo de 1\u00ba grau, e determino a remessa dos autos para o Tribunal Regional Federal da 1\u00aa Regi\u00e3o&#8221;, diz a decis\u00e3o do&nbsp;<a href=\"https:\/\/atarde.com.br\/?q=juiz&amp;d=1\" target=\"_blank\" rel=\"noreferrer noopener\">juiz<\/a>.<\/p>\n\n\n\n<h2 class=\"wp-block-heading\">Opera\u00e7\u00e3o Pityocampa<\/h2>\n\n\n\n<p>O processo \u00e9 fruto da opera\u00e7\u00e3o Pityocampa, do Minist\u00e9rio P\u00fablico da Bahia, que investiga fraudes em licita\u00e7\u00f5es e desvios de recursos p\u00fablicos, al\u00e9m de um esquema de superfaturamento na Prefeitura de Feira de Santana durante as gest\u00f5es anteriores de Jos\u00e9 Ronaldo, prefeito pela quinta vez.<\/p>\n\n\n\n<p>Atarde<\/p>\n","protected":false},"excerpt":{"rendered":"<p>A Justi\u00e7a Federal determinou que o processo que tem o prefeito de&nbsp;Feira de Santana,&nbsp;Jos\u00e9 Ronaldo (Uni\u00e3o Brasil), como um dos r\u00e9us, seja enviado para o Tribunal Regional Federal da 1\u00aa Regi\u00e3o (TRF-1), em Bras\u00edlia. A decis\u00e3o tem como base um novo entendimento do&nbsp;Supremo Tribunal Federal (STF). Segundo a Corte, agentes p\u00fablicos devem ter a prerrogativa [&hellip;]<\/p>\n","protected":false},"author":2,"featured_media":29043,"comment_status":"open","ping_status":"open","sticky":false,"template":"","format":"standard","meta":{"_jetpack_memberships_contains_paid_content":false,"footnotes":""},"categories":[46],"tags":[],"class_list":["post-29042","post","type-post","status-publish","format-standard","has-post-thumbnail","hentry","category-noticia"],"aioseo_notices":[],"jetpack_featured_media_url":"https:\/\/i0.wp.com\/minutobahia24h.com.br\/wp-content\/uploads\/2025\/05\/Sem-titulo-158.jpg?fit=1200%2C675&ssl=1","jetpack_sharing_enabled":true,"_links":{"self":[{"href":"https:\/\/minutobahia24h.com.br\/index.php?rest_route=\/wp\/v2\/posts\/29042","targetHints":{"allow":["GET"]}}],"collection":[{"href":"https:\/\/minutobahia24h.com.br\/index.php?rest_route=\/wp\/v2\/posts"}],"about":[{"href":"https:\/\/minutobahia24h.com.br\/index.php?rest_route=\/wp\/v2\/types\/post"}],"author":[{"embeddable":true,"href":"https:\/\/minutobahia24h.com.br\/index.php?rest_route=\/wp\/v2\/users\/2"}],"replies":[{"embeddable":true,"href":"https:\/\/minutobahia24h.com.br\/index.php?rest_route=%2Fwp%2Fv2%2Fcomments&post=29042"}],"version-history":[{"count":1,"href":"https:\/\/minutobahia24h.com.br\/index.php?rest_route=\/wp\/v2\/posts\/29042\/revisions"}],"predecessor-version":[{"id":29044,"href":"https:\/\/minutobahia24h.com.br\/index.php?rest_route=\/wp\/v2\/posts\/29042\/revisions\/29044"}],"wp:featuredmedia":[{"embeddable":true,"href":"https:\/\/minutobahia24h.com.br\/index.php?rest_route=\/wp\/v2\/media\/29043"}],"wp:attachment":[{"href":"https:\/\/minutobahia24h.com.br\/index.php?rest_route=%2Fwp%2Fv2%2Fmedia&parent=29042"}],"wp:term":[{"taxonomy":"category","embeddable":true,"href":"https:\/\/minutobahia24h.com.br\/index.php?rest_route=%2Fwp%2Fv2%2Fcategories&post=29042"},{"taxonomy":"post_tag","embeddable":true,"href":"https:\/\/minutobahia24h.com.br\/index.php?rest_route=%2Fwp%2Fv2%2Ftags&post=29042"}],"curies":[{"name":"wp","href":"https:\/\/api.w.org\/{rel}","templated":true}]}}