{"id":29021,"date":"2025-05-13T07:18:46","date_gmt":"2025-05-13T10:18:46","guid":{"rendered":"https:\/\/minutobahia24h.com.br\/?p=29021"},"modified":"2025-05-13T07:18:48","modified_gmt":"2025-05-13T10:18:48","slug":"moraes-nega-suspensao-de-processo-contra-carla-zambelli-por-invasao-ao-sistema-do-cnj","status":"publish","type":"post","link":"https:\/\/minutobahia24h.com.br\/?p=29021","title":{"rendered":"Moraes nega suspens\u00e3o de processo contra Carla Zambelli por invas\u00e3o ao sistema do CNJ"},"content":{"rendered":"<div class=\"wp-block-image\">\n<figure class=\"aligncenter size-full\"><img data-recalc-dims=\"1\" fetchpriority=\"high\" decoding=\"async\" width=\"599\" height=\"418\" src=\"https:\/\/i0.wp.com\/minutobahia24h.com.br\/wp-content\/uploads\/2025\/05\/Sem-titulo-151.jpg?resize=599%2C418&#038;ssl=1\" alt=\"\" class=\"wp-image-29022\" srcset=\"https:\/\/i0.wp.com\/minutobahia24h.com.br\/wp-content\/uploads\/2025\/05\/Sem-titulo-151.jpg?w=599&amp;ssl=1 599w, https:\/\/i0.wp.com\/minutobahia24h.com.br\/wp-content\/uploads\/2025\/05\/Sem-titulo-151.jpg?resize=300%2C209&amp;ssl=1 300w\" sizes=\"(max-width: 599px) 100vw, 599px\" \/><figcaption class=\"wp-element-caption\">Foto: Nilson Bastian I C\u00e2mara dos Deputados<br><\/figcaption><\/figure>\n<\/div>\n\n\n<p>O ministro Alexandre de Moraes, do Supremo Tribunal Federal (STF), rejeitou nesta segunda-feira (12) o pedido da defesa da deputada Carla Zambelli (PL-SP) para suspender o processo que pode lev\u00e1-la \u00e0 condena\u00e7\u00e3o por envolvimento na invas\u00e3o ao sistema eletr\u00f4nico do Conselho Nacional de Justi\u00e7a (CNJ), em 2023.<\/p>\n\n\n\n<p><strong>Deputada pode pegar 10 anos de pris\u00e3o<\/strong><\/p>\n\n\n\n<p>O julgamento virtual foi iniciado na sexta-feira (9) pela Primeira Turma do STF, que j\u00e1 formou maioria de 4 votos a 0 para condenar a parlamentar a 10 anos de pris\u00e3o. Falta apenas o voto do ministro Luiz Fux para encerrar a an\u00e1lise.<\/p>\n\n\n\n<p>A defesa de Zambelli argumentou que o caso deveria ser suspenso com base no mesmo entendimento que resultou no trancamento parcial da a\u00e7\u00e3o penal contra o deputado Alexandre Ramagem (PL-RJ). A lideran\u00e7a do PL tamb\u00e9m solicitou \u00e0 C\u00e2mara dos Deputados a interrup\u00e7\u00e3o do processo, alegando prerrogativa constitucional.<\/p>\n\n\n\n<p>No entanto, Moraes destacou que o Artigo 53 da Constitui\u00e7\u00e3o \u2014 que permite ao Congresso suspender a\u00e7\u00f5es penais contra parlamentares por crimes cometidos ap\u00f3s a diploma\u00e7\u00e3o \u2014 n\u00e3o se aplica ao caso de Zambelli. Segundo o ministro, as supostas condutas ocorreram antes da diploma\u00e7\u00e3o do atual mandato, em dezembro de 2022. A Procuradoria-Geral da Rep\u00fablica (PGR) aponta que as tratativas com o hacker Walter Delgatti come\u00e7aram em agosto de 2022.<\/p>\n\n\n\n<p>\u201cNa presente hip\u00f3tese, al\u00e9m do fato de inexistir qualquer pronunciamento da C\u00e2mara dos Deputados, nenhum dos requisitos constitucionais para a aplica\u00e7\u00e3o do \u00a7 3\u00ba do artigo 53 da Constitui\u00e7\u00e3o Federal est\u00e1 presente\u201d, escreveu Moraes.<\/p>\n\n\n\n<p><strong>Zambelli \u00e9 acusada de articular emiss\u00e3o de mandado falso contra Moraes<\/strong><\/p>\n\n\n\n<p>De acordo com a den\u00fancia da PGR, Zambelli teria sido a mandante da invas\u00e3o ao sistema do CNJ para forjar um mandado de pris\u00e3o contra o pr\u00f3prio Moraes. Walter Delgatti, que executou o hackeamento, afirmou que agiu a mando da deputada. A defesa de Zambelli nega a acusa\u00e7\u00e3o e acusa o hacker de mentir, enquanto os advogados de Delgatti reafirmam que ele apenas seguiu ordens da parlamentar.<\/p>\n\n\n\n<p>Bahia.ba<\/p>\n","protected":false},"excerpt":{"rendered":"<p>O ministro Alexandre de Moraes, do Supremo Tribunal Federal (STF), rejeitou nesta segunda-feira (12) o pedido da defesa da deputada Carla Zambelli (PL-SP) para suspender o processo que pode lev\u00e1-la \u00e0 condena\u00e7\u00e3o por envolvimento na invas\u00e3o ao sistema eletr\u00f4nico do Conselho Nacional de Justi\u00e7a (CNJ), em 2023. Deputada pode pegar 10 anos de pris\u00e3o O [&hellip;]<\/p>\n","protected":false},"author":2,"featured_media":29022,"comment_status":"open","ping_status":"open","sticky":false,"template":"","format":"standard","meta":{"_jetpack_memberships_contains_paid_content":false,"footnotes":""},"categories":[39],"tags":[],"class_list":["post-29021","post","type-post","status-publish","format-standard","has-post-thumbnail","hentry","category-politica"],"aioseo_notices":[],"jetpack_featured_media_url":"https:\/\/i0.wp.com\/minutobahia24h.com.br\/wp-content\/uploads\/2025\/05\/Sem-titulo-151.jpg?fit=599%2C418&ssl=1","jetpack_sharing_enabled":true,"_links":{"self":[{"href":"https:\/\/minutobahia24h.com.br\/index.php?rest_route=\/wp\/v2\/posts\/29021","targetHints":{"allow":["GET"]}}],"collection":[{"href":"https:\/\/minutobahia24h.com.br\/index.php?rest_route=\/wp\/v2\/posts"}],"about":[{"href":"https:\/\/minutobahia24h.com.br\/index.php?rest_route=\/wp\/v2\/types\/post"}],"author":[{"embeddable":true,"href":"https:\/\/minutobahia24h.com.br\/index.php?rest_route=\/wp\/v2\/users\/2"}],"replies":[{"embeddable":true,"href":"https:\/\/minutobahia24h.com.br\/index.php?rest_route=%2Fwp%2Fv2%2Fcomments&post=29021"}],"version-history":[{"count":1,"href":"https:\/\/minutobahia24h.com.br\/index.php?rest_route=\/wp\/v2\/posts\/29021\/revisions"}],"predecessor-version":[{"id":29023,"href":"https:\/\/minutobahia24h.com.br\/index.php?rest_route=\/wp\/v2\/posts\/29021\/revisions\/29023"}],"wp:featuredmedia":[{"embeddable":true,"href":"https:\/\/minutobahia24h.com.br\/index.php?rest_route=\/wp\/v2\/media\/29022"}],"wp:attachment":[{"href":"https:\/\/minutobahia24h.com.br\/index.php?rest_route=%2Fwp%2Fv2%2Fmedia&parent=29021"}],"wp:term":[{"taxonomy":"category","embeddable":true,"href":"https:\/\/minutobahia24h.com.br\/index.php?rest_route=%2Fwp%2Fv2%2Fcategories&post=29021"},{"taxonomy":"post_tag","embeddable":true,"href":"https:\/\/minutobahia24h.com.br\/index.php?rest_route=%2Fwp%2Fv2%2Ftags&post=29021"}],"curies":[{"name":"wp","href":"https:\/\/api.w.org\/{rel}","templated":true}]}}