{"id":29015,"date":"2025-05-13T07:16:16","date_gmt":"2025-05-13T10:16:16","guid":{"rendered":"https:\/\/minutobahia24h.com.br\/?p=29015"},"modified":"2025-05-13T07:16:18","modified_gmt":"2025-05-13T10:16:18","slug":"nem-6x1-nem-5x2-brasileiros-querem-outro-regime-de-trabalho-diz-abras","status":"publish","type":"post","link":"https:\/\/minutobahia24h.com.br\/?p=29015","title":{"rendered":"Nem 6&#215;1, nem 5&#215;2! Brasileiros querem outro regime de trabalho, diz Abras"},"content":{"rendered":"<div class=\"wp-block-image\">\n<figure class=\"aligncenter size-large\"><img data-recalc-dims=\"1\" fetchpriority=\"high\" decoding=\"async\" width=\"800\" height=\"450\" src=\"https:\/\/i0.wp.com\/minutobahia24h.com.br\/wp-content\/uploads\/2025\/05\/Sem-titulo-149-1024x576.jpg?resize=800%2C450&#038;ssl=1\" alt=\"\" class=\"wp-image-29016\" srcset=\"https:\/\/i0.wp.com\/minutobahia24h.com.br\/wp-content\/uploads\/2025\/05\/Sem-titulo-149.jpg?resize=1024%2C576&amp;ssl=1 1024w, https:\/\/i0.wp.com\/minutobahia24h.com.br\/wp-content\/uploads\/2025\/05\/Sem-titulo-149.jpg?resize=300%2C169&amp;ssl=1 300w, https:\/\/i0.wp.com\/minutobahia24h.com.br\/wp-content\/uploads\/2025\/05\/Sem-titulo-149.jpg?resize=768%2C432&amp;ssl=1 768w, https:\/\/i0.wp.com\/minutobahia24h.com.br\/wp-content\/uploads\/2025\/05\/Sem-titulo-149.jpg?resize=750%2C422&amp;ssl=1 750w, https:\/\/i0.wp.com\/minutobahia24h.com.br\/wp-content\/uploads\/2025\/05\/Sem-titulo-149.jpg?resize=1140%2C641&amp;ssl=1 1140w, https:\/\/i0.wp.com\/minutobahia24h.com.br\/wp-content\/uploads\/2025\/05\/Sem-titulo-149.jpg?w=1200&amp;ssl=1 1200w\" sizes=\"(max-width: 800px) 100vw, 800px\" \/><figcaption class=\"wp-element-caption\">Regime de trabalho poder\u00e1 passar por altera\u00e7\u00f5es &#8211;\u00a0Foto: Reprodu\u00e7\u00e3o | Ag\u00eancia Brasil<br><\/figcaption><\/figure>\n<\/div>\n\n\n<p>Durante a abertura do Apas Show, maior feira de alimentos e bebidas da Am\u00e9rica Latina, representantes do setor supermercadista comentaram sobre o&nbsp;<a href=\"https:\/\/atarde.com.br\/politica\/fim-da-escala-6x1-presidente-da-ccj-diz-que-priorizara-pec-na-camara-1316370\" target=\"_blank\" rel=\"noreferrer noopener\">debate atual que envolve os trabalhadores brasileiros<\/a>. Foi discutido, principalmente, sobre o fato de os mais jovens desejarem&nbsp;<strong>liberdade para escolher como e quando trabalhar<\/strong>.<\/p>\n\n\n\n<p>Segundo a Associa\u00e7\u00e3o Brasileira de Supermercados (Abras), o modelo tradicional de jornada fixa est\u00e1 perdendo for\u00e7a, e a contrata\u00e7\u00e3o por hora surge como uma alternativa promissora.<\/p>\n\n\n\n<p>O presidente da Associa\u00e7\u00e3o Paulista de Supermercados (Apas), Erlon Ortega, afirmou que, atualmente, h\u00e1 cerca de 35 mil vagas abertas no setor apenas no estado de S\u00e3o Paulo. O problema? A dificuldade de preencher esses postos.<\/p>\n\n\n\n<p>&#8220;O jovem n\u00e3o quer mais o modelo antigo de trabalho. Ele quer mais flexibilidade, mais liberdade&#8221;, disse Ortega, defendendo o modelo horista como caminho vi\u00e1vel para atender essa nova demanda da for\u00e7a de trabalho.<\/p>\n\n\n\n<p>Ortega tamb\u00e9m destacou que os supermercados deveriam ser reconhecidos como servi\u00e7os essenciais, sobretudo ap\u00f3s o papel fundamental que desempenharam durante a pandemia. \u201cSomos essenciais para o abastecimento desse pa\u00eds e mostramos isso na pr\u00e1tica\u201d, refor\u00e7ou.<\/p>\n\n\n\n<p>A fala \u00e9 enaltecida por Jo\u00e3o Galassi, presidente da Abras, que argumenta que nem os modelos 6&#215;1, 5&#215;2 ou 4&#215;3 atendem mais aos interesses dos trabalhadores.<\/p>\n\n\n\n<p>\u201cO que \u00e9 melhor para os nossos colaboradores \u00e9 a liberdade de poder escolher sua jornada de trabalho. Isso s\u00f3 ser\u00e1 poss\u00edvel com a liberdade de ser contratado por hora\u201d, defendeu.<\/p>\n\n\n\n<p>Segundo Galassi, o contrato por hora n\u00e3o s\u00f3 traz benef\u00edcios ao trabalhador, como tamb\u00e9m ao empregador. Ele garante que a modalidade pode ser formalizada com carteira assinada, mantendo os direitos trabalhistas proporcionais, como f\u00e9rias, FGTS e 13\u00ba sal\u00e1rio.<\/p>\n\n\n\n<p>Al\u00e9m disso, afirma que o modelo oferece ao funcion\u00e1rio a possibilidade de decidir sua pr\u00f3pria carga hor\u00e1ria de acordo com seus objetivos pessoais. \u201cEla tem que ter o direito de garantir sua ambi\u00e7\u00e3o pessoal, de escolher se quer ganhar mais ou menos. \u00c9 o mesmo princ\u00edpio da flexibilidade dos motoristas de aplicativo\u201d, comparou.<\/p>\n\n\n\n<h2 class=\"wp-block-heading\">Entidades apontam riscos sobre regime de trabalho<\/h2>\n\n\n\n<p>Apesar do entusiasmo do setor supermercadista, o contrato por hora n\u00e3o \u00e9 consenso. A modalidade est\u00e1 prevista na reforma trabalhista de 2017, que foi confirmada como constitucional pelo Supremo Tribunal Federal (STF) em 2024. No entanto, entidades que representam categorias como frentistas e operadores de telemarketing continuam cr\u00edticas ao modelo.<\/p>\n\n\n\n<p>Para essas organiza\u00e7\u00f5es, o contrato intermitente, modalidade que permite pagamento por hora ou dia trabalhado, favorece a precariza\u00e7\u00e3o do trabalho, com rendimentos abaixo do sal\u00e1rio m\u00ednimo e dificuldade para mobiliza\u00e7\u00e3o sindical.<\/p>\n\n\n\n<p>Cr\u00edticos apontam ainda que a imprevisibilidade da renda mensal dificulta o planejamento financeiro do trabalhador.<\/p>\n\n\n\n<p>Atarde<\/p>\n","protected":false},"excerpt":{"rendered":"<p>Durante a abertura do Apas Show, maior feira de alimentos e bebidas da Am\u00e9rica Latina, representantes do setor supermercadista comentaram sobre o&nbsp;debate atual que envolve os trabalhadores brasileiros. Foi discutido, principalmente, sobre o fato de os mais jovens desejarem&nbsp;liberdade para escolher como e quando trabalhar. Segundo a Associa\u00e7\u00e3o Brasileira de Supermercados (Abras), o modelo tradicional [&hellip;]<\/p>\n","protected":false},"author":2,"featured_media":29016,"comment_status":"open","ping_status":"open","sticky":false,"template":"","format":"standard","meta":{"_jetpack_memberships_contains_paid_content":false,"footnotes":""},"categories":[19],"tags":[],"class_list":["post-29015","post","type-post","status-publish","format-standard","has-post-thumbnail","hentry","category-economia"],"aioseo_notices":[],"jetpack_featured_media_url":"https:\/\/i0.wp.com\/minutobahia24h.com.br\/wp-content\/uploads\/2025\/05\/Sem-titulo-149.jpg?fit=1200%2C675&ssl=1","jetpack_sharing_enabled":true,"_links":{"self":[{"href":"https:\/\/minutobahia24h.com.br\/index.php?rest_route=\/wp\/v2\/posts\/29015","targetHints":{"allow":["GET"]}}],"collection":[{"href":"https:\/\/minutobahia24h.com.br\/index.php?rest_route=\/wp\/v2\/posts"}],"about":[{"href":"https:\/\/minutobahia24h.com.br\/index.php?rest_route=\/wp\/v2\/types\/post"}],"author":[{"embeddable":true,"href":"https:\/\/minutobahia24h.com.br\/index.php?rest_route=\/wp\/v2\/users\/2"}],"replies":[{"embeddable":true,"href":"https:\/\/minutobahia24h.com.br\/index.php?rest_route=%2Fwp%2Fv2%2Fcomments&post=29015"}],"version-history":[{"count":1,"href":"https:\/\/minutobahia24h.com.br\/index.php?rest_route=\/wp\/v2\/posts\/29015\/revisions"}],"predecessor-version":[{"id":29017,"href":"https:\/\/minutobahia24h.com.br\/index.php?rest_route=\/wp\/v2\/posts\/29015\/revisions\/29017"}],"wp:featuredmedia":[{"embeddable":true,"href":"https:\/\/minutobahia24h.com.br\/index.php?rest_route=\/wp\/v2\/media\/29016"}],"wp:attachment":[{"href":"https:\/\/minutobahia24h.com.br\/index.php?rest_route=%2Fwp%2Fv2%2Fmedia&parent=29015"}],"wp:term":[{"taxonomy":"category","embeddable":true,"href":"https:\/\/minutobahia24h.com.br\/index.php?rest_route=%2Fwp%2Fv2%2Fcategories&post=29015"},{"taxonomy":"post_tag","embeddable":true,"href":"https:\/\/minutobahia24h.com.br\/index.php?rest_route=%2Fwp%2Fv2%2Ftags&post=29015"}],"curies":[{"name":"wp","href":"https:\/\/api.w.org\/{rel}","templated":true}]}}