{"id":29009,"date":"2025-05-13T07:13:40","date_gmt":"2025-05-13T10:13:40","guid":{"rendered":"https:\/\/minutobahia24h.com.br\/?p=29009"},"modified":"2025-05-13T07:13:42","modified_gmt":"2025-05-13T10:13:42","slug":"governo-anuncia-consorcio-que-vai-fazer-reforma-e-ampliacao-de-aeroporto-de-barreiras","status":"publish","type":"post","link":"https:\/\/minutobahia24h.com.br\/?p=29009","title":{"rendered":"Governo anuncia cons\u00f3rcio que vai fazer reforma e amplia\u00e7\u00e3o de aeroporto de Barreiras"},"content":{"rendered":"<div class=\"wp-block-image\">\n<figure class=\"aligncenter size-large\"><img data-recalc-dims=\"1\" fetchpriority=\"high\" decoding=\"async\" width=\"800\" height=\"420\" src=\"https:\/\/i0.wp.com\/minutobahia24h.com.br\/wp-content\/uploads\/2025\/05\/Sem-titulo-147-1024x538.jpg?resize=800%2C420&#038;ssl=1\" alt=\"\" class=\"wp-image-29010\" srcset=\"https:\/\/i0.wp.com\/minutobahia24h.com.br\/wp-content\/uploads\/2025\/05\/Sem-titulo-147.jpg?resize=1024%2C538&amp;ssl=1 1024w, https:\/\/i0.wp.com\/minutobahia24h.com.br\/wp-content\/uploads\/2025\/05\/Sem-titulo-147.jpg?resize=300%2C158&amp;ssl=1 300w, https:\/\/i0.wp.com\/minutobahia24h.com.br\/wp-content\/uploads\/2025\/05\/Sem-titulo-147.jpg?resize=768%2C403&amp;ssl=1 768w, https:\/\/i0.wp.com\/minutobahia24h.com.br\/wp-content\/uploads\/2025\/05\/Sem-titulo-147.jpg?resize=750%2C394&amp;ssl=1 750w, https:\/\/i0.wp.com\/minutobahia24h.com.br\/wp-content\/uploads\/2025\/05\/Sem-titulo-147.jpg?resize=1140%2C599&amp;ssl=1 1140w, https:\/\/i0.wp.com\/minutobahia24h.com.br\/wp-content\/uploads\/2025\/05\/Sem-titulo-147.jpg?w=1200&amp;ssl=1 1200w\" sizes=\"(max-width: 800px) 100vw, 800px\" \/><figcaption class=\"wp-element-caption\">Foto: Reprodu\u00e7\u00e3o \/ Minist\u00e9rio dos Transportes<br><\/figcaption><\/figure>\n<\/div>\n\n\n<p class=\"has-text-align-justify\">O governo do Estado anunciou nesta segunda-feira (12) quem far\u00e1 a reforma do aeroporto de\u00a0<a href=\"https:\/\/www.bahianoticias.com.br\/tags\/barreiras\" target=\"_blank\" rel=\"noreferrer noopener\">Barreiras<\/a>, no Extremo Oeste baiano. A requalifica\u00e7\u00e3o do terminal \u00e9 umas das grandes reivindica\u00e7\u00f5es do setor produtivo da regi\u00e3o. As obras devem contemplar a elabora\u00e7\u00e3o de projetos b\u00e1sicos e a constru\u00e7\u00e3o do terminal de passageiros, al\u00e9m de edifica\u00e7\u00f5es auxiliares. Em fevereiro deste ano, o\u00a0<a href=\"https:\/\/www.bahianoticias.com.br\/municipios\/noticia\/43997-prefeito-de-barreiras-considera-atraso-em-reforma-de-aeroporto-como-entrave-para-desenvolvimento\" target=\"_blank\" rel=\"noreferrer noopener\">prefeito de Barreiras, Otoniel Teixeira (Uni\u00e3o)<\/a>, declarou que a demora na reforma do aeroporto prejudicava a regi\u00e3o, de 37 munic\u00edpios.<\/p>\n\n\n\n<p class=\"has-text-align-justify\">Segundo a Secretaria de Infraestrutura Estadual (Seinfra), a reforma e amplia\u00e7\u00e3o ser\u00e3o feitas pelo Cons\u00f3rcio Projetista Barreiras, formado pelas empresas P\u00f3rtico Constru\u00e7\u00f5es LTDA, Eterc Engenharia LTDA, EBSA Empresa Brasileira de Solu\u00e7\u00f5es Portur\u00e1rias LTDA e UFC Engenharia S\/A. Ainda segundo o governo, a licita\u00e7\u00e3o levou em considera\u00e7\u00e3o os crit\u00e9rios t\u00e9cnico e econ\u00f4mico. O valor total dispendido ser\u00e1 de R$ 19,3 milh\u00f5es.\u00a0<\/p>\n\n\n\n<p>BN<\/p>\n","protected":false},"excerpt":{"rendered":"<p>O governo do Estado anunciou nesta segunda-feira (12) quem far\u00e1 a reforma do aeroporto de\u00a0Barreiras, no Extremo Oeste baiano. A requalifica\u00e7\u00e3o do terminal \u00e9 umas das grandes reivindica\u00e7\u00f5es do setor produtivo da regi\u00e3o. As obras devem contemplar a elabora\u00e7\u00e3o de projetos b\u00e1sicos e a constru\u00e7\u00e3o do terminal de passageiros, al\u00e9m de edifica\u00e7\u00f5es auxiliares. Em fevereiro [&hellip;]<\/p>\n","protected":false},"author":2,"featured_media":29010,"comment_status":"open","ping_status":"open","sticky":false,"template":"","format":"standard","meta":{"_jetpack_memberships_contains_paid_content":false,"footnotes":""},"categories":[46],"tags":[],"class_list":["post-29009","post","type-post","status-publish","format-standard","has-post-thumbnail","hentry","category-noticia"],"aioseo_notices":[],"jetpack_featured_media_url":"https:\/\/i0.wp.com\/minutobahia24h.com.br\/wp-content\/uploads\/2025\/05\/Sem-titulo-147.jpg?fit=1200%2C630&ssl=1","jetpack_sharing_enabled":true,"_links":{"self":[{"href":"https:\/\/minutobahia24h.com.br\/index.php?rest_route=\/wp\/v2\/posts\/29009","targetHints":{"allow":["GET"]}}],"collection":[{"href":"https:\/\/minutobahia24h.com.br\/index.php?rest_route=\/wp\/v2\/posts"}],"about":[{"href":"https:\/\/minutobahia24h.com.br\/index.php?rest_route=\/wp\/v2\/types\/post"}],"author":[{"embeddable":true,"href":"https:\/\/minutobahia24h.com.br\/index.php?rest_route=\/wp\/v2\/users\/2"}],"replies":[{"embeddable":true,"href":"https:\/\/minutobahia24h.com.br\/index.php?rest_route=%2Fwp%2Fv2%2Fcomments&post=29009"}],"version-history":[{"count":1,"href":"https:\/\/minutobahia24h.com.br\/index.php?rest_route=\/wp\/v2\/posts\/29009\/revisions"}],"predecessor-version":[{"id":29011,"href":"https:\/\/minutobahia24h.com.br\/index.php?rest_route=\/wp\/v2\/posts\/29009\/revisions\/29011"}],"wp:featuredmedia":[{"embeddable":true,"href":"https:\/\/minutobahia24h.com.br\/index.php?rest_route=\/wp\/v2\/media\/29010"}],"wp:attachment":[{"href":"https:\/\/minutobahia24h.com.br\/index.php?rest_route=%2Fwp%2Fv2%2Fmedia&parent=29009"}],"wp:term":[{"taxonomy":"category","embeddable":true,"href":"https:\/\/minutobahia24h.com.br\/index.php?rest_route=%2Fwp%2Fv2%2Fcategories&post=29009"},{"taxonomy":"post_tag","embeddable":true,"href":"https:\/\/minutobahia24h.com.br\/index.php?rest_route=%2Fwp%2Fv2%2Ftags&post=29009"}],"curies":[{"name":"wp","href":"https:\/\/api.w.org\/{rel}","templated":true}]}}