{"id":28998,"date":"2025-05-13T07:09:39","date_gmt":"2025-05-13T10:09:39","guid":{"rendered":"https:\/\/minutobahia24h.com.br\/?p=28998"},"modified":"2025-05-13T07:09:41","modified_gmt":"2025-05-13T10:09:41","slug":"vitoria-126-anos-rubro-negro-comemora-aniversario-vivendo-periodo-de-reconstrucao","status":"publish","type":"post","link":"https:\/\/minutobahia24h.com.br\/?p=28998","title":{"rendered":"Vit\u00f3ria 126 anos: Rubro-Negro comemora anivers\u00e1rio vivendo per\u00edodo de reconstru\u00e7\u00e3o"},"content":{"rendered":"<div class=\"wp-block-image\">\n<figure class=\"aligncenter size-large\"><img data-recalc-dims=\"1\" fetchpriority=\"high\" decoding=\"async\" width=\"800\" height=\"420\" src=\"https:\/\/i0.wp.com\/minutobahia24h.com.br\/wp-content\/uploads\/2025\/05\/Sem-titulo-144-1024x538.jpg?resize=800%2C420&#038;ssl=1\" alt=\"\" class=\"wp-image-28999\" srcset=\"https:\/\/i0.wp.com\/minutobahia24h.com.br\/wp-content\/uploads\/2025\/05\/Sem-titulo-144.jpg?resize=1024%2C538&amp;ssl=1 1024w, https:\/\/i0.wp.com\/minutobahia24h.com.br\/wp-content\/uploads\/2025\/05\/Sem-titulo-144.jpg?resize=300%2C158&amp;ssl=1 300w, https:\/\/i0.wp.com\/minutobahia24h.com.br\/wp-content\/uploads\/2025\/05\/Sem-titulo-144.jpg?resize=768%2C403&amp;ssl=1 768w, https:\/\/i0.wp.com\/minutobahia24h.com.br\/wp-content\/uploads\/2025\/05\/Sem-titulo-144.jpg?resize=750%2C394&amp;ssl=1 750w, https:\/\/i0.wp.com\/minutobahia24h.com.br\/wp-content\/uploads\/2025\/05\/Sem-titulo-144.jpg?resize=1140%2C599&amp;ssl=1 1140w, https:\/\/i0.wp.com\/minutobahia24h.com.br\/wp-content\/uploads\/2025\/05\/Sem-titulo-144.jpg?w=1200&amp;ssl=1 1200w\" sizes=\"(max-width: 800px) 100vw, 800px\" \/><figcaption class=\"wp-element-caption\">Foto: Victor Ferreira\/EC Vit\u00f3ria<br><\/figcaption><\/figure>\n<\/div>\n\n\n<p><a href=\"https:\/\/www.bahianoticias.com.br\/esportes\/vitoria\/29458-renato-kayzer-tem-noite-de-gala-na-estreia-e-comanda-virada-heroica-do-vitoria-sobre-o-vasco\" target=\"_blank\" rel=\"noreferrer noopener\">A \u00e9pica virada por 2 a 1 diante do Vasco, no \u00faltimo s\u00e1bado (10), no Barrad\u00e3o, pela 8\u00aa rodada do Campeonato Brasileiro<\/a>,\u00a0serviu como uma esp\u00e9cie de presente antecipado para o Vit\u00f3ria, que completa 126 anos\u00a0nesta ter\u00e7a-feira (13).<\/p>\n\n\n\n<p>Fundado em 13 de maio de 1899, o Rubro-Negro vive processo de reconstru\u00e7\u00e3o desde a queda para S\u00e9rie C em 2021. Ap\u00f3s viver um dos piores momentos da sua hist\u00f3ria, o Le\u00e3o comemorou o seu primeiro t\u00edtulo nacional em 2023, com o Campeonato Brasileiro da S\u00e9rie B,\u00a0voltou a ser campe\u00e3o baiano em 2024 e retornou ao cen\u00e1rio internacional em 2025, disputando a Copa Sul-Americana.<\/p>\n\n\n\n<p>A rica hist\u00f3ria rubro-negra come\u00e7ou no bairro do Corredor da Vit\u00f3ria,\u00a0ap\u00f3s reuni\u00e3o dos irm\u00e3os Arthur e Arth\u00eamio Valente. Inicialmente batizado como Club de Cricket Vict\u00f3ria, o futebol foi adotado em 1902, com outros esportes como nata\u00e7\u00e3o, atletismo e remo.<\/p>\n\n\n\n<p>Clube mais antigo do Nordeste e primeiro a ser fundado apenas por brasileiros, o Vit\u00f3ria, al\u00e9m da S\u00e9rie B de 2023, tem entre suas principais conquistas 30 t\u00edtulos Campeonato Baianos e quatro ta\u00e7as Copas do Nordeste, em 1997, 1999, 2003 e 2010. O Le\u00e3o ainda conta o Torneio Jos\u00e9 Am\u00e9rico de Almeida Filho, vencido em 1976, como mais um t\u00edtulo regional, por\u00e9m sem reconhecimento da CBF (Confedera\u00e7\u00e3o Brasileira de Futebol).\u00a0<\/p>\n\n\n\n<p>Entre outras campanhas hist\u00f3ricas do Le\u00e3o, destaca-se o vice-campeonato brasileiro de 1993 e o vice da Copa do Brasil de 2010, o terceiro lugar em 1999 e o quinto lugar de 2013, no Campeonato Brasileiro.\u00a0<\/p>\n\n\n\n<p>Na galeria dos seus maiores \u00eddolos, o Rubro-Negro conta com nomes como Ramon Menezes, Andr\u00e9 Catimba, M\u00e1rio S\u00e9rgio, Ricky, Petkovic, Vi\u00e1fara, Neto Baiano, Vanderson, Osni, entre outros grandes jogadores. Al\u00e9m de t\u00edtulos, a &#8220;F\u00e1brica de Talentos&#8221;, como \u00e9 conhecida a divis\u00e3o de base rubro-negra, revelou nomes relevantes para o futebol mundial como Bebeto, Dida, Vampeta, J\u00fanior Nagata, David Luiz, Hulk, F\u00e1bio Costa, Rodrigo Chagas, Gabriel Paulista, Elkeson etc.\u00a0<\/p>\n\n\n<div class=\"wp-block-image\">\n<figure class=\"aligncenter size-full\"><img data-recalc-dims=\"1\" decoding=\"async\" data-src=\"https:\/\/i0.wp.com\/minutobahia24h.com.br\/wp-content\/uploads\/2025\/05\/image-5.jpg?w=800&#038;ssl=1\" alt=\"\" class=\"wp-image-29001 lazyload\" src=\"data:image\/gif;base64,R0lGODlhAQABAAAAACH5BAEKAAEALAAAAAABAAEAAAICTAEAOw==\" \/><noscript><img data-recalc-dims=\"1\" decoding=\"async\" src=\"https:\/\/i0.wp.com\/minutobahia24h.com.br\/wp-content\/uploads\/2025\/05\/image-5.jpg?w=800&#038;ssl=1\" alt=\"\" class=\"wp-image-29001\"\/><\/noscript><figcaption class=\"wp-element-caption\"><em>Torcida do Vit\u00f3ria comemora o primeiro t\u00edtulo nacional da sua hist\u00f3ria, em 2023 |\u00a0Foto: Victor Ferreira\/EC Vit\u00f3ria\u00a0<\/em><\/figcaption><\/figure>\n<\/div>\n\n\n<p><a href=\"https:\/\/www.bahianoticias.com.br\/fotos\/esportes_vitorias\/29467\/mg\/53359578849_02e3105d7c_o%20(1).jpg\" target=\"_blank\" rel=\"noreferrer noopener\"><\/a><\/p>\n\n\n\n<p>BARRAD\u00c3O MARCO HIST\u00d3RICO\u00a0<br>Uma das mudan\u00e7as de chave na hist\u00f3ria do Vit\u00f3ria foi o surgimento do Est\u00e1dio Manoel Barradas, o Barrad\u00e3o. Ap\u00f3s inaugura\u00e7\u00e3o do est\u00e1dio em 1986, o Le\u00e3o venceu 23 dos seus 30 t\u00edtulos baianos, al\u00e9m das quatro Copas do Nordeste e a S\u00e9rie B do Campeonato Brasileiro.<\/p>\n\n\n\n<p>O est\u00e1dio, localizado no bairro de Canabrava, foi constru\u00eddo onde ficava o aterro sanit\u00e1rio da cidade e hoje faz parte do complexo esportivo Benedito Dourado da Luz, que conta com seis campos do Centro de Treinamento Manoel Pontes Tanajura, a Academia do Le\u00e3o e duas concentra\u00e7\u00f5es: a de futebol profissional, Vidigal Guimar\u00e3es, e a de futebol amador, Raimundo Rocha Pires.<\/p>\n\n\n\n<p>SAF E FUTURO\u00a0<br>No fim de 2024,\u00a0<a href=\"https:\/\/www.bahianoticias.com.br\/esportes\/vitoria\/29424-video-fabio-mota-revela-andamento-da-saf-do-vitoria-proxima-reuniao-sera-no-dia-8\" target=\"_blank\" rel=\"noreferrer noopener\">o Vit\u00f3ria iniciou o processo para implementar o modelo de SAF (Sociedade An\u00f4nima do Futebol)<\/a>. O Le\u00e3o firmou parceria com a CSMV Advogados, especialista em SAFs e representada por Andr\u00e9 Sica, que apresentou um cronograma para desenvolvimento do projeto.<\/p>\n\n\n\n<p>&#8220;Eu sempre disse que n\u00e3o havia motivo para um time na S\u00e9rie C virar SAF. Isso s\u00f3 beneficia quem comprasse a agremia\u00e7\u00e3o, que ia comprar barato, chegaria na S\u00e9rie A como chegou e ganharia quem fez o investimento na S\u00e9rie C. Sempre fui contra SAF na S\u00e9rie C e na S\u00e9rie B. Eu sou a favor de debater a SAF. Hoje o Vit\u00f3ria \u00e9 uma institui\u00e7\u00e3o respeitada e temos que ter cuidado porque deu muito trabalho para chegar at\u00e9 aqui&#8221;, disse F\u00e1bio Mota, presidente do Vit\u00f3ria.\u00a0<\/p>\n\n\n<div class=\"wp-block-image\">\n<figure class=\"aligncenter size-full\"><img data-recalc-dims=\"1\" decoding=\"async\" data-src=\"https:\/\/i0.wp.com\/minutobahia24h.com.br\/wp-content\/uploads\/2025\/05\/image-4.jpg?w=800&#038;ssl=1\" alt=\"\" class=\"wp-image-29000 lazyload\" src=\"data:image\/gif;base64,R0lGODlhAQABAAAAACH5BAEKAAEALAAAAAABAAEAAAICTAEAOw==\" \/><noscript><img data-recalc-dims=\"1\" decoding=\"async\" src=\"https:\/\/i0.wp.com\/minutobahia24h.com.br\/wp-content\/uploads\/2025\/05\/image-4.jpg?w=800&#038;ssl=1\" alt=\"\" class=\"wp-image-29000\"\/><\/noscript><figcaption class=\"wp-element-caption\"><em>Torcida do Vit\u00f3ria comemorando no Barrad\u00e3o |\u00a0Foto: Victor Ferreira\/EC Vit\u00f3ria\u00a0<\/em><\/figcaption><\/figure>\n<\/div>\n\n\n<p><\/p>\n\n\n\n<p>TEMPORADA 2025<br>Em 2025, o Vit\u00f3ria j\u00e1 est\u00e1 classificado para as quartas de final da Copa do Nordeste, por\u00e9m amargou\u00a0a elimina\u00e7\u00e3o na Copa do Brasil ap\u00f3s derrota para o N\u00e1utico, no Barrad\u00e3o, na 2\u00aa fase da competi\u00e7\u00e3o. Al\u00e9m disso, outro resultado lamentado pela torcida rubro-negra foi a derrota na final do Campeonato Baiano diante do Bahia, em mar\u00e7o.\u00a0<\/p>\n\n\n\n<p>Na Sul-Americana, torneio que o Rubro-Negro voltou a jogar ap\u00f3s nove anos, a equipe ocupa o 3\u00aa lugar do Grupo B. Ap\u00f3s quatro rodadas, o Le\u00e3o soma tr\u00eas pontos, um a menos que o Cerro Largo, segundo colocado e advers\u00e1rio desta quarta-feira (14), no Est\u00e1dio Centen\u00e1rio, \u00e0s 21h30, no Uruguai.\u00a0<\/p>\n\n\n\n<p>Na S\u00e9rie A, ap\u00f3s oito rodadas, o time comandado pelo t\u00e9cnico Thiago Carpini est\u00e1 na 14\u00aa coloca\u00e7\u00e3o e soma nove pontos, dois a mais que o Vasco, primeiro time dentro da zona de rebaixamento. O pr\u00f3ximo desafio rubro-negro no Brasileir\u00e3o ser\u00e1 o cl\u00e1ssico diante do Bahia, neste domingo (19), \u00e0s 16h, na Casa de Apostas Arena Fonte Nova.\u00a0<\/p>\n\n\n\n<p>BN<\/p>\n","protected":false},"excerpt":{"rendered":"<p>A \u00e9pica virada por 2 a 1 diante do Vasco, no \u00faltimo s\u00e1bado (10), no Barrad\u00e3o, pela 8\u00aa rodada do Campeonato Brasileiro,\u00a0serviu como uma esp\u00e9cie de presente antecipado para o Vit\u00f3ria, que completa 126 anos\u00a0nesta ter\u00e7a-feira (13). Fundado em 13 de maio de 1899, o Rubro-Negro vive processo de reconstru\u00e7\u00e3o desde a queda para S\u00e9rie [&hellip;]<\/p>\n","protected":false},"author":2,"featured_media":28999,"comment_status":"open","ping_status":"open","sticky":false,"template":"","format":"standard","meta":{"_jetpack_memberships_contains_paid_content":false,"footnotes":""},"categories":[20],"tags":[],"class_list":["post-28998","post","type-post","status-publish","format-standard","has-post-thumbnail","hentry","category-esporte"],"aioseo_notices":[],"jetpack_featured_media_url":"https:\/\/i0.wp.com\/minutobahia24h.com.br\/wp-content\/uploads\/2025\/05\/Sem-titulo-144.jpg?fit=1200%2C630&ssl=1","jetpack_sharing_enabled":true,"_links":{"self":[{"href":"https:\/\/minutobahia24h.com.br\/index.php?rest_route=\/wp\/v2\/posts\/28998","targetHints":{"allow":["GET"]}}],"collection":[{"href":"https:\/\/minutobahia24h.com.br\/index.php?rest_route=\/wp\/v2\/posts"}],"about":[{"href":"https:\/\/minutobahia24h.com.br\/index.php?rest_route=\/wp\/v2\/types\/post"}],"author":[{"embeddable":true,"href":"https:\/\/minutobahia24h.com.br\/index.php?rest_route=\/wp\/v2\/users\/2"}],"replies":[{"embeddable":true,"href":"https:\/\/minutobahia24h.com.br\/index.php?rest_route=%2Fwp%2Fv2%2Fcomments&post=28998"}],"version-history":[{"count":1,"href":"https:\/\/minutobahia24h.com.br\/index.php?rest_route=\/wp\/v2\/posts\/28998\/revisions"}],"predecessor-version":[{"id":29002,"href":"https:\/\/minutobahia24h.com.br\/index.php?rest_route=\/wp\/v2\/posts\/28998\/revisions\/29002"}],"wp:featuredmedia":[{"embeddable":true,"href":"https:\/\/minutobahia24h.com.br\/index.php?rest_route=\/wp\/v2\/media\/28999"}],"wp:attachment":[{"href":"https:\/\/minutobahia24h.com.br\/index.php?rest_route=%2Fwp%2Fv2%2Fmedia&parent=28998"}],"wp:term":[{"taxonomy":"category","embeddable":true,"href":"https:\/\/minutobahia24h.com.br\/index.php?rest_route=%2Fwp%2Fv2%2Fcategories&post=28998"},{"taxonomy":"post_tag","embeddable":true,"href":"https:\/\/minutobahia24h.com.br\/index.php?rest_route=%2Fwp%2Fv2%2Ftags&post=28998"}],"curies":[{"name":"wp","href":"https:\/\/api.w.org\/{rel}","templated":true}]}}