{"id":28986,"date":"2025-05-13T06:53:10","date_gmt":"2025-05-13T09:53:10","guid":{"rendered":"https:\/\/minutobahia24h.com.br\/?p=28986"},"modified":"2025-05-13T06:53:11","modified_gmt":"2025-05-13T09:53:11","slug":"reporter-da-tv-bahia-denuncia-caso-de-racismo-apos-ser-confundido-com-prestador-de-servico-em-predio-da-pituba","status":"publish","type":"post","link":"https:\/\/minutobahia24h.com.br\/?p=28986","title":{"rendered":"Rep\u00f3rter da TV Bahia denuncia caso de racismo ap\u00f3s ser confundido com prestador de servi\u00e7o em pr\u00e9dio da Pituba"},"content":{"rendered":"<div class=\"wp-block-image\">\n<figure class=\"aligncenter size-large\"><img data-recalc-dims=\"1\" fetchpriority=\"high\" decoding=\"async\" width=\"800\" height=\"420\" src=\"https:\/\/i0.wp.com\/minutobahia24h.com.br\/wp-content\/uploads\/2025\/05\/Sem-titulo-140-1024x538.jpg?resize=800%2C420&#038;ssl=1\" alt=\"\" class=\"wp-image-28987\" srcset=\"https:\/\/i0.wp.com\/minutobahia24h.com.br\/wp-content\/uploads\/2025\/05\/Sem-titulo-140.jpg?resize=1024%2C538&amp;ssl=1 1024w, https:\/\/i0.wp.com\/minutobahia24h.com.br\/wp-content\/uploads\/2025\/05\/Sem-titulo-140.jpg?resize=300%2C158&amp;ssl=1 300w, https:\/\/i0.wp.com\/minutobahia24h.com.br\/wp-content\/uploads\/2025\/05\/Sem-titulo-140.jpg?resize=768%2C403&amp;ssl=1 768w, https:\/\/i0.wp.com\/minutobahia24h.com.br\/wp-content\/uploads\/2025\/05\/Sem-titulo-140.jpg?resize=750%2C394&amp;ssl=1 750w, https:\/\/i0.wp.com\/minutobahia24h.com.br\/wp-content\/uploads\/2025\/05\/Sem-titulo-140.jpg?resize=1140%2C599&amp;ssl=1 1140w, https:\/\/i0.wp.com\/minutobahia24h.com.br\/wp-content\/uploads\/2025\/05\/Sem-titulo-140.jpg?w=1200&amp;ssl=1 1200w\" sizes=\"(max-width: 800px) 100vw, 800px\" \/><figcaption class=\"wp-element-caption\">Foto: Reprodu\u00e7\u00e3o \/ Redes Sociais<br><\/figcaption><\/figure>\n<\/div>\n\n\n<p>O jornalista Felipe Oliveira, rep\u00f3rter da TV Bahia, usou suas redes sociais para relatar um epis\u00f3dio de racismo estrutural vivido por ele recentemente durante o exerc\u00edcio da profiss\u00e3o. Em v\u00eddeo publicado nesta semana, Felipe contou que foi abordado de maneira discriminat\u00f3ria ao tentar entrar em um pr\u00e9dio no bairro da Pituba, \u00e1rea nobre de Salvador, para gravar uma entrevista.<\/p>\n\n\n\n<p>\u201cEstava trabalhando, precisei gravar uma entrevista com uma pessoa que mora em um apartamento. Ao chegar na portaria, eu disse o meu primeiro nome e o n\u00famero do apartamento. E a pergunta que eu recebi foi: \u2018\u00c9 servi\u00e7o, \u00e9? Pra muita gente pode parecer uma pergunta normal, mas a gente sabe que n\u00e3o \u00e9. Isso \u00e9 o racismo estrutural\u201d, denunciou Felipe.<\/p>\n\n\n\n<p>O rep\u00f3rter refletiu que a forma como foi tratado retrata um padr\u00e3o de comportamento enraizado na sociedade, que associa automaticamente pessoas negras \u00e0 condi\u00e7\u00e3o de prestadores de servi\u00e7o em espa\u00e7os de classe m\u00e9dia alta.\u00a0<\/p>\n\n\n\n<p>\u201cProvavelmente, se fosse uma pessoa branca chegando ali no mesmo hor\u00e1rio que eu cheguei, com a roupa social como eu estava, o porteiro n\u00e3o se sentiria \u00e0 vontade para fazer essa pergunta\u201d, disse Felipe.<\/p>\n\n\n\n<p>Em seu relato, o jornalista ainda destacou como esse tipo de abordagem, embora aparentemente sutil, tem impacto profundo. \u201c\u00c9 uma coisa muito simples, mas isso \u00e9 capaz de destruir o dia de uma pessoa negra. N\u00e3o foi a primeira vez que isso aconteceu comigo, provavelmente n\u00e3o vai ser a \u00faltima.\u201d<\/p>\n\n\n\n<p>BN<\/p>\n","protected":false},"excerpt":{"rendered":"<p>O jornalista Felipe Oliveira, rep\u00f3rter da TV Bahia, usou suas redes sociais para relatar um epis\u00f3dio de racismo estrutural vivido por ele recentemente durante o exerc\u00edcio da profiss\u00e3o. Em v\u00eddeo publicado nesta semana, Felipe contou que foi abordado de maneira discriminat\u00f3ria ao tentar entrar em um pr\u00e9dio no bairro da Pituba, \u00e1rea nobre de Salvador, [&hellip;]<\/p>\n","protected":false},"author":2,"featured_media":28987,"comment_status":"open","ping_status":"open","sticky":false,"template":"","format":"standard","meta":{"_jetpack_memberships_contains_paid_content":false,"footnotes":""},"categories":[46],"tags":[],"class_list":["post-28986","post","type-post","status-publish","format-standard","has-post-thumbnail","hentry","category-noticia"],"aioseo_notices":[],"jetpack_featured_media_url":"https:\/\/i0.wp.com\/minutobahia24h.com.br\/wp-content\/uploads\/2025\/05\/Sem-titulo-140.jpg?fit=1200%2C630&ssl=1","jetpack_sharing_enabled":true,"_links":{"self":[{"href":"https:\/\/minutobahia24h.com.br\/index.php?rest_route=\/wp\/v2\/posts\/28986","targetHints":{"allow":["GET"]}}],"collection":[{"href":"https:\/\/minutobahia24h.com.br\/index.php?rest_route=\/wp\/v2\/posts"}],"about":[{"href":"https:\/\/minutobahia24h.com.br\/index.php?rest_route=\/wp\/v2\/types\/post"}],"author":[{"embeddable":true,"href":"https:\/\/minutobahia24h.com.br\/index.php?rest_route=\/wp\/v2\/users\/2"}],"replies":[{"embeddable":true,"href":"https:\/\/minutobahia24h.com.br\/index.php?rest_route=%2Fwp%2Fv2%2Fcomments&post=28986"}],"version-history":[{"count":1,"href":"https:\/\/minutobahia24h.com.br\/index.php?rest_route=\/wp\/v2\/posts\/28986\/revisions"}],"predecessor-version":[{"id":28988,"href":"https:\/\/minutobahia24h.com.br\/index.php?rest_route=\/wp\/v2\/posts\/28986\/revisions\/28988"}],"wp:featuredmedia":[{"embeddable":true,"href":"https:\/\/minutobahia24h.com.br\/index.php?rest_route=\/wp\/v2\/media\/28987"}],"wp:attachment":[{"href":"https:\/\/minutobahia24h.com.br\/index.php?rest_route=%2Fwp%2Fv2%2Fmedia&parent=28986"}],"wp:term":[{"taxonomy":"category","embeddable":true,"href":"https:\/\/minutobahia24h.com.br\/index.php?rest_route=%2Fwp%2Fv2%2Fcategories&post=28986"},{"taxonomy":"post_tag","embeddable":true,"href":"https:\/\/minutobahia24h.com.br\/index.php?rest_route=%2Fwp%2Fv2%2Ftags&post=28986"}],"curies":[{"name":"wp","href":"https:\/\/api.w.org\/{rel}","templated":true}]}}