{"id":28980,"date":"2025-05-13T06:48:41","date_gmt":"2025-05-13T09:48:41","guid":{"rendered":"https:\/\/minutobahia24h.com.br\/?p=28980"},"modified":"2025-05-13T06:48:43","modified_gmt":"2025-05-13T09:48:43","slug":"justica-eleitoral-mantem-cassacao-de-vereadores-de-piritiba-por-fraude-a-cota-de-genero","status":"publish","type":"post","link":"https:\/\/minutobahia24h.com.br\/?p=28980","title":{"rendered":"Justi\u00e7a Eleitoral mant\u00e9m cassa\u00e7\u00e3o de vereadores de Piritiba por fraude \u00e0 cota de g\u00eanero"},"content":{"rendered":"<div class=\"wp-block-image\">\n<figure class=\"aligncenter size-full\"><img data-recalc-dims=\"1\" fetchpriority=\"high\" decoding=\"async\" width=\"800\" height=\"450\" src=\"https:\/\/i0.wp.com\/minutobahia24h.com.br\/wp-content\/uploads\/2025\/05\/Sem-titulo-138.jpg?resize=800%2C450&#038;ssl=1\" alt=\"\" class=\"wp-image-28981\" srcset=\"https:\/\/i0.wp.com\/minutobahia24h.com.br\/wp-content\/uploads\/2025\/05\/Sem-titulo-138.jpg?w=888&amp;ssl=1 888w, https:\/\/i0.wp.com\/minutobahia24h.com.br\/wp-content\/uploads\/2025\/05\/Sem-titulo-138.jpg?resize=300%2C169&amp;ssl=1 300w, https:\/\/i0.wp.com\/minutobahia24h.com.br\/wp-content\/uploads\/2025\/05\/Sem-titulo-138.jpg?resize=768%2C432&amp;ssl=1 768w, https:\/\/i0.wp.com\/minutobahia24h.com.br\/wp-content\/uploads\/2025\/05\/Sem-titulo-138.jpg?resize=750%2C422&amp;ssl=1 750w\" sizes=\"(max-width: 800px) 100vw, 800px\" \/><\/figure>\n<\/div>\n\n\n<p>A Justi\u00e7a Eleitoral da 54\u00aa Zona, com sede no munic\u00edpio de Mundo Novo (BA), rejeitou os embargos de declara\u00e7\u00e3o apresentados pela Federa\u00e7\u00e3o Brasil da Esperan\u00e7a (PT, PC do B e PV) e manteve a cassa\u00e7\u00e3o dos mandatos dos vereadores Rafael Soares Dias (Rafael Nasa) e Rodrigo Pereira Rios (Rodrigo Amendoim), eleitos no munic\u00edpio de Piritiba nas elei\u00e7\u00f5es de 2024. A decis\u00e3o, proferida pela ju\u00edza eleitoral Mariana Spina Sampaio de Mattos, confirma a ocorr\u00eancia de fraude \u00e0 cota de g\u00eanero no registro das candidaturas proporcionais da federa\u00e7\u00e3o partid\u00e1ria.<\/p>\n\n\n\n<p>A fraude foi identificada por meio da candidatura fict\u00edcia de Maria Inez Almeida Viana (PC do B), que n\u00e3o recebeu votos, n\u00e3o realizou campanha e apresentou presta\u00e7\u00e3o de contas sem movimenta\u00e7\u00f5es financeiras relevantes \u2014 exceto um gasto isolado com aluguel de ve\u00edculo. A Justi\u00e7a entendeu que a candidatura serviu apenas para simular o cumprimento da cota m\u00ednima de g\u00eanero exigida pela legisla\u00e7\u00e3o eleitoral.<\/p>\n\n\n\n<p>Nos embargos de declara\u00e7\u00e3o, a federa\u00e7\u00e3o alegou omiss\u00e3o e contradi\u00e7\u00e3o na decis\u00e3o anterior. No entanto, a magistrada considerou que os pontos levantados j\u00e1 haviam sido suficientemente tratados e que n\u00e3o havia fundamento para revis\u00e3o. A ju\u00edza reafirmou que a cassa\u00e7\u00e3o atinge todos os candidatos vinculados ao Demonstrativo de Regularidade de Atos Partid\u00e1rios (DRAP) da federa\u00e7\u00e3o no munic\u00edpio, independentemente de prova de participa\u00e7\u00e3o direta na fraude.<\/p>\n\n\n\n<p>A senten\u00e7a tamb\u00e9m confirmou a inelegibilidade de Maria Inez pelo prazo de oito anos e declarou nulos os votos obtidos pela federa\u00e7\u00e3o no pleito de 2024 para o cargo de vereador em Piritiba. Como consequ\u00eancia, dever\u00e1 ser feita a recontagem dos quocientes eleitoral e partid\u00e1rio, conforme estabelece o C\u00f3digo Eleitoral.<\/p>\n\n\n\n<p>Com a rejei\u00e7\u00e3o dos embargos, a decis\u00e3o da 54\u00aa Zona Eleitoral permanece v\u00e1lida, podendo ainda ser contestada por meio de recurso junto ao Tribunal Regional Eleitoral da Bahia (TRE-BA).<\/p>\n\n\n\n<p>Blog Jacobina 24 Horas \u2013 Informa\u00e7\u00e3o na velocidade do tempo !<\/p>\n","protected":false},"excerpt":{"rendered":"<p>A Justi\u00e7a Eleitoral da 54\u00aa Zona, com sede no munic\u00edpio de Mundo Novo (BA), rejeitou os embargos de declara\u00e7\u00e3o apresentados pela Federa\u00e7\u00e3o Brasil da Esperan\u00e7a (PT, PC do B e PV) e manteve a cassa\u00e7\u00e3o dos mandatos dos vereadores Rafael Soares Dias (Rafael Nasa) e Rodrigo Pereira Rios (Rodrigo Amendoim), eleitos no munic\u00edpio de Piritiba [&hellip;]<\/p>\n","protected":false},"author":2,"featured_media":28981,"comment_status":"open","ping_status":"open","sticky":false,"template":"","format":"standard","meta":{"_jetpack_memberships_contains_paid_content":false,"footnotes":""},"categories":[3],"tags":[],"class_list":["post-28980","post","type-post","status-publish","format-standard","has-post-thumbnail","hentry","category-regional"],"aioseo_notices":[],"jetpack_featured_media_url":"https:\/\/i0.wp.com\/minutobahia24h.com.br\/wp-content\/uploads\/2025\/05\/Sem-titulo-138.jpg?fit=888%2C500&ssl=1","jetpack_sharing_enabled":true,"_links":{"self":[{"href":"https:\/\/minutobahia24h.com.br\/index.php?rest_route=\/wp\/v2\/posts\/28980","targetHints":{"allow":["GET"]}}],"collection":[{"href":"https:\/\/minutobahia24h.com.br\/index.php?rest_route=\/wp\/v2\/posts"}],"about":[{"href":"https:\/\/minutobahia24h.com.br\/index.php?rest_route=\/wp\/v2\/types\/post"}],"author":[{"embeddable":true,"href":"https:\/\/minutobahia24h.com.br\/index.php?rest_route=\/wp\/v2\/users\/2"}],"replies":[{"embeddable":true,"href":"https:\/\/minutobahia24h.com.br\/index.php?rest_route=%2Fwp%2Fv2%2Fcomments&post=28980"}],"version-history":[{"count":1,"href":"https:\/\/minutobahia24h.com.br\/index.php?rest_route=\/wp\/v2\/posts\/28980\/revisions"}],"predecessor-version":[{"id":28982,"href":"https:\/\/minutobahia24h.com.br\/index.php?rest_route=\/wp\/v2\/posts\/28980\/revisions\/28982"}],"wp:featuredmedia":[{"embeddable":true,"href":"https:\/\/minutobahia24h.com.br\/index.php?rest_route=\/wp\/v2\/media\/28981"}],"wp:attachment":[{"href":"https:\/\/minutobahia24h.com.br\/index.php?rest_route=%2Fwp%2Fv2%2Fmedia&parent=28980"}],"wp:term":[{"taxonomy":"category","embeddable":true,"href":"https:\/\/minutobahia24h.com.br\/index.php?rest_route=%2Fwp%2Fv2%2Fcategories&post=28980"},{"taxonomy":"post_tag","embeddable":true,"href":"https:\/\/minutobahia24h.com.br\/index.php?rest_route=%2Fwp%2Fv2%2Ftags&post=28980"}],"curies":[{"name":"wp","href":"https:\/\/api.w.org\/{rel}","templated":true}]}}