{"id":28971,"date":"2025-05-13T06:43:03","date_gmt":"2025-05-13T09:43:03","guid":{"rendered":"https:\/\/minutobahia24h.com.br\/?p=28971"},"modified":"2025-05-13T06:43:07","modified_gmt":"2025-05-13T09:43:07","slug":"sinpojud-emite-carta-aberta-esclarecendo-motivos-de-deflagracao-da-greve-iniciada-nesta-segunda-feira-12","status":"publish","type":"post","link":"https:\/\/minutobahia24h.com.br\/?p=28971","title":{"rendered":"SINPOJUD emite carta aberta esclarecendo motivos de deflagra\u00e7\u00e3o da greve iniciada nesta segunda-feira (12)"},"content":{"rendered":"<div class=\"wp-block-image\">\n<figure class=\"aligncenter size-full\"><img data-recalc-dims=\"1\" fetchpriority=\"high\" decoding=\"async\" width=\"783\" height=\"470\" src=\"https:\/\/i0.wp.com\/minutobahia24h.com.br\/wp-content\/uploads\/2025\/05\/Sem-titulo-135.jpg?resize=783%2C470&#038;ssl=1\" alt=\"\" class=\"wp-image-28972\" srcset=\"https:\/\/i0.wp.com\/minutobahia24h.com.br\/wp-content\/uploads\/2025\/05\/Sem-titulo-135.jpg?w=783&amp;ssl=1 783w, https:\/\/i0.wp.com\/minutobahia24h.com.br\/wp-content\/uploads\/2025\/05\/Sem-titulo-135.jpg?resize=300%2C180&amp;ssl=1 300w, https:\/\/i0.wp.com\/minutobahia24h.com.br\/wp-content\/uploads\/2025\/05\/Sem-titulo-135.jpg?resize=768%2C461&amp;ssl=1 768w, https:\/\/i0.wp.com\/minutobahia24h.com.br\/wp-content\/uploads\/2025\/05\/Sem-titulo-135.jpg?resize=750%2C450&amp;ssl=1 750w\" sizes=\"(max-width: 783px) 100vw, 783px\" \/><\/figure>\n<\/div>\n\n\n<p>Na \u00faltima quarta-feira (7) durante Assembleia Geral Extraordin\u00e1ria, a maioria dos servidores do Judici\u00e1rio decidiram pela greve geral, por tempo indeterminado, a partir de hoje (12), em todas as comarcas do Estado.&nbsp;Na carta, o&nbsp;Sindicato dos Servidores do Poder Judici\u00e1rio do Estado da Bahia&nbsp; (SINPOJUD) esclarece os motivos que levaram a categoria a&nbsp;pela greve geral. Veja o que diz carta:<\/p>\n\n\n\n<p>&#8220;<em>O Sindicato dos Servidores do Poder Judici\u00e1rio do Estado da Bahia&nbsp;(SINPOJUD) vem a p\u00fablico esclarecer \u00e0 sociedade os motivos que levaram os&nbsp;servidores a deflagrarem uma GREVE GERAL POR TEMPO INDETERMINADO.&nbsp;<\/em><\/p>\n\n\n\n<p><br><em>A paralisa\u00e7\u00e3o decorre da urgente necessidade de aprova\u00e7\u00e3o e&nbsp;implementa\u00e7\u00e3o de um novo Plano de Cargos, Carreiras e Vencimentos (PCCV), que&nbsp;h\u00e1 mais de 8 meses encontra-se na Assembleia Legislativa aguardando&nbsp;AUTORIZA\u00c7\u00c3O do Governador Jer\u00f4nimo Rodrigues para vota\u00e7\u00e3o e aprova\u00e7\u00e3o.&nbsp;<\/em><\/p>\n\n\n\n<p><em>O atual Plano de Cargos, Carreiras e Vencimentos (PCCV) dos servidores&nbsp;do Judici\u00e1rio baiano, institu\u00eddo pela Lei n\u00ba 11.170\/2008, encontra-se totalmente&nbsp;defasado, n\u00e3o acompanhando a evolu\u00e7\u00e3o das fun\u00e7\u00f5es e responsabilidades da&nbsp;categoria. Desde ent\u00e3o, os servidores aguardam uma reformula\u00e7\u00e3o que valorize&nbsp;suas carreiras e estabele\u00e7a crit\u00e9rios justos para a progress\u00e3o funcional.&nbsp;<\/em><\/p>\n\n\n\n<p><br><em>Outro ponto central da luta \u00e9 a recomposi\u00e7\u00e3o salarial, diante das perdas&nbsp;inflacion\u00e1rias que j\u00e1 ultrapassam 53%, conforme dados do ano de 2023 divulgados&nbsp;<br>pelo DIEESE, resultado de quase uma d\u00e9cada de congelamento. A defasagem&nbsp;salarial compromete a dignidade dos trabalhadores e impacta diretamente a&nbsp;<br>qualidade dos servi\u00e7os prestados \u00e0 popula\u00e7\u00e3o.&nbsp;<\/em><\/p>\n\n\n\n<p><br><em>Al\u00e9m disso, reivindicamos melhores condi\u00e7\u00f5es de trabalho. O d\u00e9ficit de&nbsp;servidores concursados e a precariza\u00e7\u00e3o das estruturas f\u00edsicas e tecnol\u00f3gicas das&nbsp;<br>comarcas prejudicam o atendimento ao p\u00fablico. O Tribunal de Justi\u00e7a ignora a&nbsp;convoca\u00e7\u00e3o dos aprovados no \u00faltimo concurso e mant\u00e9m mais de 500 servidores&nbsp;<br>cedidos por prefeituras em fun\u00e7\u00f5es que deveriam ser exercidas por efetivos, um&nbsp;grave retrocesso denunciado pelo Sinpojud ao CNJ. &nbsp;Al\u00e9m disso, atualmente&nbsp;prop\u00f4s a cria\u00e7\u00e3o de 600 cargos comissionados de acesso sem concurso p\u00fablico.&nbsp;<\/em><\/p>\n\n\n\n<p><br><em>Reafirmamos que a mobiliza\u00e7\u00e3o dos servidores \u00e9 leg\u00edtima e amparada pela&nbsp;Constitui\u00e7\u00e3o Federal e pela Lei n\u00ba 7.783\/89, garantindo a manuten\u00e7\u00e3o dos&nbsp;servi\u00e7os essenciais durante a greve em respeito \u00e0 sociedade e ao&nbsp;compromisso com a Justi\u00e7a. Nosso objetivo \u00e9 fortalecer o Judici\u00e1rio baiano,&nbsp;tornando-o mais eficiente, justo e acess\u00edvel, e, para isso, pedimos o apoio e a&nbsp;compreens\u00e3o da popula\u00e7\u00e3o, pois valorizar os servidores \u00e9 assegurar um servi\u00e7o&nbsp;p\u00fablico de qualidade. Unidos, servidores e sociedade podem construir um&nbsp;Judici\u00e1rio mais justo, digno e respeitoso para todos<\/em>&#8220;.&nbsp;<\/p>\n\n\n\n<p><br>SINPOJUD<\/p>\n","protected":false},"excerpt":{"rendered":"<p>Na \u00faltima quarta-feira (7) durante Assembleia Geral Extraordin\u00e1ria, a maioria dos servidores do Judici\u00e1rio decidiram pela greve geral, por tempo indeterminado, a partir de hoje (12), em todas as comarcas do Estado.&nbsp;Na carta, o&nbsp;Sindicato dos Servidores do Poder Judici\u00e1rio do Estado da Bahia&nbsp; (SINPOJUD) esclarece os motivos que levaram a categoria a&nbsp;pela greve geral. Veja [&hellip;]<\/p>\n","protected":false},"author":2,"featured_media":28972,"comment_status":"open","ping_status":"open","sticky":false,"template":"","format":"standard","meta":{"_jetpack_memberships_contains_paid_content":false,"footnotes":""},"categories":[3],"tags":[],"class_list":["post-28971","post","type-post","status-publish","format-standard","has-post-thumbnail","hentry","category-regional"],"aioseo_notices":[],"jetpack_featured_media_url":"https:\/\/i0.wp.com\/minutobahia24h.com.br\/wp-content\/uploads\/2025\/05\/Sem-titulo-135.jpg?fit=783%2C470&ssl=1","jetpack_sharing_enabled":true,"_links":{"self":[{"href":"https:\/\/minutobahia24h.com.br\/index.php?rest_route=\/wp\/v2\/posts\/28971","targetHints":{"allow":["GET"]}}],"collection":[{"href":"https:\/\/minutobahia24h.com.br\/index.php?rest_route=\/wp\/v2\/posts"}],"about":[{"href":"https:\/\/minutobahia24h.com.br\/index.php?rest_route=\/wp\/v2\/types\/post"}],"author":[{"embeddable":true,"href":"https:\/\/minutobahia24h.com.br\/index.php?rest_route=\/wp\/v2\/users\/2"}],"replies":[{"embeddable":true,"href":"https:\/\/minutobahia24h.com.br\/index.php?rest_route=%2Fwp%2Fv2%2Fcomments&post=28971"}],"version-history":[{"count":1,"href":"https:\/\/minutobahia24h.com.br\/index.php?rest_route=\/wp\/v2\/posts\/28971\/revisions"}],"predecessor-version":[{"id":28973,"href":"https:\/\/minutobahia24h.com.br\/index.php?rest_route=\/wp\/v2\/posts\/28971\/revisions\/28973"}],"wp:featuredmedia":[{"embeddable":true,"href":"https:\/\/minutobahia24h.com.br\/index.php?rest_route=\/wp\/v2\/media\/28972"}],"wp:attachment":[{"href":"https:\/\/minutobahia24h.com.br\/index.php?rest_route=%2Fwp%2Fv2%2Fmedia&parent=28971"}],"wp:term":[{"taxonomy":"category","embeddable":true,"href":"https:\/\/minutobahia24h.com.br\/index.php?rest_route=%2Fwp%2Fv2%2Fcategories&post=28971"},{"taxonomy":"post_tag","embeddable":true,"href":"https:\/\/minutobahia24h.com.br\/index.php?rest_route=%2Fwp%2Fv2%2Ftags&post=28971"}],"curies":[{"name":"wp","href":"https:\/\/api.w.org\/{rel}","templated":true}]}}