{"id":28949,"date":"2025-05-12T07:46:52","date_gmt":"2025-05-12T10:46:52","guid":{"rendered":"https:\/\/minutobahia24h.com.br\/?p=28949"},"modified":"2025-05-12T07:46:54","modified_gmt":"2025-05-12T10:46:54","slug":"senado-resiste-a-proposta-de-ampliar-numero-de-deputados-aprovada-pela-camara","status":"publish","type":"post","link":"https:\/\/minutobahia24h.com.br\/?p=28949","title":{"rendered":"Senado resiste \u00e0 proposta de ampliar n\u00famero de deputados aprovada pela C\u00e2mara"},"content":{"rendered":"<div class=\"wp-block-image\">\n<figure class=\"aligncenter size-full\"><img data-recalc-dims=\"1\" fetchpriority=\"high\" decoding=\"async\" width=\"600\" height=\"420\" src=\"https:\/\/i0.wp.com\/minutobahia24h.com.br\/wp-content\/uploads\/2025\/05\/Sem-titulo-131.jpg?resize=600%2C420&#038;ssl=1\" alt=\"\" class=\"wp-image-28950\" srcset=\"https:\/\/i0.wp.com\/minutobahia24h.com.br\/wp-content\/uploads\/2025\/05\/Sem-titulo-131.jpg?w=600&amp;ssl=1 600w, https:\/\/i0.wp.com\/minutobahia24h.com.br\/wp-content\/uploads\/2025\/05\/Sem-titulo-131.jpg?resize=300%2C210&amp;ssl=1 300w\" sizes=\"(max-width: 600px) 100vw, 600px\" \/><figcaption class=\"wp-element-caption\">Foto: Jonas Pereira\/Ag\u00eancia Senado<br><\/figcaption><\/figure>\n<\/div>\n\n\n<p>Aprovada na C\u00e2mara dos Deputados na \u00faltima ter\u00e7a-feira (6), a proposta que amplia de 513 para 531 o n\u00famero de parlamentares enfrenta resist\u00eancia no Senado, unindo vozes de governistas e opositores contra a iniciativa. A informa\u00e7\u00e3o \u00e9 do site Metr\u00f3poles.<\/p>\n\n\n\n<p>Entre os principais argumentos contr\u00e1rios est\u00e1 o momento pol\u00edtico, considerado inadequado para discutir o tema. Senadores avaliam que o aumento no n\u00famero de cadeiras pode intensificar o desgaste da imagem da classe pol\u00edtica junto \u00e0 popula\u00e7\u00e3o.<\/p>\n\n\n\n<p>Ainda assim, segundo l\u00edderes partid\u00e1rios da C\u00e2mara, o presidente do Senado, Davi Alcolumbre (Uni\u00e3o Brasil-AP), teria sinalizado disposi\u00e7\u00e3o para pautar o assunto na Casa.<\/p>\n\n\n\n<p>O projeto responde a uma determina\u00e7\u00e3o do Supremo Tribunal Federal (STF), que ordenou \u00e0 C\u00e2mara a revis\u00e3o do n\u00famero de deputados por estado com base nos dados do Censo Demogr\u00e1fico de 2022, do Instituto Brasileiro de Geografia e Estat\u00edstica (IBGE). A atualiza\u00e7\u00e3o deve ser feita at\u00e9 30 de junho.<\/p>\n\n\n\n<p>Caso a C\u00e2mara aplicasse a redistribui\u00e7\u00e3o sem ampliar o total de cadeiras, estados que perderam popula\u00e7\u00e3o, como Bahia e Rio de Janeiro, tamb\u00e9m perderiam representantes no Congresso.<\/p>\n\n\n\n<p>Para evitar esse cen\u00e1rio, a proposta foi desenhada para aumentar o total de vagas, compensando a redistribui\u00e7\u00e3o sem retirar cadeiras de nenhuma unidade da federa\u00e7\u00e3o.<\/p>\n\n\n\n<p>A dire\u00e7\u00e3o-geral da C\u00e2mara estima que o aumento representaria um impacto de R$ 64,4 milh\u00f5es por ano. J\u00e1 o relator do texto, deputado Dami\u00e3o Feliciano (Uni\u00e3o Brasil-PB), alega que n\u00e3o haver\u00e1 novos gastos, uma vez que o or\u00e7amento atual da Casa comportaria a amplia\u00e7\u00e3o.<\/p>\n\n\n\n<p>Bahia.ba<\/p>\n","protected":false},"excerpt":{"rendered":"<p>Aprovada na C\u00e2mara dos Deputados na \u00faltima ter\u00e7a-feira (6), a proposta que amplia de 513 para 531 o n\u00famero de parlamentares enfrenta resist\u00eancia no Senado, unindo vozes de governistas e opositores contra a iniciativa. A informa\u00e7\u00e3o \u00e9 do site Metr\u00f3poles. Entre os principais argumentos contr\u00e1rios est\u00e1 o momento pol\u00edtico, considerado inadequado para discutir o tema. [&hellip;]<\/p>\n","protected":false},"author":2,"featured_media":28950,"comment_status":"open","ping_status":"open","sticky":false,"template":"","format":"standard","meta":{"_jetpack_memberships_contains_paid_content":false,"footnotes":""},"categories":[39],"tags":[],"class_list":["post-28949","post","type-post","status-publish","format-standard","has-post-thumbnail","hentry","category-politica"],"aioseo_notices":[],"jetpack_featured_media_url":"https:\/\/i0.wp.com\/minutobahia24h.com.br\/wp-content\/uploads\/2025\/05\/Sem-titulo-131.jpg?fit=600%2C420&ssl=1","jetpack_sharing_enabled":true,"_links":{"self":[{"href":"https:\/\/minutobahia24h.com.br\/index.php?rest_route=\/wp\/v2\/posts\/28949","targetHints":{"allow":["GET"]}}],"collection":[{"href":"https:\/\/minutobahia24h.com.br\/index.php?rest_route=\/wp\/v2\/posts"}],"about":[{"href":"https:\/\/minutobahia24h.com.br\/index.php?rest_route=\/wp\/v2\/types\/post"}],"author":[{"embeddable":true,"href":"https:\/\/minutobahia24h.com.br\/index.php?rest_route=\/wp\/v2\/users\/2"}],"replies":[{"embeddable":true,"href":"https:\/\/minutobahia24h.com.br\/index.php?rest_route=%2Fwp%2Fv2%2Fcomments&post=28949"}],"version-history":[{"count":1,"href":"https:\/\/minutobahia24h.com.br\/index.php?rest_route=\/wp\/v2\/posts\/28949\/revisions"}],"predecessor-version":[{"id":28951,"href":"https:\/\/minutobahia24h.com.br\/index.php?rest_route=\/wp\/v2\/posts\/28949\/revisions\/28951"}],"wp:featuredmedia":[{"embeddable":true,"href":"https:\/\/minutobahia24h.com.br\/index.php?rest_route=\/wp\/v2\/media\/28950"}],"wp:attachment":[{"href":"https:\/\/minutobahia24h.com.br\/index.php?rest_route=%2Fwp%2Fv2%2Fmedia&parent=28949"}],"wp:term":[{"taxonomy":"category","embeddable":true,"href":"https:\/\/minutobahia24h.com.br\/index.php?rest_route=%2Fwp%2Fv2%2Fcategories&post=28949"},{"taxonomy":"post_tag","embeddable":true,"href":"https:\/\/minutobahia24h.com.br\/index.php?rest_route=%2Fwp%2Fv2%2Ftags&post=28949"}],"curies":[{"name":"wp","href":"https:\/\/api.w.org\/{rel}","templated":true}]}}