{"id":28943,"date":"2025-05-12T07:44:27","date_gmt":"2025-05-12T10:44:27","guid":{"rendered":"https:\/\/minutobahia24h.com.br\/?p=28943"},"modified":"2025-05-12T07:44:29","modified_gmt":"2025-05-12T10:44:29","slug":"aliados-de-bolsonaro-articulam-chapa-com-michelle-em-2026-e-avaliam-possiveis-vices","status":"publish","type":"post","link":"https:\/\/minutobahia24h.com.br\/?p=28943","title":{"rendered":"Aliados de Bolsonaro articulam chapa com Michelle em 2026 e avaliam poss\u00edveis vices"},"content":{"rendered":"<div class=\"wp-block-image\">\n<figure class=\"aligncenter size-full\"><img data-recalc-dims=\"1\" fetchpriority=\"high\" decoding=\"async\" width=\"600\" height=\"420\" src=\"https:\/\/i0.wp.com\/minutobahia24h.com.br\/wp-content\/uploads\/2025\/05\/Sem-titulo-129.jpg?resize=600%2C420&#038;ssl=1\" alt=\"\" class=\"wp-image-28944\" srcset=\"https:\/\/i0.wp.com\/minutobahia24h.com.br\/wp-content\/uploads\/2025\/05\/Sem-titulo-129.jpg?w=600&amp;ssl=1 600w, https:\/\/i0.wp.com\/minutobahia24h.com.br\/wp-content\/uploads\/2025\/05\/Sem-titulo-129.jpg?resize=300%2C210&amp;ssl=1 300w\" sizes=\"(max-width: 600px) 100vw, 600px\" \/><figcaption class=\"wp-element-caption\">Foto: Marcelo Camargo\/Ag\u00eancia Brasil<br><\/figcaption><\/figure>\n<\/div>\n\n\n<p>Mesmo sem confirma\u00e7\u00e3o oficial de que ser\u00e1 candidata \u00e0 Presid\u00eancia da Rep\u00fablica em 2026, Michelle Bolsonaro j\u00e1 tem sido colocada no centro das articula\u00e7\u00f5es da direita para a pr\u00f3xima elei\u00e7\u00e3o. Segundo informa\u00e7\u00f5es do portal Poder360, aliados do ex-presidente Jair Bolsonaro (PL) j\u00e1 discutem nomes para compor a poss\u00edvel chapa como vice da ex-primeira-dama.<\/p>\n\n\n\n<p>Entre os cotados est\u00e3o os senadores Ciro Nogueira (PP-PI) e Rog\u00e9rio Marinho (PL-RN), ambos nomes de confian\u00e7a do n\u00facleo bolsonarista. As conversas ainda s\u00e3o preliminares, mas refletem a movimenta\u00e7\u00e3o estrat\u00e9gica de setores do PL e partidos aliados diante do cen\u00e1rio de incerteza sobre a elegibilidade de Bolsonaro.<\/p>\n\n\n\n<p>Al\u00e9m de Michelle, o governador de S\u00e3o Paulo, Tarc\u00edsio de Freitas (Republicanos), tamb\u00e9m \u00e9 considerado uma das principais op\u00e7\u00f5es do grupo para disputar o Pal\u00e1cio do Planalto em 2026.<\/p>\n\n\n\n<p><strong>Bolsonaro se coloca como pr\u00e9-candidato<\/strong><\/p>\n\n\n\n<p>Mesmo ineleg\u00edvel por decis\u00e3o do Tribunal Superior Eleitoral (TSE), Jair Bolsonaro segue insistindo em manter seu nome como pr\u00e9-candidato, apostando em uma poss\u00edvel revers\u00e3o judicial.<\/p>\n\n\n\n<p>Por isso, aliados evitam manifestar abertamente prefer\u00eancia por outros nomes, buscando preservar a influ\u00eancia do ex-presidente no processo de decis\u00e3o.<\/p>\n\n\n\n<p>Caso sua inelegibilidade se mantenha, integrantes do grupo pol\u00edtico de Bolsonaro afirmam que qualquer candidatura majorit\u00e1ria contar\u00e1 com sua b\u00ean\u00e7\u00e3o e participa\u00e7\u00e3o direta nas articula\u00e7\u00f5es.<\/p>\n\n\n\n<p>Bahia.ba<\/p>\n","protected":false},"excerpt":{"rendered":"<p>Mesmo sem confirma\u00e7\u00e3o oficial de que ser\u00e1 candidata \u00e0 Presid\u00eancia da Rep\u00fablica em 2026, Michelle Bolsonaro j\u00e1 tem sido colocada no centro das articula\u00e7\u00f5es da direita para a pr\u00f3xima elei\u00e7\u00e3o. Segundo informa\u00e7\u00f5es do portal Poder360, aliados do ex-presidente Jair Bolsonaro (PL) j\u00e1 discutem nomes para compor a poss\u00edvel chapa como vice da ex-primeira-dama. Entre os [&hellip;]<\/p>\n","protected":false},"author":2,"featured_media":28944,"comment_status":"open","ping_status":"open","sticky":false,"template":"","format":"standard","meta":{"_jetpack_memberships_contains_paid_content":false,"footnotes":""},"categories":[39],"tags":[],"class_list":["post-28943","post","type-post","status-publish","format-standard","has-post-thumbnail","hentry","category-politica"],"aioseo_notices":[],"jetpack_featured_media_url":"https:\/\/i0.wp.com\/minutobahia24h.com.br\/wp-content\/uploads\/2025\/05\/Sem-titulo-129.jpg?fit=600%2C420&ssl=1","jetpack_sharing_enabled":true,"_links":{"self":[{"href":"https:\/\/minutobahia24h.com.br\/index.php?rest_route=\/wp\/v2\/posts\/28943","targetHints":{"allow":["GET"]}}],"collection":[{"href":"https:\/\/minutobahia24h.com.br\/index.php?rest_route=\/wp\/v2\/posts"}],"about":[{"href":"https:\/\/minutobahia24h.com.br\/index.php?rest_route=\/wp\/v2\/types\/post"}],"author":[{"embeddable":true,"href":"https:\/\/minutobahia24h.com.br\/index.php?rest_route=\/wp\/v2\/users\/2"}],"replies":[{"embeddable":true,"href":"https:\/\/minutobahia24h.com.br\/index.php?rest_route=%2Fwp%2Fv2%2Fcomments&post=28943"}],"version-history":[{"count":1,"href":"https:\/\/minutobahia24h.com.br\/index.php?rest_route=\/wp\/v2\/posts\/28943\/revisions"}],"predecessor-version":[{"id":28945,"href":"https:\/\/minutobahia24h.com.br\/index.php?rest_route=\/wp\/v2\/posts\/28943\/revisions\/28945"}],"wp:featuredmedia":[{"embeddable":true,"href":"https:\/\/minutobahia24h.com.br\/index.php?rest_route=\/wp\/v2\/media\/28944"}],"wp:attachment":[{"href":"https:\/\/minutobahia24h.com.br\/index.php?rest_route=%2Fwp%2Fv2%2Fmedia&parent=28943"}],"wp:term":[{"taxonomy":"category","embeddable":true,"href":"https:\/\/minutobahia24h.com.br\/index.php?rest_route=%2Fwp%2Fv2%2Fcategories&post=28943"},{"taxonomy":"post_tag","embeddable":true,"href":"https:\/\/minutobahia24h.com.br\/index.php?rest_route=%2Fwp%2Fv2%2Ftags&post=28943"}],"curies":[{"name":"wp","href":"https:\/\/api.w.org\/{rel}","templated":true}]}}