{"id":28940,"date":"2025-05-12T07:43:18","date_gmt":"2025-05-12T10:43:18","guid":{"rendered":"https:\/\/minutobahia24h.com.br\/?p=28940"},"modified":"2025-05-12T07:43:20","modified_gmt":"2025-05-12T10:43:20","slug":"ministro-de-lula-volta-a-criticar-jornada-6x1-e-propoe-transicao-para-novo-modelo","status":"publish","type":"post","link":"https:\/\/minutobahia24h.com.br\/?p=28940","title":{"rendered":"Ministro de Lula volta a criticar jornada 6\u00d71 e prop\u00f5e transi\u00e7\u00e3o para novo modelo"},"content":{"rendered":"<div class=\"wp-block-image\">\n<figure class=\"aligncenter size-full\"><img data-recalc-dims=\"1\" fetchpriority=\"high\" decoding=\"async\" width=\"598\" height=\"419\" src=\"https:\/\/i0.wp.com\/minutobahia24h.com.br\/wp-content\/uploads\/2025\/05\/Sem-titulo-128.jpg?resize=598%2C419&#038;ssl=1\" alt=\"\" class=\"wp-image-28941\" srcset=\"https:\/\/i0.wp.com\/minutobahia24h.com.br\/wp-content\/uploads\/2025\/05\/Sem-titulo-128.jpg?w=598&amp;ssl=1 598w, https:\/\/i0.wp.com\/minutobahia24h.com.br\/wp-content\/uploads\/2025\/05\/Sem-titulo-128.jpg?resize=300%2C210&amp;ssl=1 300w\" sizes=\"(max-width: 598px) 100vw, 598px\" \/><figcaption class=\"wp-element-caption\">Foto: Ant\u00f4nio Cruz\/Ag\u00eancia Brasil<br><\/figcaption><\/figure>\n<\/div>\n\n\n<p>O ministro do Trabalho, Luiz Marinho, voltou a refor\u00e7ar sua posi\u00e7\u00e3o contr\u00e1ria ao modelo de jornada 6\u00d71, que prev\u00ea seis dias de trabalho para um de descanso. Embora reconhe\u00e7a que a extin\u00e7\u00e3o do formato n\u00e3o pode ser imediata, ele defendeu uma transi\u00e7\u00e3o gradual, constru\u00edda com di\u00e1logo e responsabilidade.<\/p>\n\n\n\n<p>A declara\u00e7\u00e3o foi feita no \u00faltimo s\u00e1bado (10), durante visita \u00e0 Feira Nacional da Reforma Agr\u00e1ria, organizada pelo MST, em S\u00e3o Paulo. Marinho avalia que o Congresso Nacional tem condi\u00e7\u00f5es de aprovar a redu\u00e7\u00e3o da jornada semanal para 40 horas, sem corte de sal\u00e1rios, desde que o debate seja conduzido com equil\u00edbrio.<\/p>\n\n\n\n<p>\u201cEu enxergo que \u00e9 poss\u00edvel, plenamente poss\u00edvel [aprovar a redu\u00e7\u00e3o da jornada] com um debate respons\u00e1vel, com tranquilidade, sem criar um susto para o empresariado. \u00c9 preciso olhar isso sobre todos os aspectos. Eu enxergo que seria plenamente poss\u00edvel o Congresso aprovar a redu\u00e7\u00e3o da jornada de trabalho imediatamente para 40 horas semanais sem redu\u00e7\u00e3o de sal\u00e1rio e iniciar um processo maduro de debate na constru\u00e7\u00e3o gradativa para acabar com 6\u00d71\u201d, afirmou o ministro.<\/p>\n\n\n\n<p>Marinho tamb\u00e9m destacou que um ambiente de trabalho mais justo e equilibrado tem impacto direto na sa\u00fade dos profissionais, na produtividade das empresas e na qualidade dos produtos. Para ele, a revis\u00e3o do atual modelo \u00e9 um passo importante rumo a um pa\u00eds mais eficiente e socialmente saud\u00e1vel.<\/p>\n\n\n\n<p>Bahia.ba<\/p>\n","protected":false},"excerpt":{"rendered":"<p>O ministro do Trabalho, Luiz Marinho, voltou a refor\u00e7ar sua posi\u00e7\u00e3o contr\u00e1ria ao modelo de jornada 6\u00d71, que prev\u00ea seis dias de trabalho para um de descanso. Embora reconhe\u00e7a que a extin\u00e7\u00e3o do formato n\u00e3o pode ser imediata, ele defendeu uma transi\u00e7\u00e3o gradual, constru\u00edda com di\u00e1logo e responsabilidade. A declara\u00e7\u00e3o foi feita no \u00faltimo s\u00e1bado [&hellip;]<\/p>\n","protected":false},"author":2,"featured_media":28941,"comment_status":"open","ping_status":"open","sticky":false,"template":"","format":"standard","meta":{"_jetpack_memberships_contains_paid_content":false,"footnotes":""},"categories":[39],"tags":[],"class_list":["post-28940","post","type-post","status-publish","format-standard","has-post-thumbnail","hentry","category-politica"],"aioseo_notices":[],"jetpack_featured_media_url":"https:\/\/i0.wp.com\/minutobahia24h.com.br\/wp-content\/uploads\/2025\/05\/Sem-titulo-128.jpg?fit=598%2C419&ssl=1","jetpack_sharing_enabled":true,"_links":{"self":[{"href":"https:\/\/minutobahia24h.com.br\/index.php?rest_route=\/wp\/v2\/posts\/28940","targetHints":{"allow":["GET"]}}],"collection":[{"href":"https:\/\/minutobahia24h.com.br\/index.php?rest_route=\/wp\/v2\/posts"}],"about":[{"href":"https:\/\/minutobahia24h.com.br\/index.php?rest_route=\/wp\/v2\/types\/post"}],"author":[{"embeddable":true,"href":"https:\/\/minutobahia24h.com.br\/index.php?rest_route=\/wp\/v2\/users\/2"}],"replies":[{"embeddable":true,"href":"https:\/\/minutobahia24h.com.br\/index.php?rest_route=%2Fwp%2Fv2%2Fcomments&post=28940"}],"version-history":[{"count":1,"href":"https:\/\/minutobahia24h.com.br\/index.php?rest_route=\/wp\/v2\/posts\/28940\/revisions"}],"predecessor-version":[{"id":28942,"href":"https:\/\/minutobahia24h.com.br\/index.php?rest_route=\/wp\/v2\/posts\/28940\/revisions\/28942"}],"wp:featuredmedia":[{"embeddable":true,"href":"https:\/\/minutobahia24h.com.br\/index.php?rest_route=\/wp\/v2\/media\/28941"}],"wp:attachment":[{"href":"https:\/\/minutobahia24h.com.br\/index.php?rest_route=%2Fwp%2Fv2%2Fmedia&parent=28940"}],"wp:term":[{"taxonomy":"category","embeddable":true,"href":"https:\/\/minutobahia24h.com.br\/index.php?rest_route=%2Fwp%2Fv2%2Fcategories&post=28940"},{"taxonomy":"post_tag","embeddable":true,"href":"https:\/\/minutobahia24h.com.br\/index.php?rest_route=%2Fwp%2Fv2%2Ftags&post=28940"}],"curies":[{"name":"wp","href":"https:\/\/api.w.org\/{rel}","templated":true}]}}