{"id":28927,"date":"2025-05-12T07:23:28","date_gmt":"2025-05-12T10:23:28","guid":{"rendered":"https:\/\/minutobahia24h.com.br\/?p=28927"},"modified":"2025-05-12T07:23:30","modified_gmt":"2025-05-12T10:23:30","slug":"nova-frente-fria-se-aproxima-e-pode-prolongar-periodo-de-chuvas-em-salvador","status":"publish","type":"post","link":"https:\/\/minutobahia24h.com.br\/?p=28927","title":{"rendered":"Nova frente fria se aproxima e pode prolongar per\u00edodo de chuvas em Salvador"},"content":{"rendered":"<div class=\"wp-block-image\">\n<figure class=\"aligncenter size-full\"><img data-recalc-dims=\"1\" fetchpriority=\"high\" decoding=\"async\" width=\"597\" height=\"416\" src=\"https:\/\/i0.wp.com\/minutobahia24h.com.br\/wp-content\/uploads\/2025\/05\/Sem-titulo-124.jpg?resize=597%2C416&#038;ssl=1\" alt=\"\" class=\"wp-image-28928\" srcset=\"https:\/\/i0.wp.com\/minutobahia24h.com.br\/wp-content\/uploads\/2025\/05\/Sem-titulo-124.jpg?w=597&amp;ssl=1 597w, https:\/\/i0.wp.com\/minutobahia24h.com.br\/wp-content\/uploads\/2025\/05\/Sem-titulo-124.jpg?resize=300%2C209&amp;ssl=1 300w\" sizes=\"(max-width: 597px) 100vw, 597px\" \/><figcaption class=\"wp-element-caption\">Foto: Reprodu\u00e7\u00e3o\/Redes Sociais<br><\/figcaption><\/figure>\n<\/div>\n\n\n<p>Salvador pode voltar a enfrentar chuvas nos pr\u00f3ximos dias com a chegada de uma nova frente fria, prevista para atingir a cidade entre ter\u00e7a (13) e quinta-feira (15). A informa\u00e7\u00e3o foi divulgada pela Defesa Civil de Salvador (Codesal), que monitora as mudan\u00e7as clim\u00e1ticas ap\u00f3s uma semana marcada por instabilidade e volumes elevados de precipita\u00e7\u00e3o.<\/p>\n\n\n\n<p>A previs\u00e3o para este domingo (11) ainda aponta chuvas isoladas at\u00e9 o fim do dia, intercaladas por per\u00edodos de tempo seco. Por enquanto, ainda n\u00e3o \u00e9 poss\u00edvel saber se a intensidade das chuvas ser\u00e1 semelhante \u00e0 registrada na primeira semana de maio.<\/p>\n\n\n\n<p><strong>Bahia segue em estado de aten\u00e7\u00e3o em diversas regi\u00f5es<\/strong><\/p>\n\n\n\n<p>Enquanto a capital baiana aguarda novo avan\u00e7o da frente fria, 28 munic\u00edpios do estado permanecem sob alerta laranja do Instituto Nacional de Meteorologia (Inmet), que indica risco para acumulados elevados de chuva.<\/p>\n\n\n\n<p>Est\u00e3o na lista cidades da Regi\u00e3o Metropolitana de Salvador (RMS), como Candeias, Cama\u00e7ari e Sim\u00f5es Filho.<\/p>\n\n\n\n<p>As chuvas intensas no in\u00edcio do m\u00eas causaram transtornos em diversas localidades. Em Santo Amaro, no Rec\u00f4ncavo Baiano, o rio Suba\u00e9 transbordou na madrugada do dia 4, deixando cerca de 80 fam\u00edlias desalojadas. Apesar dos danos, o munic\u00edpio n\u00e3o aparece mais na lista atual de alerta do Inmet.<\/p>\n\n\n\n<p>Em Salvador, os temporais dos primeiros dias de maio mobilizaram a Defesa Civil, que acionou sirenes e orientou a evacua\u00e7\u00e3o de moradores em seis comunidades com risco de deslizamento.<\/p>\n\n\n\n<p>A cidade, que chegou a constar na lista de risco do Inmet, foi retirada da atualiza\u00e7\u00e3o mais recente, embora ainda enfrente instabilidade no tempo.<\/p>\n\n\n\n<p>Bahia.ba<\/p>\n","protected":false},"excerpt":{"rendered":"<p>Salvador pode voltar a enfrentar chuvas nos pr\u00f3ximos dias com a chegada de uma nova frente fria, prevista para atingir a cidade entre ter\u00e7a (13) e quinta-feira (15). A informa\u00e7\u00e3o foi divulgada pela Defesa Civil de Salvador (Codesal), que monitora as mudan\u00e7as clim\u00e1ticas ap\u00f3s uma semana marcada por instabilidade e volumes elevados de precipita\u00e7\u00e3o. A [&hellip;]<\/p>\n","protected":false},"author":2,"featured_media":28928,"comment_status":"open","ping_status":"open","sticky":false,"template":"","format":"standard","meta":{"_jetpack_memberships_contains_paid_content":false,"footnotes":""},"categories":[3],"tags":[],"class_list":["post-28927","post","type-post","status-publish","format-standard","has-post-thumbnail","hentry","category-regional"],"aioseo_notices":[],"jetpack_featured_media_url":"https:\/\/i0.wp.com\/minutobahia24h.com.br\/wp-content\/uploads\/2025\/05\/Sem-titulo-124.jpg?fit=597%2C416&ssl=1","jetpack_sharing_enabled":true,"_links":{"self":[{"href":"https:\/\/minutobahia24h.com.br\/index.php?rest_route=\/wp\/v2\/posts\/28927","targetHints":{"allow":["GET"]}}],"collection":[{"href":"https:\/\/minutobahia24h.com.br\/index.php?rest_route=\/wp\/v2\/posts"}],"about":[{"href":"https:\/\/minutobahia24h.com.br\/index.php?rest_route=\/wp\/v2\/types\/post"}],"author":[{"embeddable":true,"href":"https:\/\/minutobahia24h.com.br\/index.php?rest_route=\/wp\/v2\/users\/2"}],"replies":[{"embeddable":true,"href":"https:\/\/minutobahia24h.com.br\/index.php?rest_route=%2Fwp%2Fv2%2Fcomments&post=28927"}],"version-history":[{"count":1,"href":"https:\/\/minutobahia24h.com.br\/index.php?rest_route=\/wp\/v2\/posts\/28927\/revisions"}],"predecessor-version":[{"id":28929,"href":"https:\/\/minutobahia24h.com.br\/index.php?rest_route=\/wp\/v2\/posts\/28927\/revisions\/28929"}],"wp:featuredmedia":[{"embeddable":true,"href":"https:\/\/minutobahia24h.com.br\/index.php?rest_route=\/wp\/v2\/media\/28928"}],"wp:attachment":[{"href":"https:\/\/minutobahia24h.com.br\/index.php?rest_route=%2Fwp%2Fv2%2Fmedia&parent=28927"}],"wp:term":[{"taxonomy":"category","embeddable":true,"href":"https:\/\/minutobahia24h.com.br\/index.php?rest_route=%2Fwp%2Fv2%2Fcategories&post=28927"},{"taxonomy":"post_tag","embeddable":true,"href":"https:\/\/minutobahia24h.com.br\/index.php?rest_route=%2Fwp%2Fv2%2Ftags&post=28927"}],"curies":[{"name":"wp","href":"https:\/\/api.w.org\/{rel}","templated":true}]}}