{"id":28891,"date":"2025-05-09T14:45:24","date_gmt":"2025-05-09T17:45:24","guid":{"rendered":"https:\/\/minutobahia24h.com.br\/?p=28891"},"modified":"2025-05-09T14:45:26","modified_gmt":"2025-05-09T17:45:26","slug":"jaguarari-secretaria-de-cultura-divulga-nota-de-esclarecimento-sobre-projeto-relacionado-aos-festejos-juninos-apresentado-na-camara-municipal","status":"publish","type":"post","link":"https:\/\/minutobahia24h.com.br\/?p=28891","title":{"rendered":"Jaguarari: Secretaria de Cultura divulga Nota de Esclarecimento sobre projeto relacionado aos Festejos Juninos apresentado na C\u00e2mara Municipal"},"content":{"rendered":"<div class=\"wp-block-image\">\n<figure class=\"aligncenter size-full\"><img data-recalc-dims=\"1\" fetchpriority=\"high\" decoding=\"async\" width=\"400\" height=\"400\" src=\"https:\/\/i0.wp.com\/minutobahia24h.com.br\/wp-content\/uploads\/2025\/05\/Sem-titulo-115.jpg?resize=400%2C400&#038;ssl=1\" alt=\"\" class=\"wp-image-28892\" srcset=\"https:\/\/i0.wp.com\/minutobahia24h.com.br\/wp-content\/uploads\/2025\/05\/Sem-titulo-115.jpg?w=400&amp;ssl=1 400w, https:\/\/i0.wp.com\/minutobahia24h.com.br\/wp-content\/uploads\/2025\/05\/Sem-titulo-115.jpg?resize=300%2C300&amp;ssl=1 300w, https:\/\/i0.wp.com\/minutobahia24h.com.br\/wp-content\/uploads\/2025\/05\/Sem-titulo-115.jpg?resize=150%2C150&amp;ssl=1 150w, https:\/\/i0.wp.com\/minutobahia24h.com.br\/wp-content\/uploads\/2025\/05\/Sem-titulo-115.jpg?resize=75%2C75&amp;ssl=1 75w\" sizes=\"(max-width: 400px) 100vw, 400px\" \/><\/figure>\n<\/div>\n\n\n<p>Diante das informa\u00e7\u00f5es equivocadas divulgadas por alguns blogs e ve\u00edculos de comunica\u00e7\u00e3o, a Secretaria de Cultura, Esporte, Lazer e Juventude de Jaguarari vem a p\u00fablico esclarecer os fatos sobre o projeto apresentado na C\u00e2mara Municipal relacionado \u00e0 organiza\u00e7\u00e3o do S\u00e3o Jo\u00e3o e do S\u00e3o Pedro 2025.<\/p>\n\n\n\n<p>Primeiramente, reafirmamos que a festa \u00e9 e sempre ser\u00e1 p\u00fablica, feita para o povo. Em nenhum momento houve qualquer proposta de \u201cprivatiza\u00e7\u00e3o\u201d do S\u00e3o Jo\u00e3o, nem do S\u00e3o Pedro, como de forma sensacionalista foi divulgado. O projeto de cess\u00e3o de uso, o que n\u00e3o foi aprovado, visava exclusivamente garantir mais organiza\u00e7\u00e3o, seguran\u00e7a, retorno financeiro e transpar\u00eancia na gest\u00e3o de espa\u00e7os comerciais do evento, como barracas e camarotes \u2014 algo que j\u00e1 \u00e9 praticado em diversos munic\u00edpios com grande sucesso.<\/p>\n\n\n\n<p>O projeto previa, inclusive, a realiza\u00e7\u00e3o de um leil\u00e3o p\u00fablico dos espa\u00e7os comerciais, no qual a Prefeitura j\u00e1 arrecadaria um valor direto, de forma legal e transparente. Al\u00e9m disso, a empresa vencedora desse processo seria respons\u00e1vel por toda a montagem da estrutura do evento no distrito de Pilar, incluindo palco, som, ilumina\u00e7\u00e3o c\u00eanica, banheiros qu\u00edmicos, grades, gerador, painel, camarote, tenda, entre outros itens. Isso representaria uma economia estimada de aproximadamente R$ 600 mil aos cofres p\u00fablicos do munic\u00edpio.<\/p>\n\n\n\n<p>Ou seja, o que estava em pauta era uma alternativa que permitiria ao munic\u00edpio economizar recursos consider\u00e1veis, ao mesmo tempo em que modernizava a forma de organizar o evento, com mais efici\u00eancia e responsabilidade. A proposta buscava equilibrar tradi\u00e7\u00e3o e profissionalismo, mantendo a Prefeitura focada naquilo que \u00e9 essencial para o brilho da festa: a contrata\u00e7\u00e3o dos artistas e todo o suporte necess\u00e1rio para suas apresenta\u00e7\u00f5es \u2014 como camarins, seguran\u00e7a p\u00fablica, ilumina\u00e7\u00e3o e abastecimento de \u00e1gua. Era uma constru\u00e7\u00e3o coletiva pensada com zelo, que visava beneficiar toda a comunidade.<\/p>\n\n\n\n<p>N\u00e3o se trata de entregar o S\u00e3o Jo\u00e3o e o S\u00e3o Pedro a interesses privados. Trata-se de uma alternativa respons\u00e1vel e consciente para otimizar recursos, sem comprometer a ess\u00eancia popular do evento. A organiza\u00e7\u00e3o t\u00e9cnica da parte comercial seria feita por empresa especializada, seguindo crit\u00e9rios legais e sob fiscaliza\u00e7\u00e3o da Prefeitura.<\/p>\n\n\n\n<p>Tamb\u00e9m \u00e9 incorreta a afirma\u00e7\u00e3o de que a popula\u00e7\u00e3o est\u00e1 \u201cindignada com o valor das bandas\u201d. Esse tipo de narrativa ignora o carinho e a expectativa do nosso povo por uma festa bonita, valorizada e que movimente a economia local. Tudo est\u00e1 sendo planejado com responsabilidade, dentro dos par\u00e2metros legais e com zelo pelo dinheiro p\u00fablico.<\/p>\n\n\n\n<p>O que nos entristece \u00e9 ver um debate t\u00e3o importante ser distorcido por interesses que n\u00e3o representam o bem comum. Reafirmamos nosso compromisso com a cultura, com o S\u00e3o Jo\u00e3o,&nbsp; S\u00e3o Pedro e com a transpar\u00eancia. Seguiremos trabalhando com dedica\u00e7\u00e3o para fazer destas festas um momento inesquec\u00edvel \u2014 e verdadeiramente do povo.<\/p>\n\n\n\n<p><strong><em>Secretaria de Cultura, Esporte, Lazer e Juventude-&nbsp;<\/em><\/strong><\/p>\n\n\n\n<p><strong><em>Prefeitura de Jaguarari<\/em><\/strong><\/p>\n","protected":false},"excerpt":{"rendered":"<p>Diante das informa\u00e7\u00f5es equivocadas divulgadas por alguns blogs e ve\u00edculos de comunica\u00e7\u00e3o, a Secretaria de Cultura, Esporte, Lazer e Juventude de Jaguarari vem a p\u00fablico esclarecer os fatos sobre o projeto apresentado na C\u00e2mara Municipal relacionado \u00e0 organiza\u00e7\u00e3o do S\u00e3o Jo\u00e3o e do S\u00e3o Pedro 2025. Primeiramente, reafirmamos que a festa \u00e9 e sempre ser\u00e1 [&hellip;]<\/p>\n","protected":false},"author":2,"featured_media":28892,"comment_status":"open","ping_status":"open","sticky":false,"template":"","format":"standard","meta":{"_jetpack_memberships_contains_paid_content":false,"footnotes":""},"categories":[3],"tags":[],"class_list":["post-28891","post","type-post","status-publish","format-standard","has-post-thumbnail","hentry","category-regional"],"aioseo_notices":[],"jetpack_featured_media_url":"https:\/\/i0.wp.com\/minutobahia24h.com.br\/wp-content\/uploads\/2025\/05\/Sem-titulo-115.jpg?fit=400%2C400&ssl=1","jetpack_sharing_enabled":true,"_links":{"self":[{"href":"https:\/\/minutobahia24h.com.br\/index.php?rest_route=\/wp\/v2\/posts\/28891","targetHints":{"allow":["GET"]}}],"collection":[{"href":"https:\/\/minutobahia24h.com.br\/index.php?rest_route=\/wp\/v2\/posts"}],"about":[{"href":"https:\/\/minutobahia24h.com.br\/index.php?rest_route=\/wp\/v2\/types\/post"}],"author":[{"embeddable":true,"href":"https:\/\/minutobahia24h.com.br\/index.php?rest_route=\/wp\/v2\/users\/2"}],"replies":[{"embeddable":true,"href":"https:\/\/minutobahia24h.com.br\/index.php?rest_route=%2Fwp%2Fv2%2Fcomments&post=28891"}],"version-history":[{"count":1,"href":"https:\/\/minutobahia24h.com.br\/index.php?rest_route=\/wp\/v2\/posts\/28891\/revisions"}],"predecessor-version":[{"id":28893,"href":"https:\/\/minutobahia24h.com.br\/index.php?rest_route=\/wp\/v2\/posts\/28891\/revisions\/28893"}],"wp:featuredmedia":[{"embeddable":true,"href":"https:\/\/minutobahia24h.com.br\/index.php?rest_route=\/wp\/v2\/media\/28892"}],"wp:attachment":[{"href":"https:\/\/minutobahia24h.com.br\/index.php?rest_route=%2Fwp%2Fv2%2Fmedia&parent=28891"}],"wp:term":[{"taxonomy":"category","embeddable":true,"href":"https:\/\/minutobahia24h.com.br\/index.php?rest_route=%2Fwp%2Fv2%2Fcategories&post=28891"},{"taxonomy":"post_tag","embeddable":true,"href":"https:\/\/minutobahia24h.com.br\/index.php?rest_route=%2Fwp%2Fv2%2Ftags&post=28891"}],"curies":[{"name":"wp","href":"https:\/\/api.w.org\/{rel}","templated":true}]}}