{"id":28875,"date":"2025-05-09T14:37:36","date_gmt":"2025-05-09T17:37:36","guid":{"rendered":"https:\/\/minutobahia24h.com.br\/?p=28875"},"modified":"2025-05-09T14:37:38","modified_gmt":"2025-05-09T17:37:38","slug":"micareta-de-feira-de-santana-podera-ser-em-novembro-a-partir-de-2026-diz-prefeito","status":"publish","type":"post","link":"https:\/\/minutobahia24h.com.br\/?p=28875","title":{"rendered":"Micareta de Feira de Santana poder\u00e1 ser em novembro a partir de 2026, diz prefeito"},"content":{"rendered":"<div class=\"wp-block-image\">\n<figure class=\"aligncenter size-full\"><img data-recalc-dims=\"1\" fetchpriority=\"high\" decoding=\"async\" width=\"791\" height=\"470\" src=\"https:\/\/i0.wp.com\/minutobahia24h.com.br\/wp-content\/uploads\/2025\/05\/Sem-titulo-110.jpg?resize=791%2C470&#038;ssl=1\" alt=\"\" class=\"wp-image-28876\" srcset=\"https:\/\/i0.wp.com\/minutobahia24h.com.br\/wp-content\/uploads\/2025\/05\/Sem-titulo-110.jpg?w=791&amp;ssl=1 791w, https:\/\/i0.wp.com\/minutobahia24h.com.br\/wp-content\/uploads\/2025\/05\/Sem-titulo-110.jpg?resize=300%2C178&amp;ssl=1 300w, https:\/\/i0.wp.com\/minutobahia24h.com.br\/wp-content\/uploads\/2025\/05\/Sem-titulo-110.jpg?resize=768%2C456&amp;ssl=1 768w, https:\/\/i0.wp.com\/minutobahia24h.com.br\/wp-content\/uploads\/2025\/05\/Sem-titulo-110.jpg?resize=750%2C446&amp;ssl=1 750w\" sizes=\"(max-width: 791px) 100vw, 791px\" \/><\/figure>\n<\/div>\n\n\n<p>A Micareta de Feira de Santana, considerada o maior Carnaval fora de \u00e9poca do Brasil, pode passar a ser realizada em novembro a partir de 2026. A possibilidade foi divulgada pelo prefeito Jos\u00e9 Ronaldo (Uni\u00e3o), nesta quinta-feira (8), durante entrevista \u00e0 imprensa.<\/p>\n\n\n\n<p>Segundo o gestor, a possibilidade ser\u00e1 discutida nos pr\u00f3ximos dias com representantes de diversos setores ligados \u00e0 organiza\u00e7\u00e3o e realiza\u00e7\u00e3o do evento.<\/p>\n\n\n\n<p>\u201cA micareta foi criada por uma raz\u00e3o hist\u00f3rica que todos sabem: acontecia na mesma data do Carnaval e mudou porque choveu muito naquele ano, sendo ent\u00e3o transferida para abril. Assim nasceu o primeiro Carnaval fora de \u00e9poca do Brasil. Este ano foi de 1\u00ba a 4 de maio, porque 18 de abril coincidiu com a Semana Santa\u201d, explicou Jos\u00e9 Ronaldo.<\/p>\n\n\n<div class=\"wp-block-image\">\n<figure class=\"aligncenter\" id=\"attachment_236112\"><img decoding=\"async\" src=\"https:\/\/i0.wp.com\/www.calilanoticias.com\/wp-content\/uploads\/2020\/03\/micareta-de-feira.jpg?resize=640%2C480&amp;ssl=1\" alt=\"\" class=\"wp-image-236112\"\/><figcaption class=\"wp-element-caption\">Foto arquivo<\/figcaption><\/figure>\n<\/div>\n\n\n<p>De acordo com ele, a nova mudan\u00e7a passou a ser considerada para evitar transtornos provocados pela chuva que costuma atingir a cidade no outono. Al\u00e9m disso, outro fator que contribui para o ajuste no calend\u00e1rio \u00e9 o tempo para o planejamento.<\/p>\n\n\n\n<p>\u201cColoquei novembro como ponto de partida. Acho uma boa data, mas vamos debater. Em novembro, h\u00e1 tempo da prefeitura respirar um pouco, realizar outras festas como o S\u00e3o Jo\u00e3o e o S\u00e3o Pedro, e ainda planejar uma micareta cada vez melhor\u201d.<\/p>\n\n\n\n<p>A decis\u00e3o final sobre a nova data deve ser tomada at\u00e9 julho. A inten\u00e7\u00e3o, segundo o prefeito, \u00e9 garantir mais tempo para capta\u00e7\u00e3o de patroc\u00ednios. \u201cEu preciso ter uma empresa contratada para buscar patroc\u00ednios para 2026, 2027 e 2028. N\u00e3o podemos mais fazer isso faltando 30 dias para uma festa\u201d, completou.<\/p>\n\n\n\n<p>Para o secret\u00e1rio municipal de Cultura, Esporte e Lazer, Cristiano L\u00f4bo, a mudan\u00e7a pode fortalecer ainda mais a festa. \u201cTemos a oportunidade de ampliar o alcance da micareta e consolidar Feira como um dos grandes polos de eventos do Brasil. Novembro oferece uma janela estrat\u00e9gica, com menos concorr\u00eancia de grandes festas e mais chance de atrair turistas e patrocinadores\u201d, defendeu o pol\u00edtico.<\/p>\n\n\n\n<p>Neste ano, a Micareta de Feira ocorreu de 1\u00ba a 4 de maio e teve ainda um arrast\u00e3o comandado pelo cantor Thiago Aquino e pela banda Timbalada na \u00faltima segunda (5). A festa tamb\u00e9m teve eventos de abertura, como os shows de BaianaSystem e Rachel Reis na Pra\u00e7a da Matriz.<\/p>\n\n\n\n<p>Durante os dias de evento, mais de um milh\u00e3o de foli\u00f5es participaram da festa, que reuniu grandes nomes da m\u00fasica baiana, como Bell Marques, Leo Santana e Claudia Leitte, al\u00e9m de blocos tradicionais e diversas atra\u00e7\u00f5es culturais, movimentando a economia da cidade.<\/p>\n\n\n\n<p>agenciadc<\/p>\n","protected":false},"excerpt":{"rendered":"<p>A Micareta de Feira de Santana, considerada o maior Carnaval fora de \u00e9poca do Brasil, pode passar a ser realizada em novembro a partir de 2026. A possibilidade foi divulgada pelo prefeito Jos\u00e9 Ronaldo (Uni\u00e3o), nesta quinta-feira (8), durante entrevista \u00e0 imprensa. Segundo o gestor, a possibilidade ser\u00e1 discutida nos pr\u00f3ximos dias com representantes de [&hellip;]<\/p>\n","protected":false},"author":2,"featured_media":28876,"comment_status":"open","ping_status":"open","sticky":false,"template":"","format":"standard","meta":{"_jetpack_memberships_contains_paid_content":false,"footnotes":""},"categories":[3],"tags":[],"class_list":["post-28875","post","type-post","status-publish","format-standard","has-post-thumbnail","hentry","category-regional"],"aioseo_notices":[],"jetpack_featured_media_url":"https:\/\/i0.wp.com\/minutobahia24h.com.br\/wp-content\/uploads\/2025\/05\/Sem-titulo-110.jpg?fit=791%2C470&ssl=1","jetpack_sharing_enabled":true,"_links":{"self":[{"href":"https:\/\/minutobahia24h.com.br\/index.php?rest_route=\/wp\/v2\/posts\/28875","targetHints":{"allow":["GET"]}}],"collection":[{"href":"https:\/\/minutobahia24h.com.br\/index.php?rest_route=\/wp\/v2\/posts"}],"about":[{"href":"https:\/\/minutobahia24h.com.br\/index.php?rest_route=\/wp\/v2\/types\/post"}],"author":[{"embeddable":true,"href":"https:\/\/minutobahia24h.com.br\/index.php?rest_route=\/wp\/v2\/users\/2"}],"replies":[{"embeddable":true,"href":"https:\/\/minutobahia24h.com.br\/index.php?rest_route=%2Fwp%2Fv2%2Fcomments&post=28875"}],"version-history":[{"count":1,"href":"https:\/\/minutobahia24h.com.br\/index.php?rest_route=\/wp\/v2\/posts\/28875\/revisions"}],"predecessor-version":[{"id":28877,"href":"https:\/\/minutobahia24h.com.br\/index.php?rest_route=\/wp\/v2\/posts\/28875\/revisions\/28877"}],"wp:featuredmedia":[{"embeddable":true,"href":"https:\/\/minutobahia24h.com.br\/index.php?rest_route=\/wp\/v2\/media\/28876"}],"wp:attachment":[{"href":"https:\/\/minutobahia24h.com.br\/index.php?rest_route=%2Fwp%2Fv2%2Fmedia&parent=28875"}],"wp:term":[{"taxonomy":"category","embeddable":true,"href":"https:\/\/minutobahia24h.com.br\/index.php?rest_route=%2Fwp%2Fv2%2Fcategories&post=28875"},{"taxonomy":"post_tag","embeddable":true,"href":"https:\/\/minutobahia24h.com.br\/index.php?rest_route=%2Fwp%2Fv2%2Ftags&post=28875"}],"curies":[{"name":"wp","href":"https:\/\/api.w.org\/{rel}","templated":true}]}}