{"id":28872,"date":"2025-05-09T14:36:30","date_gmt":"2025-05-09T17:36:30","guid":{"rendered":"https:\/\/minutobahia24h.com.br\/?p=28872"},"modified":"2025-05-09T14:36:32","modified_gmt":"2025-05-09T17:36:32","slug":"prefeitura-de-nordestina-prepara-grande-festa-para-comemorar-seus-40-anos-de-emancipacao-politica-e-administrativa","status":"publish","type":"post","link":"https:\/\/minutobahia24h.com.br\/?p=28872","title":{"rendered":"Prefeitura de Nordestina prepara grande festa para comemorar seus 40 anos de emancipa\u00e7\u00e3o pol\u00edtica e administrativa"},"content":{"rendered":"<div class=\"wp-block-image\">\n<figure class=\"aligncenter size-full\"><img data-recalc-dims=\"1\" fetchpriority=\"high\" decoding=\"async\" width=\"800\" height=\"585\" src=\"https:\/\/i0.wp.com\/minutobahia24h.com.br\/wp-content\/uploads\/2025\/05\/Sem-titulo-109.jpg?resize=800%2C585&#038;ssl=1\" alt=\"\" class=\"wp-image-28873\" srcset=\"https:\/\/i0.wp.com\/minutobahia24h.com.br\/wp-content\/uploads\/2025\/05\/Sem-titulo-109.jpg?w=960&amp;ssl=1 960w, https:\/\/i0.wp.com\/minutobahia24h.com.br\/wp-content\/uploads\/2025\/05\/Sem-titulo-109.jpg?resize=300%2C219&amp;ssl=1 300w, https:\/\/i0.wp.com\/minutobahia24h.com.br\/wp-content\/uploads\/2025\/05\/Sem-titulo-109.jpg?resize=768%2C562&amp;ssl=1 768w, https:\/\/i0.wp.com\/minutobahia24h.com.br\/wp-content\/uploads\/2025\/05\/Sem-titulo-109.jpg?resize=750%2C548&amp;ssl=1 750w\" sizes=\"(max-width: 800px) 100vw, 800px\" \/><\/figure>\n<\/div>\n\n\n<p>Nesta sexta-feira, 9 de maio, o munic\u00edpio de Nordestina, localizado no territ\u00f3rio do sisal, na Bahia, comemora seus 40 anos de emancipa\u00e7\u00e3o pol\u00edtica e administrativa com uma maratona de atividades que prometem envolver toda a popula\u00e7\u00e3o \u2014 literalmente, do amanhecer \u00e0 madrugada do dia seguinte.<\/p>\n\n\n\n<p>As celebra\u00e7\u00f5es come\u00e7am na madrugada, \u00e0s 04h50 com alvoarada Axaranga saindo da frente do Col\u00e9gio Tertuliano, \u00e0s 6h da manh\u00e3, concentra\u00e7\u00e3o de atletas e ciclistas na Pra\u00e7a de Eventos. \u00c0s 6h30, tem in\u00edcio a tradicional meia maratona e a prova de ciclismo. Ap\u00f3s o esfor\u00e7o esportivo, os participantes ser\u00e3o recebidos com um caf\u00e9 da manh\u00e3 coletivo e a entrega de premia\u00e7\u00f5es \u00e0s 8h.<\/p>\n\n\n\n<p>\u00c0s 10h, a comunidade se re\u00fane para a missa em a\u00e7\u00e3o de gra\u00e7as na Igreja Matriz, seguida, \u00e0s 11h30, pelo hasteamento das bandeiras ao lado da igreja, ato que simboliza o orgulho e a identidade do povo nordestinense.<\/p>\n\n\n\n<p>Mas o ponto alto das comemora\u00e7\u00f5es acontece \u00e0 noite, a partir das 19h, com o corte do famoso bolo gigante de anivers\u00e1rio, que neste ano atinge impressionantes 40 metros de comprimento \u2014 um metro a mais que no ano anterior \u2014 e cerca de 40 cent\u00edmetros de largura. A iguaria, que virou marca registrada das festividades, \u00e9 decorada com fotos que contam a hist\u00f3ria do munic\u00edpio e as conquistas da gest\u00e3o municipal. O conceito do bolo tem\u00e1tico foi idealizado pelo ex-prefeito Wilson Matos, o \u201cIto\u201d, esposo da atual prefeita Eliete Ara\u00fajo, que se inspirou em uma iniciativa semelhante da cidade de S\u00e3o Paulo.<\/p>\n\n\n<div class=\"wp-block-image\">\n<figure class=\"aligncenter\" id=\"attachment_306347\"><img decoding=\"async\" src=\"https:\/\/i0.wp.com\/www.calilanoticias.com\/wp-content\/uploads\/2024\/05\/niver-de-nordestina-4.jpg?resize=722%2C482&amp;ssl=1\" alt=\"\" class=\"wp-image-306347\"\/><figcaption class=\"wp-element-caption\">Foto: Raimundo Mascarenhas<\/figcaption><\/figure>\n<\/div>\n\n\n<p>Encerrando a programa\u00e7\u00e3o, \u00e0s 21h, a Pra\u00e7a de Eventos se transforma em palco de uma grande festa dan\u00e7ante, reunindo moradores e visitantes em clima de celebra\u00e7\u00e3o e alegria. No palco, shows com Guilherme Ferri, Lambassaia, Pagode do Tabar\u00e9u e Milsinho ToqueDez. A Carreta Pitbull tamb\u00e9m vai marcar presen\u00e7a.<\/p>\n\n\n<div class=\"wp-block-image\">\n<figure class=\"aligncenter\"><img decoding=\"async\" src=\"https:\/\/i0.wp.com\/www.calilanoticias.com\/wp-content\/uploads\/2025\/05\/nordestina-40.jpg?resize=710%2C669&amp;ssl=1\" alt=\"\" class=\"wp-image-321118\"\/><\/figure>\n<\/div>\n\n\n<p>Nordestina mostra, mais uma vez, que sabe comemorar sua hist\u00f3ria com uni\u00e3o, esporte, f\u00e9 e muita do\u00e7ura \u2014 no sentido literal e simb\u00f3lico da palavra.<\/p>\n\n\n\n<p>Fonte: Calila Not\u00edcias<\/p>\n","protected":false},"excerpt":{"rendered":"<p>Nesta sexta-feira, 9 de maio, o munic\u00edpio de Nordestina, localizado no territ\u00f3rio do sisal, na Bahia, comemora seus 40 anos de emancipa\u00e7\u00e3o pol\u00edtica e administrativa com uma maratona de atividades que prometem envolver toda a popula\u00e7\u00e3o \u2014 literalmente, do amanhecer \u00e0 madrugada do dia seguinte. As celebra\u00e7\u00f5es come\u00e7am na madrugada, \u00e0s 04h50 com alvoarada Axaranga [&hellip;]<\/p>\n","protected":false},"author":2,"featured_media":28873,"comment_status":"open","ping_status":"open","sticky":false,"template":"","format":"standard","meta":{"_jetpack_memberships_contains_paid_content":false,"footnotes":""},"categories":[3],"tags":[],"class_list":["post-28872","post","type-post","status-publish","format-standard","has-post-thumbnail","hentry","category-regional"],"aioseo_notices":[],"jetpack_featured_media_url":"https:\/\/i0.wp.com\/minutobahia24h.com.br\/wp-content\/uploads\/2025\/05\/Sem-titulo-109.jpg?fit=960%2C702&ssl=1","jetpack_sharing_enabled":true,"_links":{"self":[{"href":"https:\/\/minutobahia24h.com.br\/index.php?rest_route=\/wp\/v2\/posts\/28872","targetHints":{"allow":["GET"]}}],"collection":[{"href":"https:\/\/minutobahia24h.com.br\/index.php?rest_route=\/wp\/v2\/posts"}],"about":[{"href":"https:\/\/minutobahia24h.com.br\/index.php?rest_route=\/wp\/v2\/types\/post"}],"author":[{"embeddable":true,"href":"https:\/\/minutobahia24h.com.br\/index.php?rest_route=\/wp\/v2\/users\/2"}],"replies":[{"embeddable":true,"href":"https:\/\/minutobahia24h.com.br\/index.php?rest_route=%2Fwp%2Fv2%2Fcomments&post=28872"}],"version-history":[{"count":1,"href":"https:\/\/minutobahia24h.com.br\/index.php?rest_route=\/wp\/v2\/posts\/28872\/revisions"}],"predecessor-version":[{"id":28874,"href":"https:\/\/minutobahia24h.com.br\/index.php?rest_route=\/wp\/v2\/posts\/28872\/revisions\/28874"}],"wp:featuredmedia":[{"embeddable":true,"href":"https:\/\/minutobahia24h.com.br\/index.php?rest_route=\/wp\/v2\/media\/28873"}],"wp:attachment":[{"href":"https:\/\/minutobahia24h.com.br\/index.php?rest_route=%2Fwp%2Fv2%2Fmedia&parent=28872"}],"wp:term":[{"taxonomy":"category","embeddable":true,"href":"https:\/\/minutobahia24h.com.br\/index.php?rest_route=%2Fwp%2Fv2%2Fcategories&post=28872"},{"taxonomy":"post_tag","embeddable":true,"href":"https:\/\/minutobahia24h.com.br\/index.php?rest_route=%2Fwp%2Fv2%2Ftags&post=28872"}],"curies":[{"name":"wp","href":"https:\/\/api.w.org\/{rel}","templated":true}]}}