{"id":28869,"date":"2025-05-09T14:28:18","date_gmt":"2025-05-09T17:28:18","guid":{"rendered":"https:\/\/minutobahia24h.com.br\/?p=28869"},"modified":"2025-05-09T14:28:20","modified_gmt":"2025-05-09T17:28:20","slug":"prefeito-adilberto-evangelista-firma-compromisso-com-o-ministerio-publico-em-prol-da-inclusao-nas-escolas-municipais","status":"publish","type":"post","link":"https:\/\/minutobahia24h.com.br\/?p=28869","title":{"rendered":"Prefeito Adilberto Evangelista firma compromisso com o Minist\u00e9rio P\u00fablico em prol da inclus\u00e3o nas escolas municipais"},"content":{"rendered":"<div class=\"wp-block-image\">\n<figure class=\"aligncenter size-full\"><img data-recalc-dims=\"1\" fetchpriority=\"high\" decoding=\"async\" width=\"477\" height=\"595\" src=\"https:\/\/i0.wp.com\/minutobahia24h.com.br\/wp-content\/uploads\/2025\/05\/Sem-titulo-108.jpg?resize=477%2C595&#038;ssl=1\" alt=\"\" class=\"wp-image-28870\" srcset=\"https:\/\/i0.wp.com\/minutobahia24h.com.br\/wp-content\/uploads\/2025\/05\/Sem-titulo-108.jpg?w=477&amp;ssl=1 477w, https:\/\/i0.wp.com\/minutobahia24h.com.br\/wp-content\/uploads\/2025\/05\/Sem-titulo-108.jpg?resize=241%2C300&amp;ssl=1 241w\" sizes=\"(max-width: 477px) 100vw, 477px\" \/><\/figure>\n<\/div>\n\n\n<p>O prefeito de Andorinha, Adilberto Evangelista, esteve presente no Minist\u00e9rio P\u00fablico, acompanhado pelos secret\u00e1rios Jos\u00e9 V\u00edtor (Infraestrutura), Ancelmo Lino (Sa\u00fade), Dourineide Concei\u00e7\u00e3o (Educa\u00e7\u00e3o) e pelo procurador jur\u00eddico Neto Bonfim. O encontro teve como objetivo reafirmar o compromisso da gest\u00e3o municipal com a inclus\u00e3o nas escolas, uma pauta priorit\u00e1ria e recorrente no munic\u00edpio.<\/p>\n\n\n\n<p>Na ocasi\u00e3o, a comitiva municipal apresentou um relat\u00f3rio detalhado com todas as a\u00e7\u00f5es j\u00e1 realizadas em prol da inclus\u00e3o, refor\u00e7ando o empenho da Prefeitura em garantir um ambiente escolar cada vez mais acess\u00edvel e igualit\u00e1rio para todos os alunos.<\/p>\n\n\n\n<p>&#8220;Estamos aqui para demonstrar, com documentos e a\u00e7\u00f5es concretas, que Andorinha est\u00e1 avan\u00e7ando no cumprimento das pol\u00edticas p\u00fablicas de inclus\u00e3o. Nosso compromisso \u00e9 com uma educa\u00e7\u00e3o de qualidade e para todos&#8221;, destacou o prefeito Adilberto Evangelista.<\/p>\n\n\n\n<p>A Prefeitura de Andorinha segue trabalhando para assegurar os direitos das pessoas com defici\u00eancia, promovendo iniciativas que transformem a realidade educacional e social do munic\u00edpio.<\/p>\n","protected":false},"excerpt":{"rendered":"<p>O prefeito de Andorinha, Adilberto Evangelista, esteve presente no Minist\u00e9rio P\u00fablico, acompanhado pelos secret\u00e1rios Jos\u00e9 V\u00edtor (Infraestrutura), Ancelmo Lino (Sa\u00fade), Dourineide Concei\u00e7\u00e3o (Educa\u00e7\u00e3o) e pelo procurador jur\u00eddico Neto Bonfim. O encontro teve como objetivo reafirmar o compromisso da gest\u00e3o municipal com a inclus\u00e3o nas escolas, uma pauta priorit\u00e1ria e recorrente no munic\u00edpio. Na ocasi\u00e3o, a [&hellip;]<\/p>\n","protected":false},"author":2,"featured_media":28870,"comment_status":"open","ping_status":"open","sticky":false,"template":"","format":"standard","meta":{"_jetpack_memberships_contains_paid_content":false,"footnotes":""},"categories":[3],"tags":[],"class_list":["post-28869","post","type-post","status-publish","format-standard","has-post-thumbnail","hentry","category-regional"],"aioseo_notices":[],"jetpack_featured_media_url":"https:\/\/i0.wp.com\/minutobahia24h.com.br\/wp-content\/uploads\/2025\/05\/Sem-titulo-108.jpg?fit=477%2C595&ssl=1","jetpack_sharing_enabled":true,"_links":{"self":[{"href":"https:\/\/minutobahia24h.com.br\/index.php?rest_route=\/wp\/v2\/posts\/28869","targetHints":{"allow":["GET"]}}],"collection":[{"href":"https:\/\/minutobahia24h.com.br\/index.php?rest_route=\/wp\/v2\/posts"}],"about":[{"href":"https:\/\/minutobahia24h.com.br\/index.php?rest_route=\/wp\/v2\/types\/post"}],"author":[{"embeddable":true,"href":"https:\/\/minutobahia24h.com.br\/index.php?rest_route=\/wp\/v2\/users\/2"}],"replies":[{"embeddable":true,"href":"https:\/\/minutobahia24h.com.br\/index.php?rest_route=%2Fwp%2Fv2%2Fcomments&post=28869"}],"version-history":[{"count":1,"href":"https:\/\/minutobahia24h.com.br\/index.php?rest_route=\/wp\/v2\/posts\/28869\/revisions"}],"predecessor-version":[{"id":28871,"href":"https:\/\/minutobahia24h.com.br\/index.php?rest_route=\/wp\/v2\/posts\/28869\/revisions\/28871"}],"wp:featuredmedia":[{"embeddable":true,"href":"https:\/\/minutobahia24h.com.br\/index.php?rest_route=\/wp\/v2\/media\/28870"}],"wp:attachment":[{"href":"https:\/\/minutobahia24h.com.br\/index.php?rest_route=%2Fwp%2Fv2%2Fmedia&parent=28869"}],"wp:term":[{"taxonomy":"category","embeddable":true,"href":"https:\/\/minutobahia24h.com.br\/index.php?rest_route=%2Fwp%2Fv2%2Fcategories&post=28869"},{"taxonomy":"post_tag","embeddable":true,"href":"https:\/\/minutobahia24h.com.br\/index.php?rest_route=%2Fwp%2Fv2%2Ftags&post=28869"}],"curies":[{"name":"wp","href":"https:\/\/api.w.org\/{rel}","templated":true}]}}