{"id":28854,"date":"2025-05-09T07:45:04","date_gmt":"2025-05-09T10:45:04","guid":{"rendered":"https:\/\/minutobahia24h.com.br\/?p=28854"},"modified":"2025-05-09T07:45:05","modified_gmt":"2025-05-09T10:45:05","slug":"robert-francis-prevost-e-o-novo-papa-e-escolhe-o-nome-leao-xiv","status":"publish","type":"post","link":"https:\/\/minutobahia24h.com.br\/?p=28854","title":{"rendered":"Robert Francis Prevost \u00e9 o novo papa e escolhe o nome Le\u00e3o XIV"},"content":{"rendered":"<div class=\"wp-block-image\">\n<figure class=\"aligncenter size-full\"><img data-recalc-dims=\"1\" fetchpriority=\"high\" decoding=\"async\" width=\"637\" height=\"360\" src=\"https:\/\/i0.wp.com\/minutobahia24h.com.br\/wp-content\/uploads\/2025\/05\/Sem-titulo-103.jpg?resize=637%2C360&#038;ssl=1\" alt=\"\" class=\"wp-image-28855\" srcset=\"https:\/\/i0.wp.com\/minutobahia24h.com.br\/wp-content\/uploads\/2025\/05\/Sem-titulo-103.jpg?w=637&amp;ssl=1 637w, https:\/\/i0.wp.com\/minutobahia24h.com.br\/wp-content\/uploads\/2025\/05\/Sem-titulo-103.jpg?resize=300%2C170&amp;ssl=1 300w\" sizes=\"(max-width: 637px) 100vw, 637px\" \/><\/figure>\n<\/div>\n\n\n<p>Annuntio vobis gaudium magnum; Habemus Papam! &#8220;Anuncio-vos uma grande alegria; temos um Papa!&#8221;.<\/p>\n\n\n\n<p>H\u00e1 poucos instantes, da Sacada Central da Bas\u00edlica de S\u00e3o Pedro, o cardeal protodi\u00e1cono Dominique Mamberti pronunciou a t\u00e3o aguardada f\u00f3rmula em latim, comunicando a Roma e ao mundo o nome do novo Sucessor de Pedro:<\/p>\n\n\n\n<p>\u201cEminentissimum ac Reverendissimum Dominum, Dominum Robertum Franciscum, Sanct\u00e6 Roman\u00e6 Ecclesi\u00e6 Cardinali Prevost, qui sibi nomen imposuit Leo XIII.<\/p>\n\n\n\n<p>Traduzindo para o portugu\u00eas: &#8220;O eminent\u00edssimo e reverend\u00edssimo senhor, senhor Robert Francis, cardeal da Santa Igreja Romana PREVOST, que se imp\u00f4s o nome de Le\u00e3o XIV&#8221;.<\/p>\n\n\n\n<p>\u00c0s cerca de 100 mil pessoas que lotavam a Pra\u00e7a S\u00e3o Pedro e Via da Concilia\u00e7\u00e3o, o novo Pont\u00edfice dirigiu as seguintes palavras&#8221;:<\/p>\n\n\n\n<p>&#8220;A paz esteja com todos voc\u00eas!<\/p>\n\n\n\n<p>Car\u00edssimos irm\u00e3os e irm\u00e3s, esta \u00e9 a primeira sauda\u00e7\u00e3o de Cristo Ressuscitado, o Bom Pastor que deu a vida pelo rebanho de Deus. Eu tamb\u00e9m gostaria que esta sauda\u00e7\u00e3o de paz entrasse em seus cora\u00e7\u00f5es, chegasse \u00e0s suas fam\u00edlias, a todas as pessoas, onde quer que estejam, a todos os povos, a toda a terra. A paz esteja com voc\u00eas!<\/p>\n\n\n\n<p>Esta \u00e9 a paz de Cristo Ressuscitado, uma paz desarmada e uma paz desarmante, humilde e perseverante. Ela vem de Deus, Deus que nos ama a todos incondicionalmente. Ainda conservamos em nossos ouvidos aquela voz fraca, mas sempre corajosa, do Papa Francisco que aben\u00e7oava Roma!<\/p>\n\n\n\n<p>O Papa que aben\u00e7oava Roma concedia a sua b\u00ean\u00e7\u00e3o ao mundo, ao mundo inteiro, naquela manh\u00e3 do dia de P\u00e1scoa. Permitam-me prosseguir com essa mesma b\u00ean\u00e7\u00e3o: Deus nos ama, Deus ama a todos voc\u00eas, e o mal n\u00e3o prevalecer\u00e1! Estamos todos nas m\u00e3os de Deus. Portanto, sem medo, unidos de m\u00e3os dadas com Deus e entre n\u00f3s, sigamos em frente. Somos disc\u00edpulos de Cristo. Cristo nos precede. O mundo precisa de sua luz. A humanidade precisa dele como ponte para ser alcan\u00e7ada por Deus e seu amor. Ajudai-nos tamb\u00e9m v\u00f3s, e depois uns aos outros, a construir pontes, com o di\u00e1logo, com o encontro, unindo-nos a todos para sermos um s\u00f3 povo, sempre em paz. Obrigado, Papa Francisco!<\/p>\n\n\n\n<p>Quero tamb\u00e9m agradecer a todos os meus irm\u00e3os cardeais que me escolheram para ser o Sucessor de Pedro e caminhar junto com voc\u00eas, como Igreja unida, sempre buscando a paz, a justi\u00e7a, buscando sempre trabalhar como homens e mulheres fi\u00e9is a Jesus Cristo, sem medo, para proclamar o Evangelho, para sermos mission\u00e1rios.<\/p>\n\n\n\n<p>Sou filho de Santo Agostinho, um agostiniano, que disse: \u201ccom voc\u00eas sou crist\u00e3o e para voc\u00eas bispo\u201d. Nesse sentido, podemos todos caminhar juntos rumo \u00e0quela p\u00e1tria que Deus nos preparou.<\/p>\n\n\n\n<p>\u00c0 Igreja de Roma, uma sauda\u00e7\u00e3o especial! [Aplausos] Devemos buscar juntos como ser uma Igreja mission\u00e1ria, uma Igreja que constr\u00f3i pontes, dialoga, sempre aberta para receber como esta pra\u00e7a com os bra\u00e7os abertos. A todos, a todos aqueles que precisam da nossa caridade, da nossa presen\u00e7a, do di\u00e1logo e do amor.<\/p>\n\n\n\n<p>(em espanhol)<\/p>\n\n\n\n<p>Y si me permiten tambi\u00e9n, una palabra, un saludo a todos aquellos y en modo particular a mi querida di\u00f3cesis de Chiclayo, en el Per\u00fa, donde un pueblo fiel ha acompa\u00f1ado a su obispo, ha compartido su fe y ha dado tanto, tanto para seguir siendo Iglesia fiel de Jesucristo.<\/p>\n\n\n\n<p>Tradu\u00e7\u00e3o:<\/p>\n\n\n\n<p>E se&nbsp;&nbsp;tamb\u00e9m me permitem, uma palavra, uma sauda\u00e7\u00e3o a todos aqueles, e em particular \u00e0 minha querida Diocese de Chiclayo, no Peru, onde um povo fiel acompanhou seu bispo, compartilhou sua f\u00e9 e deu muito, muito para continuar sendo Igreja fiel de Jesus Cristo.<\/p>\n\n\n\n<p>A todos voc\u00eas, irm\u00e3os e irm\u00e3s de Roma, da It\u00e1lia, do mundo inteiro, queremos ser uma Igreja sinodal, uma Igreja que caminha, uma Igreja que sempre busca a paz, que sempre busca a caridade, que sempre busca estar pr\u00f3xima, especialmente daqueles que sofrem.<\/p>\n\n\n\n<p>Hoje \u00e9 o dia da S\u00faplica a Nossa Senhora de Pompeia. Nossa M\u00e3e Maria quer sempre caminhar conosco, estar pr\u00f3xima, ajudar-nos com sua intercess\u00e3o e seu amor.<\/p>\n\n\n\n<p>Por isso, gostaria de rezar junto com voc\u00eas. Rezemos juntos por esta nova miss\u00e3o, por toda a Igreja, pela paz no mundo e pe\u00e7amos esta gra\u00e7a especial a Maria, nossa M\u00e3e.&#8221;<\/p>\n\n\n\n<p><strong><em>Fonte: Vatican News<\/em><\/strong><\/p>\n","protected":false},"excerpt":{"rendered":"<p>Annuntio vobis gaudium magnum; Habemus Papam! &#8220;Anuncio-vos uma grande alegria; temos um Papa!&#8221;. H\u00e1 poucos instantes, da Sacada Central da Bas\u00edlica de S\u00e3o Pedro, o cardeal protodi\u00e1cono Dominique Mamberti pronunciou a t\u00e3o aguardada f\u00f3rmula em latim, comunicando a Roma e ao mundo o nome do novo Sucessor de Pedro: \u201cEminentissimum ac Reverendissimum Dominum, Dominum Robertum [&hellip;]<\/p>\n","protected":false},"author":2,"featured_media":28855,"comment_status":"open","ping_status":"open","sticky":false,"template":"","format":"standard","meta":{"_jetpack_memberships_contains_paid_content":false,"footnotes":""},"categories":[15],"tags":[],"class_list":["post-28854","post","type-post","status-publish","format-standard","has-post-thumbnail","hentry","category-mundo"],"aioseo_notices":[],"jetpack_featured_media_url":"https:\/\/i0.wp.com\/minutobahia24h.com.br\/wp-content\/uploads\/2025\/05\/Sem-titulo-103.jpg?fit=637%2C360&ssl=1","jetpack_sharing_enabled":true,"_links":{"self":[{"href":"https:\/\/minutobahia24h.com.br\/index.php?rest_route=\/wp\/v2\/posts\/28854","targetHints":{"allow":["GET"]}}],"collection":[{"href":"https:\/\/minutobahia24h.com.br\/index.php?rest_route=\/wp\/v2\/posts"}],"about":[{"href":"https:\/\/minutobahia24h.com.br\/index.php?rest_route=\/wp\/v2\/types\/post"}],"author":[{"embeddable":true,"href":"https:\/\/minutobahia24h.com.br\/index.php?rest_route=\/wp\/v2\/users\/2"}],"replies":[{"embeddable":true,"href":"https:\/\/minutobahia24h.com.br\/index.php?rest_route=%2Fwp%2Fv2%2Fcomments&post=28854"}],"version-history":[{"count":1,"href":"https:\/\/minutobahia24h.com.br\/index.php?rest_route=\/wp\/v2\/posts\/28854\/revisions"}],"predecessor-version":[{"id":28856,"href":"https:\/\/minutobahia24h.com.br\/index.php?rest_route=\/wp\/v2\/posts\/28854\/revisions\/28856"}],"wp:featuredmedia":[{"embeddable":true,"href":"https:\/\/minutobahia24h.com.br\/index.php?rest_route=\/wp\/v2\/media\/28855"}],"wp:attachment":[{"href":"https:\/\/minutobahia24h.com.br\/index.php?rest_route=%2Fwp%2Fv2%2Fmedia&parent=28854"}],"wp:term":[{"taxonomy":"category","embeddable":true,"href":"https:\/\/minutobahia24h.com.br\/index.php?rest_route=%2Fwp%2Fv2%2Fcategories&post=28854"},{"taxonomy":"post_tag","embeddable":true,"href":"https:\/\/minutobahia24h.com.br\/index.php?rest_route=%2Fwp%2Fv2%2Ftags&post=28854"}],"curies":[{"name":"wp","href":"https:\/\/api.w.org\/{rel}","templated":true}]}}