{"id":28845,"date":"2025-05-09T07:37:24","date_gmt":"2025-05-09T10:37:24","guid":{"rendered":"https:\/\/minutobahia24h.com.br\/?p=28845"},"modified":"2025-05-09T07:37:26","modified_gmt":"2025-05-09T10:37:26","slug":"mp-ba-recomenda-que-detran-ba-regulamente-e-facilite-acesso-a-registros-de-veiculos-para-pcd","status":"publish","type":"post","link":"https:\/\/minutobahia24h.com.br\/?p=28845","title":{"rendered":"MP-BA recomenda que Detran-BA regulamente e facilite acesso a registros de ve\u00edculos para PCD"},"content":{"rendered":"<div class=\"wp-block-image\">\n<figure class=\"aligncenter size-large\"><img data-recalc-dims=\"1\" fetchpriority=\"high\" decoding=\"async\" width=\"800\" height=\"420\" src=\"https:\/\/i0.wp.com\/minutobahia24h.com.br\/wp-content\/uploads\/2025\/05\/Sem-titulo-100-1024x538.jpg?resize=800%2C420&#038;ssl=1\" alt=\"\" class=\"wp-image-28846\" srcset=\"https:\/\/i0.wp.com\/minutobahia24h.com.br\/wp-content\/uploads\/2025\/05\/Sem-titulo-100.jpg?resize=1024%2C538&amp;ssl=1 1024w, https:\/\/i0.wp.com\/minutobahia24h.com.br\/wp-content\/uploads\/2025\/05\/Sem-titulo-100.jpg?resize=300%2C158&amp;ssl=1 300w, https:\/\/i0.wp.com\/minutobahia24h.com.br\/wp-content\/uploads\/2025\/05\/Sem-titulo-100.jpg?resize=768%2C403&amp;ssl=1 768w, https:\/\/i0.wp.com\/minutobahia24h.com.br\/wp-content\/uploads\/2025\/05\/Sem-titulo-100.jpg?resize=750%2C394&amp;ssl=1 750w, https:\/\/i0.wp.com\/minutobahia24h.com.br\/wp-content\/uploads\/2025\/05\/Sem-titulo-100.jpg?resize=1140%2C599&amp;ssl=1 1140w, https:\/\/i0.wp.com\/minutobahia24h.com.br\/wp-content\/uploads\/2025\/05\/Sem-titulo-100.jpg?w=1200&amp;ssl=1 1200w\" sizes=\"(max-width: 800px) 100vw, 800px\" \/><figcaption class=\"wp-element-caption\">Foto: Shutterstock<br><\/figcaption><\/figure>\n<\/div>\n\n\n<p>O Minist\u00e9rio P\u00fablico da Bahia (MP-BA) emitiu, nesta quinta-feira (8), uma recomenda\u00e7\u00e3o dirigida ao Departamento Estadual de Tr\u00e2nsito (Detran-BA) para garantir maior clareza e acessibilidade nos procedimentos de registro de ve\u00edculos para pessoas com defici\u00eancia (PCD), especialmente crian\u00e7as e adolescentes.&nbsp;<\/p>\n\n\n\n<p>O documento, assinado pela promotora de Justi\u00e7a Maria Eug\u00eania Passos da Silva Oliveira, visa corrigir exig\u00eancias consideradas abusivas e desnecess\u00e1rias, como a solicita\u00e7\u00e3o de termo de curatela para representantes legais de menores com Transtorno do Espectro Autista (TEA).<\/p>\n\n\n\n<p>A medida surge ap\u00f3s an\u00e1lise de um caso espec\u00edfico em que a m\u00e3e de um adolescente com autismo foi obrigada a ingressar com a\u00e7\u00e3o judicial para registrar um ve\u00edculo no nome do filho, benefici\u00e1rio da isen\u00e7\u00e3o fiscal. O texto do conv\u00eanio determina que o autom\u00f3vel deve ser registrado em nome da pessoa com defici\u00eancia, mas, na pr\u00e1tica, o Detran-BA exigia a curatela, que \u00e9 um processo judicial complexo e custoso, mesmo quando os pais j\u00e1 detinham a representa\u00e7\u00e3o legal do menor.<\/p>\n\n\n\n<p>A promotora destacou que a exig\u00eancia gerou \u00f4nus desnecess\u00e1rio \u00e0s fam\u00edlias, incluindo custas advocat\u00edcias e sobrecarga ao Poder Judici\u00e1rio, al\u00e9m de retardar o acesso a um direito fundamental.<\/p>\n\n\n\n<p>O MP-BA determinou que o Detran estabele\u00e7a um fluxo administrativo claro para registro de ve\u00edculos PCD, com diretrizes espec\u00edficas para casos envolvendo crian\u00e7as e adolescentes. Al\u00e9m disso, a recomenda\u00e7\u00e3o inclui&nbsp;a necessidade de publicar no site do \u00f3rg\u00e3o uma lista de documentos necess\u00e1rios para pais ou respons\u00e1veis legais, eliminando a exig\u00eancia de curatela quando j\u00e1 houver representa\u00e7\u00e3o legal v\u00e1lida. O descumprimento pode levar a medidas judiciais.<\/p>\n\n\n\n<p>Em nota enviada ao Bahia Not\u00edcias, o Detran-BA informou que uma nova Instru\u00e7\u00e3o Normativa est\u00e1 em fase final de an\u00e1lise pela Procuradoria-Geral do Estado (PGE) e trar\u00e1 diretrizes claras para desburocratizar o registro e transfer\u00eancia de ve\u00edculos em nome de crian\u00e7as e adolescentes com defici\u00eancia. A medida eliminar\u00e1 a exig\u00eancia de autoriza\u00e7\u00e3o judicial nesses casos, atendendo \u00e0s cr\u00edticas do MP sobre obst\u00e1culos enfrentados por fam\u00edlias.<\/p>\n\n\n\n<p>Leia a nota na \u00edntegra:<\/p>\n\n\n\n<p><em>Uma nova Instru\u00e7\u00e3o Normativa est\u00e1 em fase final de an\u00e1lise na Procuradoria-Geral do Estado (PGE) e trar\u00e1 orienta\u00e7\u00f5es importantes aos setores do DETRAN, tanto na capital quanto no interior. O documento estabelece diretrizes para a realiza\u00e7\u00e3o da transfer\u00eancia de propriedade de ve\u00edculos registrados em nome de menores com defici\u00eancia.<\/em><\/p>\n\n\n\n<p><em>De acordo com o conte\u00fado da normativa, nesses casos n\u00e3o ser\u00e1 exigida a autoriza\u00e7\u00e3o judicial para a efetiva\u00e7\u00e3o do servi\u00e7o.<\/em><\/p>\n\n\n\n<p><em>A iniciativa visa desburocratizar o processo, garantindo mais agilidade na aten\u00e7\u00e3o aos direitos das pessoas com defici\u00eancia e suas fam\u00edlias.<\/em><\/p>\n\n\n\n<p>BN<\/p>\n","protected":false},"excerpt":{"rendered":"<p>O Minist\u00e9rio P\u00fablico da Bahia (MP-BA) emitiu, nesta quinta-feira (8), uma recomenda\u00e7\u00e3o dirigida ao Departamento Estadual de Tr\u00e2nsito (Detran-BA) para garantir maior clareza e acessibilidade nos procedimentos de registro de ve\u00edculos para pessoas com defici\u00eancia (PCD), especialmente crian\u00e7as e adolescentes.&nbsp; O documento, assinado pela promotora de Justi\u00e7a Maria Eug\u00eania Passos da Silva Oliveira, visa corrigir [&hellip;]<\/p>\n","protected":false},"author":2,"featured_media":28846,"comment_status":"open","ping_status":"open","sticky":false,"template":"","format":"standard","meta":{"_jetpack_memberships_contains_paid_content":false,"footnotes":""},"categories":[46],"tags":[],"class_list":["post-28845","post","type-post","status-publish","format-standard","has-post-thumbnail","hentry","category-noticia"],"aioseo_notices":[],"jetpack_featured_media_url":"https:\/\/i0.wp.com\/minutobahia24h.com.br\/wp-content\/uploads\/2025\/05\/Sem-titulo-100.jpg?fit=1200%2C630&ssl=1","jetpack_sharing_enabled":true,"_links":{"self":[{"href":"https:\/\/minutobahia24h.com.br\/index.php?rest_route=\/wp\/v2\/posts\/28845","targetHints":{"allow":["GET"]}}],"collection":[{"href":"https:\/\/minutobahia24h.com.br\/index.php?rest_route=\/wp\/v2\/posts"}],"about":[{"href":"https:\/\/minutobahia24h.com.br\/index.php?rest_route=\/wp\/v2\/types\/post"}],"author":[{"embeddable":true,"href":"https:\/\/minutobahia24h.com.br\/index.php?rest_route=\/wp\/v2\/users\/2"}],"replies":[{"embeddable":true,"href":"https:\/\/minutobahia24h.com.br\/index.php?rest_route=%2Fwp%2Fv2%2Fcomments&post=28845"}],"version-history":[{"count":1,"href":"https:\/\/minutobahia24h.com.br\/index.php?rest_route=\/wp\/v2\/posts\/28845\/revisions"}],"predecessor-version":[{"id":28847,"href":"https:\/\/minutobahia24h.com.br\/index.php?rest_route=\/wp\/v2\/posts\/28845\/revisions\/28847"}],"wp:featuredmedia":[{"embeddable":true,"href":"https:\/\/minutobahia24h.com.br\/index.php?rest_route=\/wp\/v2\/media\/28846"}],"wp:attachment":[{"href":"https:\/\/minutobahia24h.com.br\/index.php?rest_route=%2Fwp%2Fv2%2Fmedia&parent=28845"}],"wp:term":[{"taxonomy":"category","embeddable":true,"href":"https:\/\/minutobahia24h.com.br\/index.php?rest_route=%2Fwp%2Fv2%2Fcategories&post=28845"},{"taxonomy":"post_tag","embeddable":true,"href":"https:\/\/minutobahia24h.com.br\/index.php?rest_route=%2Fwp%2Fv2%2Ftags&post=28845"}],"curies":[{"name":"wp","href":"https:\/\/api.w.org\/{rel}","templated":true}]}}