{"id":28762,"date":"2025-05-07T14:58:13","date_gmt":"2025-05-07T17:58:13","guid":{"rendered":"https:\/\/minutobahia24h.com.br\/?p=28762"},"modified":"2025-05-07T14:58:15","modified_gmt":"2025-05-07T17:58:15","slug":"deputado-bobo-articula-apoio-a-35a-expobonfim-em-reuniao-com-a-seagri","status":"publish","type":"post","link":"https:\/\/minutobahia24h.com.br\/?p=28762","title":{"rendered":"Deputado Bob\u00f4 articula apoio \u00e0 35\u00aa ExpoBonfim em reuni\u00e3o com a SEAGRI"},"content":{"rendered":"<div class=\"wp-block-image\">\n<figure class=\"aligncenter size-large\"><img data-recalc-dims=\"1\" fetchpriority=\"high\" decoding=\"async\" width=\"800\" height=\"600\" src=\"https:\/\/i0.wp.com\/minutobahia24h.com.br\/wp-content\/uploads\/2025\/05\/WhatsApp-Image-2025-05-07-at-14.39.34.jpeg?resize=800%2C600\" alt=\"\" class=\"wp-image-28763\" srcset=\"https:\/\/i0.wp.com\/minutobahia24h.com.br\/wp-content\/uploads\/2025\/05\/WhatsApp-Image-2025-05-07-at-14.39.34-scaled.jpeg?resize=1024%2C768&amp;ssl=1 1024w, https:\/\/i0.wp.com\/minutobahia24h.com.br\/wp-content\/uploads\/2025\/05\/WhatsApp-Image-2025-05-07-at-14.39.34-scaled.jpeg?resize=300%2C225&amp;ssl=1 300w, https:\/\/i0.wp.com\/minutobahia24h.com.br\/wp-content\/uploads\/2025\/05\/WhatsApp-Image-2025-05-07-at-14.39.34-scaled.jpeg?resize=768%2C576&amp;ssl=1 768w, https:\/\/i0.wp.com\/minutobahia24h.com.br\/wp-content\/uploads\/2025\/05\/WhatsApp-Image-2025-05-07-at-14.39.34-scaled.jpeg?resize=1536%2C1152&amp;ssl=1 1536w, https:\/\/i0.wp.com\/minutobahia24h.com.br\/wp-content\/uploads\/2025\/05\/WhatsApp-Image-2025-05-07-at-14.39.34-scaled.jpeg?resize=2048%2C1536&amp;ssl=1 2048w, https:\/\/i0.wp.com\/minutobahia24h.com.br\/wp-content\/uploads\/2025\/05\/WhatsApp-Image-2025-05-07-at-14.39.34-scaled.jpeg?resize=750%2C563&amp;ssl=1 750w, https:\/\/i0.wp.com\/minutobahia24h.com.br\/wp-content\/uploads\/2025\/05\/WhatsApp-Image-2025-05-07-at-14.39.34-scaled.jpeg?resize=1140%2C855&amp;ssl=1 1140w, https:\/\/i0.wp.com\/minutobahia24h.com.br\/wp-content\/uploads\/2025\/05\/WhatsApp-Image-2025-05-07-at-14.39.34-scaled.jpeg?w=1600 1600w, https:\/\/i0.wp.com\/minutobahia24h.com.br\/wp-content\/uploads\/2025\/05\/WhatsApp-Image-2025-05-07-at-14.39.34-scaled.jpeg?w=2400 2400w\" sizes=\"(max-width: 800px) 100vw, 800px\" \/><\/figure>\n<\/div>\n\n\n<p>O deputado estadual Bob\u00f4 esteve reunido com o secret\u00e1rio da Agricultura da Bahia, Pablo Barrozo, e o presidente do Sindicato dos Produtores Rurais de Senhor do Bonfim, Ivo Santiago, para tratar do fortalecimento da agropecu\u00e1ria regional e, especialmente, do apoio \u00e0 35\u00aa edi\u00e7\u00e3o da Exposi\u00e7\u00e3o Agropecu\u00e1ria de Senhor do Bonfim (ExpoBonfim), que acontecer\u00e1 entre os dias 17 e 20 de julho.<\/p>\n\n\n\n<p>Tamb\u00e9m participaram da reuni\u00e3o alguns representantes da pecu\u00e1ria bonfinense: H\u00e9lcio Cardoso (bovinocultor de corte), Luiz Teixeira (ovinocultor), M\u00e1rcio (vice-presidente do Sindicato) e Carmo Biscarde (m\u00e9dico veterin\u00e1rio e professor do IFBAIANO \u2013 campus Senhor do Bonfim).<\/p>\n\n\n\n<figure class=\"wp-block-image size-large\"><img data-recalc-dims=\"1\" decoding=\"async\" width=\"800\" height=\"600\" src=\"https:\/\/i0.wp.com\/minutobahia24h.com.br\/wp-content\/uploads\/2025\/05\/WhatsApp-Image-2025-05-07-at-14.39.32-1024x768.jpeg?resize=800%2C600&#038;ssl=1\" alt=\"\" class=\"wp-image-28764\" srcset=\"https:\/\/i0.wp.com\/minutobahia24h.com.br\/wp-content\/uploads\/2025\/05\/WhatsApp-Image-2025-05-07-at-14.39.32-scaled.jpeg?resize=1024%2C768&amp;ssl=1 1024w, https:\/\/i0.wp.com\/minutobahia24h.com.br\/wp-content\/uploads\/2025\/05\/WhatsApp-Image-2025-05-07-at-14.39.32-scaled.jpeg?resize=300%2C225&amp;ssl=1 300w, https:\/\/i0.wp.com\/minutobahia24h.com.br\/wp-content\/uploads\/2025\/05\/WhatsApp-Image-2025-05-07-at-14.39.32-scaled.jpeg?resize=768%2C576&amp;ssl=1 768w, https:\/\/i0.wp.com\/minutobahia24h.com.br\/wp-content\/uploads\/2025\/05\/WhatsApp-Image-2025-05-07-at-14.39.32-scaled.jpeg?resize=1536%2C1152&amp;ssl=1 1536w, https:\/\/i0.wp.com\/minutobahia24h.com.br\/wp-content\/uploads\/2025\/05\/WhatsApp-Image-2025-05-07-at-14.39.32-scaled.jpeg?resize=2048%2C1536&amp;ssl=1 2048w, https:\/\/i0.wp.com\/minutobahia24h.com.br\/wp-content\/uploads\/2025\/05\/WhatsApp-Image-2025-05-07-at-14.39.32-scaled.jpeg?resize=750%2C563&amp;ssl=1 750w, https:\/\/i0.wp.com\/minutobahia24h.com.br\/wp-content\/uploads\/2025\/05\/WhatsApp-Image-2025-05-07-at-14.39.32-scaled.jpeg?resize=1140%2C855&amp;ssl=1 1140w, https:\/\/i0.wp.com\/minutobahia24h.com.br\/wp-content\/uploads\/2025\/05\/WhatsApp-Image-2025-05-07-at-14.39.32-scaled.jpeg?w=1600 1600w, https:\/\/i0.wp.com\/minutobahia24h.com.br\/wp-content\/uploads\/2025\/05\/WhatsApp-Image-2025-05-07-at-14.39.32-scaled.jpeg?w=2400 2400w\" sizes=\"(max-width: 800px) 100vw, 800px\" \/><\/figure>\n\n\n\n<p>Bob\u00f4 destacou a import\u00e2ncia da exposi\u00e7\u00e3o como vitrine da produ\u00e7\u00e3o local, ponto de interc\u00e2mbio de saberes do campo e motor de gera\u00e7\u00e3o de emprego e renda na regi\u00e3o.<\/p>\n\n\n\n<p>\u201cA ExpoBonfim \u00e9 mais que um evento: valoriza os nossos produtores e produtoras, movimenta a economia, fortalece a produ\u00e7\u00e3o e incentiva a troca de experi\u00eancias no campo. \u00c9 uma a\u00e7\u00e3o estrat\u00e9gica para o desenvolvimento rural da nossa regi\u00e3o\u201d, afirmou o deputado.<\/p>\n\n\n\n<p>Durante a reuni\u00e3o, tamb\u00e9m foram discutidas outras demandas e iniciativas de fomento \u00e0 agropecu\u00e1ria local. Bob\u00f4 agradeceu ao secret\u00e1rio Pablo Barrozo e \u00e0 equipe da Secretaria da Agricultura, Pecu\u00e1ria, Irriga\u00e7\u00e3o, Pesca e Aquicultura da Bahia (SEAGRI) pela receptividade e pelo compromisso com o setor.<\/p>\n\n\n\n<p>\u201cSeguimos juntos trabalhando para fortalecer quem vive do campo e impulsionar o desenvolvimento sustent\u00e1vel do interior da Bahia\u201d, concluiu.<\/p>\n","protected":false},"excerpt":{"rendered":"<p>O deputado estadual Bob\u00f4 esteve reunido com o secret\u00e1rio da Agricultura da Bahia, Pablo Barrozo, e o presidente do Sindicato dos Produtores Rurais de Senhor do Bonfim, Ivo Santiago, para tratar do fortalecimento da agropecu\u00e1ria regional e, especialmente, do apoio \u00e0 35\u00aa edi\u00e7\u00e3o da Exposi\u00e7\u00e3o Agropecu\u00e1ria de Senhor do Bonfim (ExpoBonfim), que acontecer\u00e1 entre os [&hellip;]<\/p>\n","protected":false},"author":2,"featured_media":28763,"comment_status":"open","ping_status":"open","sticky":false,"template":"","format":"standard","meta":{"_jetpack_memberships_contains_paid_content":false,"footnotes":""},"categories":[3],"tags":[],"class_list":["post-28762","post","type-post","status-publish","format-standard","has-post-thumbnail","hentry","category-regional"],"aioseo_notices":[],"jetpack_featured_media_url":"https:\/\/i0.wp.com\/minutobahia24h.com.br\/wp-content\/uploads\/2025\/05\/WhatsApp-Image-2025-05-07-at-14.39.34-scaled.jpeg?fit=2560%2C1920&ssl=1","jetpack_sharing_enabled":true,"_links":{"self":[{"href":"https:\/\/minutobahia24h.com.br\/index.php?rest_route=\/wp\/v2\/posts\/28762","targetHints":{"allow":["GET"]}}],"collection":[{"href":"https:\/\/minutobahia24h.com.br\/index.php?rest_route=\/wp\/v2\/posts"}],"about":[{"href":"https:\/\/minutobahia24h.com.br\/index.php?rest_route=\/wp\/v2\/types\/post"}],"author":[{"embeddable":true,"href":"https:\/\/minutobahia24h.com.br\/index.php?rest_route=\/wp\/v2\/users\/2"}],"replies":[{"embeddable":true,"href":"https:\/\/minutobahia24h.com.br\/index.php?rest_route=%2Fwp%2Fv2%2Fcomments&post=28762"}],"version-history":[{"count":1,"href":"https:\/\/minutobahia24h.com.br\/index.php?rest_route=\/wp\/v2\/posts\/28762\/revisions"}],"predecessor-version":[{"id":28765,"href":"https:\/\/minutobahia24h.com.br\/index.php?rest_route=\/wp\/v2\/posts\/28762\/revisions\/28765"}],"wp:featuredmedia":[{"embeddable":true,"href":"https:\/\/minutobahia24h.com.br\/index.php?rest_route=\/wp\/v2\/media\/28763"}],"wp:attachment":[{"href":"https:\/\/minutobahia24h.com.br\/index.php?rest_route=%2Fwp%2Fv2%2Fmedia&parent=28762"}],"wp:term":[{"taxonomy":"category","embeddable":true,"href":"https:\/\/minutobahia24h.com.br\/index.php?rest_route=%2Fwp%2Fv2%2Fcategories&post=28762"},{"taxonomy":"post_tag","embeddable":true,"href":"https:\/\/minutobahia24h.com.br\/index.php?rest_route=%2Fwp%2Fv2%2Ftags&post=28762"}],"curies":[{"name":"wp","href":"https:\/\/api.w.org\/{rel}","templated":true}]}}