{"id":28753,"date":"2025-05-07T07:34:55","date_gmt":"2025-05-07T10:34:55","guid":{"rendered":"https:\/\/minutobahia24h.com.br\/?p=28753"},"modified":"2025-05-07T07:34:57","modified_gmt":"2025-05-07T10:34:57","slug":"stf-torna-mais-sete-reus-por-participacao-na-abin-paralela-ligada-a-trama-golpista-de-bolsonaro","status":"publish","type":"post","link":"https:\/\/minutobahia24h.com.br\/?p=28753","title":{"rendered":"STF torna mais sete r\u00e9us por participa\u00e7\u00e3o na Abin paralela ligada \u00e0 trama golpista de Bolsonaro"},"content":{"rendered":"<div class=\"wp-block-image\">\n<figure class=\"aligncenter size-full\"><img data-recalc-dims=\"1\" fetchpriority=\"high\" decoding=\"async\" width=\"600\" height=\"420\" src=\"https:\/\/i0.wp.com\/minutobahia24h.com.br\/wp-content\/uploads\/2025\/05\/Sem-titulo-75.jpg?resize=600%2C420&#038;ssl=1\" alt=\"\" class=\"wp-image-28754\" srcset=\"https:\/\/i0.wp.com\/minutobahia24h.com.br\/wp-content\/uploads\/2025\/05\/Sem-titulo-75.jpg?w=600&amp;ssl=1 600w, https:\/\/i0.wp.com\/minutobahia24h.com.br\/wp-content\/uploads\/2025\/05\/Sem-titulo-75.jpg?resize=300%2C210&amp;ssl=1 300w\" sizes=\"(max-width: 600px) 100vw, 600px\" \/><figcaption class=\"wp-element-caption\">Foto: Gustavo Moren\/STF<br><\/figcaption><\/figure>\n<\/div>\n\n\n<p>A Primeira Turma do Supremo Tribunal Federal (STF) decidiu, nesta ter\u00e7a-feira (6), tornar r\u00e9us mais sete investigados por envolvimento na trama golpista durante o governo do ex-presidente Jair Bolsonaro (PL). A decis\u00e3o foi un\u00e2nime entre os cinco ministros do colegiado.<\/p>\n\n\n\n<p>Os r\u00e9us fazem parte do chamado \u201cn\u00facleo 4\u201d, formado por militares do Ex\u00e9rcito e um policial federal, acusados de operar uma estrutura clandestina de desinforma\u00e7\u00e3o ligada \u00e0 Abin paralela \u2014 um bra\u00e7o informal da Ag\u00eancia Brasileira de Intelig\u00eancia usado para disseminar ataques contra o sistema eleitoral e autoridades.<\/p>\n\n\n\n<p>O relator do caso, ministro Alexandre de Moraes, votou pelo recebimento da den\u00fancia apresentada pela Procuradoria-Geral da Rep\u00fablica (PGR), e foi acompanhado por Fl\u00e1vio Dino, C\u00e1rmen L\u00facia, Luiz Fux e Cristiano Zanin.<\/p>\n\n\n\n<p><strong>Os novos r\u00e9us s\u00e3o:<\/strong><\/p>\n\n\n\n<p>Ailton Gon\u00e7alves Moraes Barros (major da reserva do Ex\u00e9rcito)<\/p>\n\n\n\n<p>\u00c2ngelo Martins Denicoli (major da reserva do Ex\u00e9rcito)<\/p>\n\n\n\n<p>Giancarlo Gomes Rodrigues (subtenente do Ex\u00e9rcito)<\/p>\n\n\n\n<p>Guilherme Marques de Almeida (tenente-coronel do Ex\u00e9rcito)<\/p>\n\n\n\n<p>Reginaldo Vieira de Abreu (coronel do Ex\u00e9rcito)<\/p>\n\n\n\n<p>Marcelo Ara\u00fajo Bormevet (policial federal)<\/p>\n\n\n\n<p>Carlos Cesar Moretzsohn Rocha (presidente do Instituto Voto Legal)<\/p>\n\n\n\n<p>Eles v\u00e3o responder por organiza\u00e7\u00e3o criminosa armada, aboli\u00e7\u00e3o violenta do Estado Democr\u00e1tico de Direito, tentativa de golpe de Estado, dano qualificado contra o patrim\u00f4nio da Uni\u00e3o e deteriora\u00e7\u00e3o de bem tombado.<\/p>\n\n\n\n<p>Bahia.ba<\/p>\n","protected":false},"excerpt":{"rendered":"<p>A Primeira Turma do Supremo Tribunal Federal (STF) decidiu, nesta ter\u00e7a-feira (6), tornar r\u00e9us mais sete investigados por envolvimento na trama golpista durante o governo do ex-presidente Jair Bolsonaro (PL). A decis\u00e3o foi un\u00e2nime entre os cinco ministros do colegiado. Os r\u00e9us fazem parte do chamado \u201cn\u00facleo 4\u201d, formado por militares do Ex\u00e9rcito e um [&hellip;]<\/p>\n","protected":false},"author":2,"featured_media":28754,"comment_status":"open","ping_status":"open","sticky":false,"template":"","format":"standard","meta":{"_jetpack_memberships_contains_paid_content":false,"footnotes":""},"categories":[39],"tags":[],"class_list":["post-28753","post","type-post","status-publish","format-standard","has-post-thumbnail","hentry","category-politica"],"aioseo_notices":[],"jetpack_featured_media_url":"https:\/\/i0.wp.com\/minutobahia24h.com.br\/wp-content\/uploads\/2025\/05\/Sem-titulo-75.jpg?fit=600%2C420&ssl=1","jetpack_sharing_enabled":true,"_links":{"self":[{"href":"https:\/\/minutobahia24h.com.br\/index.php?rest_route=\/wp\/v2\/posts\/28753","targetHints":{"allow":["GET"]}}],"collection":[{"href":"https:\/\/minutobahia24h.com.br\/index.php?rest_route=\/wp\/v2\/posts"}],"about":[{"href":"https:\/\/minutobahia24h.com.br\/index.php?rest_route=\/wp\/v2\/types\/post"}],"author":[{"embeddable":true,"href":"https:\/\/minutobahia24h.com.br\/index.php?rest_route=\/wp\/v2\/users\/2"}],"replies":[{"embeddable":true,"href":"https:\/\/minutobahia24h.com.br\/index.php?rest_route=%2Fwp%2Fv2%2Fcomments&post=28753"}],"version-history":[{"count":1,"href":"https:\/\/minutobahia24h.com.br\/index.php?rest_route=\/wp\/v2\/posts\/28753\/revisions"}],"predecessor-version":[{"id":28755,"href":"https:\/\/minutobahia24h.com.br\/index.php?rest_route=\/wp\/v2\/posts\/28753\/revisions\/28755"}],"wp:featuredmedia":[{"embeddable":true,"href":"https:\/\/minutobahia24h.com.br\/index.php?rest_route=\/wp\/v2\/media\/28754"}],"wp:attachment":[{"href":"https:\/\/minutobahia24h.com.br\/index.php?rest_route=%2Fwp%2Fv2%2Fmedia&parent=28753"}],"wp:term":[{"taxonomy":"category","embeddable":true,"href":"https:\/\/minutobahia24h.com.br\/index.php?rest_route=%2Fwp%2Fv2%2Fcategories&post=28753"},{"taxonomy":"post_tag","embeddable":true,"href":"https:\/\/minutobahia24h.com.br\/index.php?rest_route=%2Fwp%2Fv2%2Ftags&post=28753"}],"curies":[{"name":"wp","href":"https:\/\/api.w.org\/{rel}","templated":true}]}}