{"id":28747,"date":"2025-05-07T07:32:32","date_gmt":"2025-05-07T10:32:32","guid":{"rendered":"https:\/\/minutobahia24h.com.br\/?p=28747"},"modified":"2025-05-07T07:32:34","modified_gmt":"2025-05-07T10:32:34","slug":"camara-aprova-para-brasil-ter-mais-deputados-federais","status":"publish","type":"post","link":"https:\/\/minutobahia24h.com.br\/?p=28747","title":{"rendered":"C\u00e2mara aprova para Brasil ter mais deputados federais"},"content":{"rendered":"<div class=\"wp-block-image\">\n<figure class=\"aligncenter size-large\"><img data-recalc-dims=\"1\" fetchpriority=\"high\" decoding=\"async\" width=\"800\" height=\"450\" src=\"https:\/\/i0.wp.com\/minutobahia24h.com.br\/wp-content\/uploads\/2025\/05\/Sem-titulo-73-1024x576.jpg?resize=800%2C450&#038;ssl=1\" alt=\"\" class=\"wp-image-28748\" srcset=\"https:\/\/i0.wp.com\/minutobahia24h.com.br\/wp-content\/uploads\/2025\/05\/Sem-titulo-73.jpg?resize=1024%2C576&amp;ssl=1 1024w, https:\/\/i0.wp.com\/minutobahia24h.com.br\/wp-content\/uploads\/2025\/05\/Sem-titulo-73.jpg?resize=300%2C169&amp;ssl=1 300w, https:\/\/i0.wp.com\/minutobahia24h.com.br\/wp-content\/uploads\/2025\/05\/Sem-titulo-73.jpg?resize=768%2C432&amp;ssl=1 768w, https:\/\/i0.wp.com\/minutobahia24h.com.br\/wp-content\/uploads\/2025\/05\/Sem-titulo-73.jpg?resize=750%2C422&amp;ssl=1 750w, https:\/\/i0.wp.com\/minutobahia24h.com.br\/wp-content\/uploads\/2025\/05\/Sem-titulo-73.jpg?resize=1140%2C641&amp;ssl=1 1140w, https:\/\/i0.wp.com\/minutobahia24h.com.br\/wp-content\/uploads\/2025\/05\/Sem-titulo-73.jpg?w=1200&amp;ssl=1 1200w\" sizes=\"(max-width: 800px) 100vw, 800px\" \/><figcaption class=\"wp-element-caption\">Projeto de lei aumenta em 18 o n\u00famero de parlamentares &#8211;\u00a0Foto: Bruno Spada\/C\u00e2mara dos Deputados<br><\/figcaption><\/figure>\n<\/div>\n\n\n<p>A\u00a0<strong>C\u00e2mara dos Deputados<\/strong>\u00a0aprovou com urg\u00eancia, nesta ter\u00e7a-feira, 6, o\u00a0<strong><a href=\"https:\/\/atarde.com.br\/politica\/mais-deputados-camara-deve-acelerar-votacao-de-projeto-polemico-1316947\" target=\"_blank\" rel=\"noreferrer noopener\">projeto de lei que aumenta em 18 o n\u00famero de parlamentares<\/a><\/strong>. Com a decis\u00e3o, o Brasil passar\u00e1 a ter um total de 513 para 531. Segundo o projeto de lei, o impacto anual \u00e9 de R$ 64,6 milh\u00f5es, mas que isso seria solucionado a partir de um remanejamento de recursos j\u00e1 previstos no or\u00e7amento.<\/p>\n\n\n\n<p>Com uma vota\u00e7\u00e3o acelerada, o projeto contou com 270 votos a favor e 207 contra. O texto agora segue para o Senado. O presidente da C\u00e2mara, Hugo Motta (Republicanos-PB), estava pedindo para crescer o n\u00famero para 524, mas o relator, Dami\u00e3o Feliciano (Uni\u00e3o-PB), ampliou mais o projeto.<\/p>\n\n\n\n<h2 class=\"wp-block-heading\">Como os partidos ficaram divididos?<\/h2>\n\n\n\n<p>O PSOL, Novo e PL foram contra a proposta, enquanto que o PT, PSB e o governo liberaram a bancada para os deputados votarem como quiserem. Cabe ressaltar que, por unanimidade, o Supremo Tribunal Federal (STF) entendeu, em 2024, ser necess\u00e1ria uma revis\u00e3o no n\u00famero de parlamentares, de acordo com aumento populacional demonstrado no Censo Demogr\u00e1fico de 2022.<\/p>\n\n\n\n<p>Atarde<\/p>\n","protected":false},"excerpt":{"rendered":"<p>A\u00a0C\u00e2mara dos Deputados\u00a0aprovou com urg\u00eancia, nesta ter\u00e7a-feira, 6, o\u00a0projeto de lei que aumenta em 18 o n\u00famero de parlamentares. Com a decis\u00e3o, o Brasil passar\u00e1 a ter um total de 513 para 531. Segundo o projeto de lei, o impacto anual \u00e9 de R$ 64,6 milh\u00f5es, mas que isso seria solucionado a partir de um [&hellip;]<\/p>\n","protected":false},"author":2,"featured_media":28748,"comment_status":"open","ping_status":"open","sticky":false,"template":"","format":"standard","meta":{"_jetpack_memberships_contains_paid_content":false,"footnotes":""},"categories":[39],"tags":[],"class_list":["post-28747","post","type-post","status-publish","format-standard","has-post-thumbnail","hentry","category-politica"],"aioseo_notices":[],"jetpack_featured_media_url":"https:\/\/i0.wp.com\/minutobahia24h.com.br\/wp-content\/uploads\/2025\/05\/Sem-titulo-73.jpg?fit=1200%2C675&ssl=1","jetpack_sharing_enabled":true,"_links":{"self":[{"href":"https:\/\/minutobahia24h.com.br\/index.php?rest_route=\/wp\/v2\/posts\/28747","targetHints":{"allow":["GET"]}}],"collection":[{"href":"https:\/\/minutobahia24h.com.br\/index.php?rest_route=\/wp\/v2\/posts"}],"about":[{"href":"https:\/\/minutobahia24h.com.br\/index.php?rest_route=\/wp\/v2\/types\/post"}],"author":[{"embeddable":true,"href":"https:\/\/minutobahia24h.com.br\/index.php?rest_route=\/wp\/v2\/users\/2"}],"replies":[{"embeddable":true,"href":"https:\/\/minutobahia24h.com.br\/index.php?rest_route=%2Fwp%2Fv2%2Fcomments&post=28747"}],"version-history":[{"count":1,"href":"https:\/\/minutobahia24h.com.br\/index.php?rest_route=\/wp\/v2\/posts\/28747\/revisions"}],"predecessor-version":[{"id":28749,"href":"https:\/\/minutobahia24h.com.br\/index.php?rest_route=\/wp\/v2\/posts\/28747\/revisions\/28749"}],"wp:featuredmedia":[{"embeddable":true,"href":"https:\/\/minutobahia24h.com.br\/index.php?rest_route=\/wp\/v2\/media\/28748"}],"wp:attachment":[{"href":"https:\/\/minutobahia24h.com.br\/index.php?rest_route=%2Fwp%2Fv2%2Fmedia&parent=28747"}],"wp:term":[{"taxonomy":"category","embeddable":true,"href":"https:\/\/minutobahia24h.com.br\/index.php?rest_route=%2Fwp%2Fv2%2Fcategories&post=28747"},{"taxonomy":"post_tag","embeddable":true,"href":"https:\/\/minutobahia24h.com.br\/index.php?rest_route=%2Fwp%2Fv2%2Ftags&post=28747"}],"curies":[{"name":"wp","href":"https:\/\/api.w.org\/{rel}","templated":true}]}}