{"id":28732,"date":"2025-05-07T07:14:57","date_gmt":"2025-05-07T10:14:57","guid":{"rendered":"https:\/\/minutobahia24h.com.br\/?p=28732"},"modified":"2025-05-07T07:14:58","modified_gmt":"2025-05-07T10:14:58","slug":"servidores-do-tribunal-de-justica-da-bahia-declaram-greve-por-tempo-indeterminado-e-reivindicam-reajuste-salarial","status":"publish","type":"post","link":"https:\/\/minutobahia24h.com.br\/?p=28732","title":{"rendered":"Servidores do Tribunal de Justi\u00e7a da Bahia declaram greve por tempo indeterminado e reivindicam reajuste salarial"},"content":{"rendered":"<div class=\"wp-block-image\">\n<figure class=\"aligncenter size-full\"><img data-recalc-dims=\"1\" fetchpriority=\"high\" decoding=\"async\" width=\"800\" height=\"600\" src=\"https:\/\/i0.wp.com\/minutobahia24h.com.br\/wp-content\/uploads\/2025\/05\/Sem-titulo-68.jpg?resize=800%2C600&#038;ssl=1\" alt=\"\" class=\"wp-image-28733\" srcset=\"https:\/\/i0.wp.com\/minutobahia24h.com.br\/wp-content\/uploads\/2025\/05\/Sem-titulo-68.jpg?w=984&amp;ssl=1 984w, https:\/\/i0.wp.com\/minutobahia24h.com.br\/wp-content\/uploads\/2025\/05\/Sem-titulo-68.jpg?resize=300%2C225&amp;ssl=1 300w, https:\/\/i0.wp.com\/minutobahia24h.com.br\/wp-content\/uploads\/2025\/05\/Sem-titulo-68.jpg?resize=768%2C576&amp;ssl=1 768w, https:\/\/i0.wp.com\/minutobahia24h.com.br\/wp-content\/uploads\/2025\/05\/Sem-titulo-68.jpg?resize=750%2C563&amp;ssl=1 750w\" sizes=\"(max-width: 800px) 100vw, 800px\" \/><figcaption class=\"wp-element-caption\">Sede do Tribunal de Justi\u00e7a da Bahia (TJ-BA), em Salvador \u2014 Foto: Alan Oliveira\/G1<br><\/figcaption><\/figure>\n<\/div>\n\n\n<p>Os servidores do Tribunal de Justi\u00e7a da Bahia (TJ-BA) anunciaram greve por tempo indeterminado a partir desta ter\u00e7a-feira (6). Segundo o Sindicato dos Servidores dos Servi\u00e7os Auxiliares do Poder Judici\u00e1rio do Estado da Bahia (Sintaj), a medida acontece em virtude dos sal\u00e1rios, que acumulam uma defasagem de 62% em rela\u00e7\u00e3o \u00e0 infla\u00e7\u00e3o dos \u00faltimos 10 anos.<\/p>\n\n\n\n<p>Os servidores reivindicam reajuste salarial, alegando estarem h\u00e1 mais de oito anos sem aumento, e cobram a tramita\u00e7\u00e3o do Plano de Cargos, Carreiras e Vencimentos (PCCV), que prev\u00ea a recupera\u00e7\u00e3o gradual de 53,3% da perda.<\/p>\n\n\n\n<blockquote class=\"wp-block-quote is-layout-flow wp-block-quote-is-layout-flow\">\n<p>&#8220;S\u00e3o oito anos que a gente n\u00e3o tem reajuste linear e de infla\u00e7\u00e3o. N\u00e3o se trata de aumento, mas simplesmente cobrir a infla\u00e7\u00e3o. Como a gente percebe, ela corr\u00f3i o sal\u00e1rio&#8221;, afirmou Danilo Bruno Oliveira, secret\u00e1rio da 3\u00aa Vara de&nbsp;<a class=\"\" href=\"https:\/\/g1.globo.com\/ba\/bahia\/cidade\/vitoria-da-conquista\/\">Vit\u00f3ria da Conquista<\/a>.<\/p>\n<\/blockquote>\n\n\n\n<p>A categoria afirma que os atendimentos essenciais est\u00e3o garantidos, mas apenas urg\u00eancias e emerg\u00eancias ser\u00e3o cumpridas. Na pr\u00e1tica, segundo o sindicato, decis\u00f5es relacionadas \u00e0 sa\u00fade, energia el\u00e9trica e abastecimento de \u00e1gua continuam sendo atendidas.<\/p>\n\n\n\n<p>Segundo Danilo Bruno, o sindicato promoveu reuni\u00f5es em\u00a0<a class=\"\" href=\"https:\/\/g1.globo.com\/ba\/bahia\/cidade\/salvador\/\">Salvador<\/a>\u00a0nos \u00faltimos meses, mas as solicita\u00e7\u00f5es da categoria n\u00e3o foram atendidas. A mobiliza\u00e7\u00e3o continua por tempo indeterminado e a categoria avalia que s\u00f3 deve encerrar o movimento com avan\u00e7os concretos nas negocia\u00e7\u00f5es com o Tribunal de Justi\u00e7a da Bahia.<\/p>\n\n\n\n<p>O\u00a0<a class=\"\" href=\"https:\/\/g1.globo.com\/ba\/bahia\/\">g1\u00a0<\/a>entrou em contato com a assessoria de comunica\u00e7\u00e3o do TJ-BA para obter um posicionamento e aguarda retorno.<\/p>\n","protected":false},"excerpt":{"rendered":"<p>Os servidores do Tribunal de Justi\u00e7a da Bahia (TJ-BA) anunciaram greve por tempo indeterminado a partir desta ter\u00e7a-feira (6). Segundo o Sindicato dos Servidores dos Servi\u00e7os Auxiliares do Poder Judici\u00e1rio do Estado da Bahia (Sintaj), a medida acontece em virtude dos sal\u00e1rios, que acumulam uma defasagem de 62% em rela\u00e7\u00e3o \u00e0 infla\u00e7\u00e3o dos \u00faltimos 10 [&hellip;]<\/p>\n","protected":false},"author":2,"featured_media":28733,"comment_status":"open","ping_status":"open","sticky":false,"template":"","format":"standard","meta":{"_jetpack_memberships_contains_paid_content":false,"footnotes":""},"categories":[46],"tags":[],"class_list":["post-28732","post","type-post","status-publish","format-standard","has-post-thumbnail","hentry","category-noticia"],"aioseo_notices":[],"jetpack_featured_media_url":"https:\/\/i0.wp.com\/minutobahia24h.com.br\/wp-content\/uploads\/2025\/05\/Sem-titulo-68.jpg?fit=984%2C738&ssl=1","jetpack_sharing_enabled":true,"_links":{"self":[{"href":"https:\/\/minutobahia24h.com.br\/index.php?rest_route=\/wp\/v2\/posts\/28732","targetHints":{"allow":["GET"]}}],"collection":[{"href":"https:\/\/minutobahia24h.com.br\/index.php?rest_route=\/wp\/v2\/posts"}],"about":[{"href":"https:\/\/minutobahia24h.com.br\/index.php?rest_route=\/wp\/v2\/types\/post"}],"author":[{"embeddable":true,"href":"https:\/\/minutobahia24h.com.br\/index.php?rest_route=\/wp\/v2\/users\/2"}],"replies":[{"embeddable":true,"href":"https:\/\/minutobahia24h.com.br\/index.php?rest_route=%2Fwp%2Fv2%2Fcomments&post=28732"}],"version-history":[{"count":1,"href":"https:\/\/minutobahia24h.com.br\/index.php?rest_route=\/wp\/v2\/posts\/28732\/revisions"}],"predecessor-version":[{"id":28734,"href":"https:\/\/minutobahia24h.com.br\/index.php?rest_route=\/wp\/v2\/posts\/28732\/revisions\/28734"}],"wp:featuredmedia":[{"embeddable":true,"href":"https:\/\/minutobahia24h.com.br\/index.php?rest_route=\/wp\/v2\/media\/28733"}],"wp:attachment":[{"href":"https:\/\/minutobahia24h.com.br\/index.php?rest_route=%2Fwp%2Fv2%2Fmedia&parent=28732"}],"wp:term":[{"taxonomy":"category","embeddable":true,"href":"https:\/\/minutobahia24h.com.br\/index.php?rest_route=%2Fwp%2Fv2%2Fcategories&post=28732"},{"taxonomy":"post_tag","embeddable":true,"href":"https:\/\/minutobahia24h.com.br\/index.php?rest_route=%2Fwp%2Fv2%2Ftags&post=28732"}],"curies":[{"name":"wp","href":"https:\/\/api.w.org\/{rel}","templated":true}]}}