{"id":28711,"date":"2025-05-07T07:00:02","date_gmt":"2025-05-07T10:00:02","guid":{"rendered":"https:\/\/minutobahia24h.com.br\/?p=28711"},"modified":"2025-05-07T07:00:03","modified_gmt":"2025-05-07T10:00:03","slug":"ciclo-junino-2025-aquece-a-economia-e-reforca-identidade-cultural-em-petrolina","status":"publish","type":"post","link":"https:\/\/minutobahia24h.com.br\/?p=28711","title":{"rendered":"Ciclo Junino 2025 aquece a economia e refor\u00e7a identidade cultural em Petrolina"},"content":{"rendered":"<div class=\"wp-block-image\">\n<figure class=\"aligncenter size-full\"><img data-recalc-dims=\"1\" fetchpriority=\"high\" decoding=\"async\" width=\"750\" height=\"492\" src=\"https:\/\/i0.wp.com\/minutobahia24h.com.br\/wp-content\/uploads\/2025\/05\/Sem-titulo-61.jpg?resize=750%2C492&#038;ssl=1\" alt=\"\" class=\"wp-image-28712\" srcset=\"https:\/\/i0.wp.com\/minutobahia24h.com.br\/wp-content\/uploads\/2025\/05\/Sem-titulo-61.jpg?w=750&amp;ssl=1 750w, https:\/\/i0.wp.com\/minutobahia24h.com.br\/wp-content\/uploads\/2025\/05\/Sem-titulo-61.jpg?resize=300%2C197&amp;ssl=1 300w\" sizes=\"(max-width: 750px) 100vw, 750px\" \/><figcaption class=\"wp-element-caption\">Foto: Deivid Menezes\/Ascom PMP<br><\/figcaption><\/figure>\n<\/div>\n\n\n<p>De 13 a 23 de junho, o P\u00e1tio Ana das Carrancas receber\u00e1 o S\u00e3o Jo\u00e3o 2025 de Petrolina. Com o tema\u00a0<em>\u201c\u00c9 a Cara da Gente\u201d<\/em>, o evento deste ano destaca a cultura nordestina. O ciclo junino re\u00fane mais de 100 atra\u00e7\u00f5es musicais, incluindo grandes nomes como Alceu Valen\u00e7a, Wesley Safad\u00e3o, Jorge &amp; Mateus, Simone Mendes, Leonardo e Mastruz com Leite. Mas o S\u00e3o Jo\u00e3o de Petrolina vai al\u00e9m do palco principal: Jecana, vaquejada, festival de sanfoneiros e forr\u00f3s tem\u00e1ticos espalham a tradi\u00e7\u00e3o pela cidade e pela zona rural, promovendo uma festa que envolve toda a comunidade.<\/p>\n\n\n\n<p>Segundo a Secretaria de Desenvolvimento Econ\u00f4mico, o evento deve injetar R$ 320 milh\u00f5es na economia local e gerar cerca de 17 mil empregos, entre diretos e indiretos. Os setores de hotelaria, gastronomia, transporte, beleza, moda e artesanato j\u00e1 sentem o impacto positivo.<\/p>\n\n\n\n<p>Turistas de mais de 150 cidades devem passar por Petrolina durante o ciclo junino. Al\u00e9m da festa, muitos aproveitam para conhecer os vinhos do Vale do S\u00e3o Francisco, os passeios de barco no Velho Chico e a culin\u00e1ria t\u00edpica da regi\u00e3o. A festa envolve artistas locais, quadrilhas juninas, projetos sociais e iniciativas que refor\u00e7am a identidade cultural da cidade. Tudo isso com organiza\u00e7\u00e3o, acessibilidade e uma estrutura que consolida Petrolina como refer\u00eancia nacional em turismo junino.<\/p>\n\n\n\n<p>carlosbritto<\/p>\n","protected":false},"excerpt":{"rendered":"<p>De 13 a 23 de junho, o P\u00e1tio Ana das Carrancas receber\u00e1 o S\u00e3o Jo\u00e3o 2025 de Petrolina. Com o tema\u00a0\u201c\u00c9 a Cara da Gente\u201d, o evento deste ano destaca a cultura nordestina. O ciclo junino re\u00fane mais de 100 atra\u00e7\u00f5es musicais, incluindo grandes nomes como Alceu Valen\u00e7a, Wesley Safad\u00e3o, Jorge &amp; Mateus, Simone Mendes, [&hellip;]<\/p>\n","protected":false},"author":2,"featured_media":28712,"comment_status":"open","ping_status":"open","sticky":false,"template":"","format":"standard","meta":{"_jetpack_memberships_contains_paid_content":false,"footnotes":""},"categories":[3],"tags":[],"class_list":["post-28711","post","type-post","status-publish","format-standard","has-post-thumbnail","hentry","category-regional"],"aioseo_notices":[],"jetpack_featured_media_url":"https:\/\/i0.wp.com\/minutobahia24h.com.br\/wp-content\/uploads\/2025\/05\/Sem-titulo-61.jpg?fit=750%2C492&ssl=1","jetpack_sharing_enabled":true,"_links":{"self":[{"href":"https:\/\/minutobahia24h.com.br\/index.php?rest_route=\/wp\/v2\/posts\/28711","targetHints":{"allow":["GET"]}}],"collection":[{"href":"https:\/\/minutobahia24h.com.br\/index.php?rest_route=\/wp\/v2\/posts"}],"about":[{"href":"https:\/\/minutobahia24h.com.br\/index.php?rest_route=\/wp\/v2\/types\/post"}],"author":[{"embeddable":true,"href":"https:\/\/minutobahia24h.com.br\/index.php?rest_route=\/wp\/v2\/users\/2"}],"replies":[{"embeddable":true,"href":"https:\/\/minutobahia24h.com.br\/index.php?rest_route=%2Fwp%2Fv2%2Fcomments&post=28711"}],"version-history":[{"count":1,"href":"https:\/\/minutobahia24h.com.br\/index.php?rest_route=\/wp\/v2\/posts\/28711\/revisions"}],"predecessor-version":[{"id":28713,"href":"https:\/\/minutobahia24h.com.br\/index.php?rest_route=\/wp\/v2\/posts\/28711\/revisions\/28713"}],"wp:featuredmedia":[{"embeddable":true,"href":"https:\/\/minutobahia24h.com.br\/index.php?rest_route=\/wp\/v2\/media\/28712"}],"wp:attachment":[{"href":"https:\/\/minutobahia24h.com.br\/index.php?rest_route=%2Fwp%2Fv2%2Fmedia&parent=28711"}],"wp:term":[{"taxonomy":"category","embeddable":true,"href":"https:\/\/minutobahia24h.com.br\/index.php?rest_route=%2Fwp%2Fv2%2Fcategories&post=28711"},{"taxonomy":"post_tag","embeddable":true,"href":"https:\/\/minutobahia24h.com.br\/index.php?rest_route=%2Fwp%2Fv2%2Ftags&post=28711"}],"curies":[{"name":"wp","href":"https:\/\/api.w.org\/{rel}","templated":true}]}}