{"id":28620,"date":"2025-05-05T18:32:41","date_gmt":"2025-05-05T21:32:41","guid":{"rendered":"https:\/\/minutobahia24h.com.br\/?p=28620"},"modified":"2025-05-05T18:33:54","modified_gmt":"2025-05-05T21:33:54","slug":"prefeito-adilberto-segue-investindo-na-saude-com-chegada-de-nova-ambulancia","status":"publish","type":"post","link":"https:\/\/minutobahia24h.com.br\/?p=28620","title":{"rendered":"Prefeitura de Andorinha segue investindo na sa\u00fade com chegada de uma nova ambul\u00e2ncia"},"content":{"rendered":"<div class=\"wp-block-image\">\n<figure class=\"aligncenter size-large\"><img data-recalc-dims=\"1\" fetchpriority=\"high\" decoding=\"async\" width=\"768\" height=\"1024\" src=\"https:\/\/i0.wp.com\/minutobahia24h.com.br\/wp-content\/uploads\/2025\/05\/WhatsApp-Image-2025-05-05-at-18.17.22-768x1024.jpeg?resize=768%2C1024&#038;ssl=1\" alt=\"\" class=\"wp-image-28621\" srcset=\"https:\/\/i0.wp.com\/minutobahia24h.com.br\/wp-content\/uploads\/2025\/05\/WhatsApp-Image-2025-05-05-at-18.17.22.jpeg?resize=768%2C1024&amp;ssl=1 768w, https:\/\/i0.wp.com\/minutobahia24h.com.br\/wp-content\/uploads\/2025\/05\/WhatsApp-Image-2025-05-05-at-18.17.22.jpeg?resize=225%2C300&amp;ssl=1 225w, https:\/\/i0.wp.com\/minutobahia24h.com.br\/wp-content\/uploads\/2025\/05\/WhatsApp-Image-2025-05-05-at-18.17.22.jpeg?resize=750%2C1000&amp;ssl=1 750w, https:\/\/i0.wp.com\/minutobahia24h.com.br\/wp-content\/uploads\/2025\/05\/WhatsApp-Image-2025-05-05-at-18.17.22.jpeg?w=960&amp;ssl=1 960w\" sizes=\"(max-width: 768px) 100vw, 768px\" \/><\/figure>\n<\/div>\n\n\n<p>Nesta segunda-feira (05), o prefeito Adilberto Evangelista anunciou, por meio das redes sociais, mais uma importante conquista para Andorinha: a chegada de uma ambul\u00e2ncia zero quil\u00f4metro, que ir\u00e1 fortalecer o atendimento da rede p\u00fablica de sa\u00fade.<\/p>\n\n\n\n<p>Acompanhado do vice-prefeito Vagner, do secret\u00e1rio de Sa\u00fade Ancelmo Lino e do ex-vereador Nilton Matos, o prefeito esteve em Salvador, onde assegurou a libera\u00e7\u00e3o do novo ve\u00edculo. A ambul\u00e2ncia ser\u00e1 essencial para o transporte de pacientes e para o apoio \u00e0s unidades de sa\u00fade do munic\u00edpio.<\/p>\n\n\n\n<p>A conquista \u00e9 resultado de parcerias importantes com o deputado estadual Bob\u00f4 e o governador Jer\u00f4nimo Rodrigues, que v\u00eam contribuindo ativamente com o desenvolvimento de Andorinha.<\/p>\n\n\n\n<p>\u201cSeguimos trabalhando com responsabilidade e compromisso para melhorar cada vez mais a vida da nossa popula\u00e7\u00e3o\u201d, afirmou o prefeito Adilberto.<\/p>\n\n\n\n<p><\/p>\n\n\n\n<p>Ascom &#8211; Prefeitura de Andorinha<\/p>\n","protected":false},"excerpt":{"rendered":"<p>Nesta segunda-feira (05), o prefeito Adilberto Evangelista anunciou, por meio das redes sociais, mais uma importante conquista para Andorinha: a chegada de uma ambul\u00e2ncia zero quil\u00f4metro, que ir\u00e1 fortalecer o atendimento da rede p\u00fablica de sa\u00fade. Acompanhado do vice-prefeito Vagner, do secret\u00e1rio de Sa\u00fade Ancelmo Lino e do ex-vereador Nilton Matos, o prefeito esteve em [&hellip;]<\/p>\n","protected":false},"author":2,"featured_media":28621,"comment_status":"open","ping_status":"open","sticky":false,"template":"","format":"standard","meta":{"_jetpack_memberships_contains_paid_content":false,"footnotes":""},"categories":[3],"tags":[],"class_list":["post-28620","post","type-post","status-publish","format-standard","has-post-thumbnail","hentry","category-regional"],"aioseo_notices":[],"jetpack_featured_media_url":"https:\/\/i0.wp.com\/minutobahia24h.com.br\/wp-content\/uploads\/2025\/05\/WhatsApp-Image-2025-05-05-at-18.17.22.jpeg?fit=960%2C1280&ssl=1","jetpack_sharing_enabled":true,"_links":{"self":[{"href":"https:\/\/minutobahia24h.com.br\/index.php?rest_route=\/wp\/v2\/posts\/28620","targetHints":{"allow":["GET"]}}],"collection":[{"href":"https:\/\/minutobahia24h.com.br\/index.php?rest_route=\/wp\/v2\/posts"}],"about":[{"href":"https:\/\/minutobahia24h.com.br\/index.php?rest_route=\/wp\/v2\/types\/post"}],"author":[{"embeddable":true,"href":"https:\/\/minutobahia24h.com.br\/index.php?rest_route=\/wp\/v2\/users\/2"}],"replies":[{"embeddable":true,"href":"https:\/\/minutobahia24h.com.br\/index.php?rest_route=%2Fwp%2Fv2%2Fcomments&post=28620"}],"version-history":[{"count":2,"href":"https:\/\/minutobahia24h.com.br\/index.php?rest_route=\/wp\/v2\/posts\/28620\/revisions"}],"predecessor-version":[{"id":28623,"href":"https:\/\/minutobahia24h.com.br\/index.php?rest_route=\/wp\/v2\/posts\/28620\/revisions\/28623"}],"wp:featuredmedia":[{"embeddable":true,"href":"https:\/\/minutobahia24h.com.br\/index.php?rest_route=\/wp\/v2\/media\/28621"}],"wp:attachment":[{"href":"https:\/\/minutobahia24h.com.br\/index.php?rest_route=%2Fwp%2Fv2%2Fmedia&parent=28620"}],"wp:term":[{"taxonomy":"category","embeddable":true,"href":"https:\/\/minutobahia24h.com.br\/index.php?rest_route=%2Fwp%2Fv2%2Fcategories&post=28620"},{"taxonomy":"post_tag","embeddable":true,"href":"https:\/\/minutobahia24h.com.br\/index.php?rest_route=%2Fwp%2Fv2%2Ftags&post=28620"}],"curies":[{"name":"wp","href":"https:\/\/api.w.org\/{rel}","templated":true}]}}