{"id":28605,"date":"2025-05-05T08:10:25","date_gmt":"2025-05-05T11:10:25","guid":{"rendered":"https:\/\/minutobahia24h.com.br\/?p=28605"},"modified":"2025-05-05T08:10:26","modified_gmt":"2025-05-05T11:10:26","slug":"stf-julga-nesta-semana-denuncia-contra-nucleo-golpista-acusado-de-espalhar-desinformacao","status":"publish","type":"post","link":"https:\/\/minutobahia24h.com.br\/?p=28605","title":{"rendered":"STF julga nesta semana den\u00fancia contra n\u00facleo golpista acusado de espalhar desinforma\u00e7\u00e3o"},"content":{"rendered":"\n<p>A Primeira Turma do Supremo Tribunal Federal (<a class=\"\" href=\"https:\/\/g1.globo.com\/tudo-sobre\/supremo-tribunal-federal\/\">STF<\/a>) julga nesta segunda (6) e ter\u00e7a-feira (7) a den\u00fancia apresentada pela Procuradoria-Geral da Rep\u00fablica (PGR) contra sete acusados de integrar o&nbsp;<a class=\"\" href=\"https:\/\/g1.globo.com\/politica\/noticia\/2025\/03\/26\/stf-marca-julgamento-de-mais-um-nucleo-do-inquerito-do-golpe-veja-o-calendario.ghtml\">chamado n\u00facleo 4 da trama golpista&nbsp;<\/a>que tentou manter, de forma ilegal, o ex-presidente&nbsp;<a class=\"\" href=\"https:\/\/g1.globo.com\/politica\/politico\/jair-bolsonaro\/\">Jair Bolsonaro<\/a>&nbsp;no poder.<\/p>\n\n\n\n<p>Segundo a PGR, esse grupo foi respons\u00e1vel por uma opera\u00e7\u00e3o estrat\u00e9gica de desinforma\u00e7\u00e3o, com ataques \u00e0s urnas eletr\u00f4nicas, dissemina\u00e7\u00e3o de conte\u00fado falso e press\u00e3o sobre as For\u00e7as Armadas para aderirem ao plano golpista.<\/p>\n\n\n\n<p>Os denunciados s\u00e3o investigados ainda pelo uso indevido da Ag\u00eancia Brasileira de Intelig\u00eancia (Abin) para atividades ilegais. As a\u00e7\u00f5es, de acordo com a acusa\u00e7\u00e3o, tinham como objetivo gerar instabilidade social e atacar institui\u00e7\u00f5es e autoridades que amea\u00e7assem os interesses do grupo.<\/p>\n\n\n\n<h2 class=\"wp-block-heading\">Os acusados<\/h2>\n\n\n\n<p>O grupo \u00e9 formado principalmente por militares da reserva ou da ativa, al\u00e9m de um agente da Pol\u00edcia Federal e um engenheiro. Foram denunciados:<\/p>\n\n\n\n<ul class=\"wp-block-list\">\n<li>Ailton Gon\u00e7alves Moraes Barros, major da reserva;<\/li>\n\n\n\n<li>\u00c2ngelo Martins Denicoli, major da reserva;<\/li>\n\n\n\n<li>Carlos Cesar Moretzsohn Rocha, engenheiro e presidente do Instituto Voto Legal;<\/li>\n\n\n\n<li>Giancarlo Gomes Rodrigues, subtenente do Ex\u00e9rcito;<\/li>\n\n\n\n<li>Guilherme Marques de Almeida, tenente-coronel do Ex\u00e9rcito;<\/li>\n\n\n\n<li>Marcelo Ara\u00fajo Bormevet, agente da Pol\u00edcia Federal e ex-integrante da Abin;<\/li>\n\n\n\n<li>Reginaldo Vieira de Abreu, coronel do Ex\u00e9rcito.<\/li>\n<\/ul>\n\n\n<div class=\"wp-block-image\">\n<figure class=\"aligncenter size-full\"><img data-recalc-dims=\"1\" fetchpriority=\"high\" decoding=\"async\" width=\"800\" height=\"533\" src=\"https:\/\/i0.wp.com\/minutobahia24h.com.br\/wp-content\/uploads\/2025\/05\/Sem-titulo-42.jpg?resize=800%2C533&#038;ssl=1\" alt=\"\" class=\"wp-image-28606\" srcset=\"https:\/\/i0.wp.com\/minutobahia24h.com.br\/wp-content\/uploads\/2025\/05\/Sem-titulo-42.jpg?w=984&amp;ssl=1 984w, https:\/\/i0.wp.com\/minutobahia24h.com.br\/wp-content\/uploads\/2025\/05\/Sem-titulo-42.jpg?resize=300%2C200&amp;ssl=1 300w, https:\/\/i0.wp.com\/minutobahia24h.com.br\/wp-content\/uploads\/2025\/05\/Sem-titulo-42.jpg?resize=768%2C512&amp;ssl=1 768w, https:\/\/i0.wp.com\/minutobahia24h.com.br\/wp-content\/uploads\/2025\/05\/Sem-titulo-42.jpg?resize=750%2C500&amp;ssl=1 750w\" sizes=\"(max-width: 800px) 100vw, 800px\" \/><figcaption class=\"wp-element-caption\">A Primeira Turma do STF durante julgamento sobre tentativa de golpe de Estado \u2014 Foto: Antonio Augusto\/STF<br><br><\/figcaption><\/figure>\n<\/div>\n\n\n<h2 class=\"wp-block-heading\">Crimes apontados pela PGR<\/h2>\n\n\n\n<p>A Procuradoria-Geral da Rep\u00fablica atribui aos sete acusados os seguintes crimes:<\/p>\n\n\n\n<ul class=\"wp-block-list\">\n<li>Organiza\u00e7\u00e3o criminosa armada<\/li>\n\n\n\n<li>Tentativa de aboli\u00e7\u00e3o violenta do Estado Democr\u00e1tico de Direito<\/li>\n\n\n\n<li>Tentativa de golpe de Estado<\/li>\n\n\n\n<li>Dano qualificado pela viol\u00eancia e grave amea\u00e7a, contra patrim\u00f4nio da Uni\u00e3o<\/li>\n\n\n\n<li>Destrui\u00e7\u00e3o de patrim\u00f4nio tombado<\/li>\n<\/ul>\n\n\n\n<h2 class=\"wp-block-heading\">O que ser\u00e1 analisado<\/h2>\n\n\n\n<p>A Primeira Turma do STF vai analisar quest\u00f5es processuais preliminares apresentadas pelas defesas, como suposta falta de provas e de per\u00edcia t\u00e9cnica. Se as preliminares forem rejeitadas, os ministros julgar\u00e3o se os fatos narrados pela PGR configuram crimes e se h\u00e1 ind\u00edcios suficientes contra cada um dos acusados para que se tornem r\u00e9us.<\/p>\n\n\n\n<h2 class=\"wp-block-heading\">Den\u00fancias j\u00e1 aceitas<\/h2>\n\n\n\n<p>Desde mar\u00e7o, o Supremo j\u00e1 tornou r\u00e9us 14 acusados pela trama golpista, incluindo Jair Bolsonaro, o general Walter Braga Netto, e o deputado federal Alexandre Ramagem.<\/p>\n\n\n\n<p>Ao todo, a Procuradoria-Geral da Rep\u00fablica j\u00e1 denunciou 34 investigados. A an\u00e1lise do n\u00facleo 4 deve ser mais um passo na responsabiliza\u00e7\u00e3o jur\u00eddica da tentativa de ruptura institucional detectada ap\u00f3s as elei\u00e7\u00f5es de 2022.<\/p>\n","protected":false},"excerpt":{"rendered":"<p>A Primeira Turma do Supremo Tribunal Federal (STF) julga nesta segunda (6) e ter\u00e7a-feira (7) a den\u00fancia apresentada pela Procuradoria-Geral da Rep\u00fablica (PGR) contra sete acusados de integrar o&nbsp;chamado n\u00facleo 4 da trama golpista&nbsp;que tentou manter, de forma ilegal, o ex-presidente&nbsp;Jair Bolsonaro&nbsp;no poder. Segundo a PGR, esse grupo foi respons\u00e1vel por uma opera\u00e7\u00e3o estrat\u00e9gica de [&hellip;]<\/p>\n","protected":false},"author":2,"featured_media":28606,"comment_status":"open","ping_status":"open","sticky":false,"template":"","format":"standard","meta":{"_jetpack_memberships_contains_paid_content":false,"footnotes":""},"categories":[39],"tags":[],"class_list":["post-28605","post","type-post","status-publish","format-standard","has-post-thumbnail","hentry","category-politica"],"aioseo_notices":[],"jetpack_featured_media_url":"https:\/\/i0.wp.com\/minutobahia24h.com.br\/wp-content\/uploads\/2025\/05\/Sem-titulo-42.jpg?fit=984%2C656&ssl=1","jetpack_sharing_enabled":true,"_links":{"self":[{"href":"https:\/\/minutobahia24h.com.br\/index.php?rest_route=\/wp\/v2\/posts\/28605","targetHints":{"allow":["GET"]}}],"collection":[{"href":"https:\/\/minutobahia24h.com.br\/index.php?rest_route=\/wp\/v2\/posts"}],"about":[{"href":"https:\/\/minutobahia24h.com.br\/index.php?rest_route=\/wp\/v2\/types\/post"}],"author":[{"embeddable":true,"href":"https:\/\/minutobahia24h.com.br\/index.php?rest_route=\/wp\/v2\/users\/2"}],"replies":[{"embeddable":true,"href":"https:\/\/minutobahia24h.com.br\/index.php?rest_route=%2Fwp%2Fv2%2Fcomments&post=28605"}],"version-history":[{"count":1,"href":"https:\/\/minutobahia24h.com.br\/index.php?rest_route=\/wp\/v2\/posts\/28605\/revisions"}],"predecessor-version":[{"id":28607,"href":"https:\/\/minutobahia24h.com.br\/index.php?rest_route=\/wp\/v2\/posts\/28605\/revisions\/28607"}],"wp:featuredmedia":[{"embeddable":true,"href":"https:\/\/minutobahia24h.com.br\/index.php?rest_route=\/wp\/v2\/media\/28606"}],"wp:attachment":[{"href":"https:\/\/minutobahia24h.com.br\/index.php?rest_route=%2Fwp%2Fv2%2Fmedia&parent=28605"}],"wp:term":[{"taxonomy":"category","embeddable":true,"href":"https:\/\/minutobahia24h.com.br\/index.php?rest_route=%2Fwp%2Fv2%2Fcategories&post=28605"},{"taxonomy":"post_tag","embeddable":true,"href":"https:\/\/minutobahia24h.com.br\/index.php?rest_route=%2Fwp%2Fv2%2Ftags&post=28605"}],"curies":[{"name":"wp","href":"https:\/\/api.w.org\/{rel}","templated":true}]}}