{"id":28583,"date":"2025-05-05T07:07:55","date_gmt":"2025-05-05T10:07:55","guid":{"rendered":"https:\/\/minutobahia24h.com.br\/?p=28583"},"modified":"2025-05-05T07:07:57","modified_gmt":"2025-05-05T10:07:57","slug":"municipios-em-situacao-de-emergencia-devem-seguir-criterios-para-festejos-juninos","status":"publish","type":"post","link":"https:\/\/minutobahia24h.com.br\/?p=28583","title":{"rendered":"Munic\u00edpios em situa\u00e7\u00e3o de emerg\u00eancia devem seguir crit\u00e9rios para festejos juninos"},"content":{"rendered":"<div class=\"wp-block-image\">\n<figure class=\"aligncenter size-full\"><img data-recalc-dims=\"1\" fetchpriority=\"high\" decoding=\"async\" width=\"480\" height=\"227\" src=\"https:\/\/i0.wp.com\/minutobahia24h.com.br\/wp-content\/uploads\/2025\/05\/Sem-titulo-36.jpg?resize=480%2C227&#038;ssl=1\" alt=\"\" class=\"wp-image-28584\" srcset=\"https:\/\/i0.wp.com\/minutobahia24h.com.br\/wp-content\/uploads\/2025\/05\/Sem-titulo-36.jpg?w=480&amp;ssl=1 480w, https:\/\/i0.wp.com\/minutobahia24h.com.br\/wp-content\/uploads\/2025\/05\/Sem-titulo-36.jpg?resize=300%2C142&amp;ssl=1 300w\" sizes=\"(max-width: 480px) 100vw, 480px\" \/><\/figure>\n<\/div>\n\n\n<p>Os munic\u00edpios baianos que decretaram estado de emerg\u00eancia \u2014 ou venham a faz\u00ea-lo \u2014 poder\u00e3o promover festejos juninos neste ano, desde que cumpram exig\u00eancias rigorosas relacionadas \u00e0 responsabilidade fiscal, \u00e0 correta destina\u00e7\u00e3o dos recursos de calamidade p\u00fablica e \u00e0 transpar\u00eancia das contas p\u00fablicas. As condi\u00e7\u00f5es foram estabelecidas em nota t\u00e9cnica conjunta divulgada durante reuni\u00e3o realizada na sede do Minist\u00e9rio P\u00fablico da Bahia (MPBA), em Salvador.<\/p>\n\n\n\n<p>O documento foi assinado pelo procurador-geral de Justi\u00e7a Pedro Maia, pelo presidente do Tribunal de Contas dos Munic\u00edpios (TCM), conselheiro Francisco de Souza Andrade Netto, e pelo presidente do Tribunal de Contas do Estado (TCE), conselheiro Marcus Pres\u00eddio. Tamb\u00e9m participou do encontro o presidente da Uni\u00e3o dos Prefeitos da Bahia (UPB), Wilson Cardoso.<br><br>Al\u00e9m de tratar sobre os crit\u00e9rios para a realiza\u00e7\u00e3o dos festejos em cidades em situa\u00e7\u00e3o de emerg\u00eancia, o encontro tamb\u00e9m definiu as diretrizes para o funcionamento do Painel da Transpar\u00eancia dos Festejos Juninos 2025, que re\u00fane informa\u00e7\u00f5es detalhadas sobre as contrata\u00e7\u00f5es de atra\u00e7\u00f5es art\u00edsticas nas celebra\u00e7\u00f5es do per\u00edodo. A iniciativa integra um termo de coopera\u00e7\u00e3o firmado em 2022 entre os \u00f3rg\u00e3os de controle e prefeituras.<\/p>\n\n\n\n<p>A coleta de dados come\u00e7a em 1\u00ba de maio e segue at\u00e9 o fim do m\u00eas, com as informa\u00e7\u00f5es sendo disponibilizadas para consulta p\u00fablica a partir de 1\u00ba de junho. Todos os munic\u00edpios \u2014 mesmo os que n\u00e3o realizarem eventos \u2014 devem enviar suas informa\u00e7\u00f5es ao painel. Aqueles que colaborarem receber\u00e3o o \u201cSelo de Transpar\u00eancia 2025\u201d, conferido como forma de distin\u00e7\u00e3o.<\/p>\n\n\n\n<p>Entre os crit\u00e9rios exigidos na nota t\u00e9cnica para os munic\u00edpios em estado de emerg\u00eancia est\u00e3o: a proibi\u00e7\u00e3o do uso de recursos federais ou estaduais repassados para enfrentamento de calamidades; a necessidade de apresentar um estudo t\u00e9cnico detalhado com proje\u00e7\u00e3o de receitas e despesas do evento e an\u00e1lise de sustentabilidade fiscal; e a recomenda\u00e7\u00e3o para n\u00e3o solicitar suplementa\u00e7\u00e3o or\u00e7ament\u00e1ria ao Legislativo Municipal para custear os festejos.<\/p>\n\n\n\n<p>Tamb\u00e9m participaram da reuni\u00e3o os promotores de Justi\u00e7a Rita Tourinho (coordenadora do Caopam) e Frank Ferrari (gerente do Painel); a procuradora-geral do MP de Contas junto ao TCE, Camila Luz; o procurador-geral do MP de Contas junto ao TCM, Danilo Diamantino; a superintendente de Controle Externo do TCM, Marilene Marques; al\u00e9m dos representantes da Uni\u00e3o das Controladorias Internas da Bahia (Ucib), Maike Oliveira (presidente) e Menara Dami\u00e3o (vice), e Leonardo Marques, do Sebrae.<\/p>\n\n\n\n<p>clebervieiranews<\/p>\n","protected":false},"excerpt":{"rendered":"<p>Os munic\u00edpios baianos que decretaram estado de emerg\u00eancia \u2014 ou venham a faz\u00ea-lo \u2014 poder\u00e3o promover festejos juninos neste ano, desde que cumpram exig\u00eancias rigorosas relacionadas \u00e0 responsabilidade fiscal, \u00e0 correta destina\u00e7\u00e3o dos recursos de calamidade p\u00fablica e \u00e0 transpar\u00eancia das contas p\u00fablicas. As condi\u00e7\u00f5es foram estabelecidas em nota t\u00e9cnica conjunta divulgada durante reuni\u00e3o realizada [&hellip;]<\/p>\n","protected":false},"author":2,"featured_media":28584,"comment_status":"open","ping_status":"open","sticky":false,"template":"","format":"standard","meta":{"_jetpack_memberships_contains_paid_content":false,"footnotes":""},"categories":[46],"tags":[],"class_list":["post-28583","post","type-post","status-publish","format-standard","has-post-thumbnail","hentry","category-noticia"],"aioseo_notices":[],"jetpack_featured_media_url":"https:\/\/i0.wp.com\/minutobahia24h.com.br\/wp-content\/uploads\/2025\/05\/Sem-titulo-36.jpg?fit=480%2C227&ssl=1","jetpack_sharing_enabled":true,"_links":{"self":[{"href":"https:\/\/minutobahia24h.com.br\/index.php?rest_route=\/wp\/v2\/posts\/28583","targetHints":{"allow":["GET"]}}],"collection":[{"href":"https:\/\/minutobahia24h.com.br\/index.php?rest_route=\/wp\/v2\/posts"}],"about":[{"href":"https:\/\/minutobahia24h.com.br\/index.php?rest_route=\/wp\/v2\/types\/post"}],"author":[{"embeddable":true,"href":"https:\/\/minutobahia24h.com.br\/index.php?rest_route=\/wp\/v2\/users\/2"}],"replies":[{"embeddable":true,"href":"https:\/\/minutobahia24h.com.br\/index.php?rest_route=%2Fwp%2Fv2%2Fcomments&post=28583"}],"version-history":[{"count":1,"href":"https:\/\/minutobahia24h.com.br\/index.php?rest_route=\/wp\/v2\/posts\/28583\/revisions"}],"predecessor-version":[{"id":28585,"href":"https:\/\/minutobahia24h.com.br\/index.php?rest_route=\/wp\/v2\/posts\/28583\/revisions\/28585"}],"wp:featuredmedia":[{"embeddable":true,"href":"https:\/\/minutobahia24h.com.br\/index.php?rest_route=\/wp\/v2\/media\/28584"}],"wp:attachment":[{"href":"https:\/\/minutobahia24h.com.br\/index.php?rest_route=%2Fwp%2Fv2%2Fmedia&parent=28583"}],"wp:term":[{"taxonomy":"category","embeddable":true,"href":"https:\/\/minutobahia24h.com.br\/index.php?rest_route=%2Fwp%2Fv2%2Fcategories&post=28583"},{"taxonomy":"post_tag","embeddable":true,"href":"https:\/\/minutobahia24h.com.br\/index.php?rest_route=%2Fwp%2Fv2%2Ftags&post=28583"}],"curies":[{"name":"wp","href":"https:\/\/api.w.org\/{rel}","templated":true}]}}