{"id":28494,"date":"2025-05-02T07:55:02","date_gmt":"2025-05-02T10:55:02","guid":{"rendered":"https:\/\/minutobahia24h.com.br\/?p=28494"},"modified":"2025-05-02T07:55:04","modified_gmt":"2025-05-02T10:55:04","slug":"lula-da-carta-branca-para-novo-presidente-do-inss-que-vai-trocar-diretores","status":"publish","type":"post","link":"https:\/\/minutobahia24h.com.br\/?p=28494","title":{"rendered":"Lula d\u00e1 carta branca para novo presidente do INSS, que vai trocar diretores"},"content":{"rendered":"<div class=\"wp-block-image\">\n<figure class=\"aligncenter size-large\"><img data-recalc-dims=\"1\" fetchpriority=\"high\" decoding=\"async\" width=\"800\" height=\"534\" src=\"https:\/\/i0.wp.com\/minutobahia24h.com.br\/wp-content\/uploads\/2025\/05\/Sem-titulo-11-1024x683.jpg?resize=800%2C534&#038;ssl=1\" alt=\"\" class=\"wp-image-28495\" srcset=\"https:\/\/i0.wp.com\/minutobahia24h.com.br\/wp-content\/uploads\/2025\/05\/Sem-titulo-11.jpg?resize=1024%2C683&amp;ssl=1 1024w, https:\/\/i0.wp.com\/minutobahia24h.com.br\/wp-content\/uploads\/2025\/05\/Sem-titulo-11.jpg?resize=300%2C200&amp;ssl=1 300w, https:\/\/i0.wp.com\/minutobahia24h.com.br\/wp-content\/uploads\/2025\/05\/Sem-titulo-11.jpg?resize=768%2C512&amp;ssl=1 768w, https:\/\/i0.wp.com\/minutobahia24h.com.br\/wp-content\/uploads\/2025\/05\/Sem-titulo-11.jpg?resize=750%2C500&amp;ssl=1 750w, https:\/\/i0.wp.com\/minutobahia24h.com.br\/wp-content\/uploads\/2025\/05\/Sem-titulo-11.jpg?resize=1140%2C760&amp;ssl=1 1140w, https:\/\/i0.wp.com\/minutobahia24h.com.br\/wp-content\/uploads\/2025\/05\/Sem-titulo-11.jpg?w=1200&amp;ssl=1 1200w\" sizes=\"(max-width: 800px) 100vw, 800px\" \/><figcaption class=\"wp-element-caption\">Foto: Fabio Rodrigues-Pozzebom\/ Ag\u00eancia Brasil<br><\/figcaption><\/figure>\n<\/div>\n\n\n<p>O presidente Luiz In\u00e1cio Lula da Silva deu carta branca para o novo presidente do INSS, Gilberto Waller J\u00fanior, fazer as modifica\u00e7\u00f5es que considerar necess\u00e1rias no \u00f3rg\u00e3o. Assessores presidenciais d\u00e3o como certa a reformula\u00e7\u00e3o da autarquia e troca de seus diretores. Lula nomeou Waller para o cargo nesta quarta (30), ap\u00f3s o antecessor, Alessandro Stefanutto, ser demitido em raz\u00e3o de\u00a0<a class=\"\" href=\"https:\/\/g1.globo.com\/politica\/noticia\/2025\/05\/01\/fraude-no-inss-entidade-envolvida-no-esquema-chegou-a-filiar-ate-1500-aposentados-por-hora.ghtml\">fraudes no INSS investigadas pela PF<\/a>.<\/p>\n\n\n\n<p>Conforme relatos de assessores pr\u00f3ximos a Lula ouvidos pelo\u00a0<strong>blog<\/strong>, o Planalto buscou mais do que um perfil t\u00e9cnico para o cargo, mas uma pessoa com ampla experi\u00eancia em auditorias, para um pente-fino no INSS. \u201cPrecisava ser mais do que um nome t\u00e9cnico, mas um especialista em auditoria\u201d, afirmou ao\u00a0<strong>blog<\/strong>\u00a0um ministro.<\/p>\n\n\n\n<h2 class=\"wp-block-heading\">Miss\u00f5es<\/h2>\n\n\n\n<p>Waller recebeu algumas miss\u00f5es priorit\u00e1rias do Planalto.<\/p>\n\n\n\n<p>A primeira \u00e9 organizar a restitui\u00e7\u00e3o dos valores descontados de aposentados e pensionistas, trabalho a ser conclu\u00eddo nos pr\u00f3ximos meses.<\/p>\n\n\n\n<figure class=\"wp-block-image\"><img data-recalc-dims=\"1\" decoding=\"async\" src=\"https:\/\/i0.wp.com\/s2-g1.glbimg.com\/h4lbpsazqdVdYUUb6esCq9k2QsI%3D\/0x0%3A596x760\/984x0\/smart\/filters%3Astrip_icc%28%29\/i.s3.glbimg.com\/v1\/AUTH_59edd422c0c84a879bd37670ae4f538a\/internal_photos\/bs\/2025\/Z\/H\/OC6WZuSTaByYNuFwZJwg\/whatsapp-image-2025-04-30-at-20.11.05.jpeg?w=800&#038;ssl=1\" alt=\"O novo presidente do INSS, Gilberto Waller \u2014 Foto: Reprodu\u00e7\u00e3o\"\/><\/figure>\n\n\n\n<p>O novo presidente do INSS, Gilberto Waller \u2014 Foto: Reprodu\u00e7\u00e3o<\/p>\n\n\n\n<p>A segunda \u00e9 reestruturar o \u00f3rg\u00e3o, com um pente-fino em todos os setores.<\/p>\n\n\n\n<p>O diagn\u00f3stico feito no Planalto \u00e9 que h\u00e1 d\u00e9cadas o INSS \u00e9 terreno f\u00e9rtil para fraudes e que, para conseguir sair da crise que atinge politicamente o governo, \u00e9 preciso remodelar a autarquia para que ela se torne confi\u00e1vel.<\/p>\n\n\n\n<p>Outra tarefa do novo presidente ser\u00e1 zerar a fila de pedidos de benef\u00edcios \u2013 o que todos os governos tentam sem sucesso.<\/p>\n\n\n\n<p>Nesta sexta-feira, o novo presidente e integrantes da AGU e CGU ter\u00e3o a primeira reuni\u00e3o para tra\u00e7ar o plano de ressarcimento dos pensionistas que foram alvo de fraude e tiveram descontos no contracheque sem autoriza\u00e7\u00e3o.<\/p>\n\n\n\n<p>O governo n\u00e3o quis estabelecer ainda um prazo para realizar as devolu\u00e7\u00f5es.<\/p>\n\n\n\n<p>Apesar da autonomia, a nova dire\u00e7\u00e3o ser\u00e1 acompanhada de perto por outras \u00e1reas do governo respons\u00e1veis por investiga\u00e7\u00f5es e controle.<\/p>\n\n\n\n<p>O primeiro passo ser\u00e1 identificar as v\u00edtimas e solicitar \u00e0s entidades respons\u00e1veis pelos descontos para que provem que eles foram autorizados.<\/p>\n","protected":false},"excerpt":{"rendered":"<p>O presidente Luiz In\u00e1cio Lula da Silva deu carta branca para o novo presidente do INSS, Gilberto Waller J\u00fanior, fazer as modifica\u00e7\u00f5es que considerar necess\u00e1rias no \u00f3rg\u00e3o. Assessores presidenciais d\u00e3o como certa a reformula\u00e7\u00e3o da autarquia e troca de seus diretores. Lula nomeou Waller para o cargo nesta quarta (30), ap\u00f3s o antecessor, Alessandro Stefanutto, [&hellip;]<\/p>\n","protected":false},"author":2,"featured_media":28495,"comment_status":"open","ping_status":"open","sticky":false,"template":"","format":"standard","meta":{"_jetpack_memberships_contains_paid_content":false,"footnotes":""},"categories":[39],"tags":[],"class_list":["post-28494","post","type-post","status-publish","format-standard","has-post-thumbnail","hentry","category-politica"],"aioseo_notices":[],"jetpack_featured_media_url":"https:\/\/i0.wp.com\/minutobahia24h.com.br\/wp-content\/uploads\/2025\/05\/Sem-titulo-11.jpg?fit=1200%2C800&ssl=1","jetpack_sharing_enabled":true,"_links":{"self":[{"href":"https:\/\/minutobahia24h.com.br\/index.php?rest_route=\/wp\/v2\/posts\/28494","targetHints":{"allow":["GET"]}}],"collection":[{"href":"https:\/\/minutobahia24h.com.br\/index.php?rest_route=\/wp\/v2\/posts"}],"about":[{"href":"https:\/\/minutobahia24h.com.br\/index.php?rest_route=\/wp\/v2\/types\/post"}],"author":[{"embeddable":true,"href":"https:\/\/minutobahia24h.com.br\/index.php?rest_route=\/wp\/v2\/users\/2"}],"replies":[{"embeddable":true,"href":"https:\/\/minutobahia24h.com.br\/index.php?rest_route=%2Fwp%2Fv2%2Fcomments&post=28494"}],"version-history":[{"count":1,"href":"https:\/\/minutobahia24h.com.br\/index.php?rest_route=\/wp\/v2\/posts\/28494\/revisions"}],"predecessor-version":[{"id":28496,"href":"https:\/\/minutobahia24h.com.br\/index.php?rest_route=\/wp\/v2\/posts\/28494\/revisions\/28496"}],"wp:featuredmedia":[{"embeddable":true,"href":"https:\/\/minutobahia24h.com.br\/index.php?rest_route=\/wp\/v2\/media\/28495"}],"wp:attachment":[{"href":"https:\/\/minutobahia24h.com.br\/index.php?rest_route=%2Fwp%2Fv2%2Fmedia&parent=28494"}],"wp:term":[{"taxonomy":"category","embeddable":true,"href":"https:\/\/minutobahia24h.com.br\/index.php?rest_route=%2Fwp%2Fv2%2Fcategories&post=28494"},{"taxonomy":"post_tag","embeddable":true,"href":"https:\/\/minutobahia24h.com.br\/index.php?rest_route=%2Fwp%2Fv2%2Ftags&post=28494"}],"curies":[{"name":"wp","href":"https:\/\/api.w.org\/{rel}","templated":true}]}}