{"id":28485,"date":"2025-05-02T07:50:53","date_gmt":"2025-05-02T10:50:53","guid":{"rendered":"https:\/\/minutobahia24h.com.br\/?p=28485"},"modified":"2025-05-02T07:50:54","modified_gmt":"2025-05-02T10:50:54","slug":"feira-de-santana-recebe-mais-de-r-39-milhoes-em-novos-investimentos-na-saude","status":"publish","type":"post","link":"https:\/\/minutobahia24h.com.br\/?p=28485","title":{"rendered":"Feira de Santana recebe mais de R$ 39 milh\u00f5es em novos investimentos na sa\u00fade"},"content":{"rendered":"<div class=\"wp-block-image\">\n<figure class=\"aligncenter size-large\"><img data-recalc-dims=\"1\" fetchpriority=\"high\" decoding=\"async\" width=\"800\" height=\"420\" src=\"https:\/\/i0.wp.com\/minutobahia24h.com.br\/wp-content\/uploads\/2025\/05\/Sem-titulo-8-1024x538.jpg?resize=800%2C420&#038;ssl=1\" alt=\"\" class=\"wp-image-28486\" srcset=\"https:\/\/i0.wp.com\/minutobahia24h.com.br\/wp-content\/uploads\/2025\/05\/Sem-titulo-8.jpg?resize=1024%2C538&amp;ssl=1 1024w, https:\/\/i0.wp.com\/minutobahia24h.com.br\/wp-content\/uploads\/2025\/05\/Sem-titulo-8.jpg?resize=300%2C158&amp;ssl=1 300w, https:\/\/i0.wp.com\/minutobahia24h.com.br\/wp-content\/uploads\/2025\/05\/Sem-titulo-8.jpg?resize=768%2C403&amp;ssl=1 768w, https:\/\/i0.wp.com\/minutobahia24h.com.br\/wp-content\/uploads\/2025\/05\/Sem-titulo-8.jpg?resize=750%2C394&amp;ssl=1 750w, https:\/\/i0.wp.com\/minutobahia24h.com.br\/wp-content\/uploads\/2025\/05\/Sem-titulo-8.jpg?resize=1140%2C599&amp;ssl=1 1140w, https:\/\/i0.wp.com\/minutobahia24h.com.br\/wp-content\/uploads\/2025\/05\/Sem-titulo-8.jpg?w=1200&amp;ssl=1 1200w\" sizes=\"(max-width: 800px) 100vw, 800px\" \/><figcaption class=\"wp-element-caption\">Foto: Feij\u00e3o Almeida\/GOVBA<br><\/figcaption><\/figure>\n<\/div>\n\n\n<p>Durante agenda em Feira de Santana, nesta quarta-feira (30), o governador da Bahia, Jer\u00f4nimo Rodrigues, anunciou um robusto pacote de investimentos para a \u00e1rea da sa\u00fade no munic\u00edpio. O principal destaque foi a assinatura da ordem de servi\u00e7o para a quinta etapa de obras no Hospital Geral Cl\u00e9riston Andrade (HGCA), que receber\u00e1 um investimento superior a R$ 39,5 milh\u00f5es para reforma, amplia\u00e7\u00e3o e constru\u00e7\u00e3o de novas estruturas.<\/p>\n\n\n\n<p>A interven\u00e7\u00e3o prev\u00ea a cria\u00e7\u00e3o de 65 novos leitos e a requalifica\u00e7\u00e3o de outros 154, totalizando 219 unidades. Al\u00e9m disso, o hospital ganhar\u00e1 servi\u00e7os in\u00e9ditos, como a implanta\u00e7\u00e3o da hemodin\u00e2mica, tecnologia essencial para procedimentos cardiovasculares e ortop\u00e9dicos de alta complexidade, um centro de ensino e pesquisa, uma capela, al\u00e9m da moderniza\u00e7\u00e3o de setores como laborat\u00f3rio, necrot\u00e9rio, log\u00edstica e abastecimento farmac\u00eautico.<\/p>\n\n\n\n<p>\u201cEstamos aqui nesse hospital querido de Feira de Santana para cumprir o nosso compromisso de deix\u00e1-lo completo, com estrutura f\u00edsica e el\u00e9trica reformuladas, e com um centro de pesquisas para estimular o desenvolvimento cient\u00edfico dos nossos profissionais\u201d, declarou o governador durante a cerim\u00f4nia.<\/p>\n\n\n\n<p>A secret\u00e1ria estadual da Sa\u00fade, Roberta Santana, destacou o avan\u00e7o estrat\u00e9gico com a implanta\u00e7\u00e3o da hemodin\u00e2mica. \u201cEsse servi\u00e7o vai permitir procedimentos minimamente invasivos, com foco em ortopedia e cirurgia vascular, reduzindo o tempo de recupera\u00e7\u00e3o e aumentando a resolutividade dos tratamentos\u201d, explicou. Ela tamb\u00e9m refor\u00e7ou que a moderniza\u00e7\u00e3o do HGCA \u00e9 uma medida estrat\u00e9gica para fortalecer o atendimento de alta complexidade em toda a regi\u00e3o.<\/p>\n\n\n\n<p>Al\u00e9m das interven\u00e7\u00f5es no HGCA, a visita do governador marcou a entrega de um ve\u00edculo administrativo para a unidade e a vistoria de outras obras em andamento na cidade, como a constru\u00e7\u00e3o do novo Servi\u00e7o de Verifica\u00e7\u00e3o de \u00d3bitos (SVO), que j\u00e1 est\u00e1 com 75% de execu\u00e7\u00e3o e previs\u00e3o de entrega em junho deste ano.<\/p>\n\n\n\n<p>Ao todo, est\u00e3o previstas 15 novas constru\u00e7\u00f5es na regi\u00e3o de sa\u00fade de Feira de Santana, com investimentos que ultrapassam os R$ 54 milh\u00f5es. Entre as obras est\u00e3o duas novas Unidades B\u00e1sicas de Sa\u00fade (UBSs), um Centro de Aten\u00e7\u00e3o Psicossocial (CAPS), uma Oficina Ortop\u00e9dica e um novo Laborat\u00f3rio de An\u00e1lises Cl\u00ednicas.<\/p>\n\n\n\n<p>Durante o evento, o governador tamb\u00e9m ressaltou o compromisso com a sa\u00fade materno-infantil, destacando a chegada do Programa M\u00e3e Bahia, que deve investir mais de R$ 860 milh\u00f5es em todo o estado. Em Feira de Santana, a Maternidade Municipal In\u00e1cia Pinto dos Santos ser\u00e1 beneficiada com mais de R$ 1 milh\u00e3o.<\/p>\n\n\n\n<p>\u201cS\u00f3 aqui, investimos cerca de R$ 600 milh\u00f5es por ano na sa\u00fade, entre manuten\u00e7\u00e3o dos hospitais, amplia\u00e7\u00e3o de leitos e apoio \u00e0 rede filantr\u00f3pica e privada. Esse \u00e9 o nosso compromisso: cuidar das pessoas com responsabilidade, respeito e presen\u00e7a concreta\u201d, concluiu Jer\u00f4nimo Rodrigues.<\/p>\n\n\n\n<p>BN<\/p>\n","protected":false},"excerpt":{"rendered":"<p>Durante agenda em Feira de Santana, nesta quarta-feira (30), o governador da Bahia, Jer\u00f4nimo Rodrigues, anunciou um robusto pacote de investimentos para a \u00e1rea da sa\u00fade no munic\u00edpio. O principal destaque foi a assinatura da ordem de servi\u00e7o para a quinta etapa de obras no Hospital Geral Cl\u00e9riston Andrade (HGCA), que receber\u00e1 um investimento superior [&hellip;]<\/p>\n","protected":false},"author":2,"featured_media":28486,"comment_status":"open","ping_status":"open","sticky":false,"template":"","format":"standard","meta":{"_jetpack_memberships_contains_paid_content":false,"footnotes":""},"categories":[46],"tags":[],"class_list":["post-28485","post","type-post","status-publish","format-standard","has-post-thumbnail","hentry","category-noticia"],"aioseo_notices":[],"jetpack_featured_media_url":"https:\/\/i0.wp.com\/minutobahia24h.com.br\/wp-content\/uploads\/2025\/05\/Sem-titulo-8.jpg?fit=1200%2C630&ssl=1","jetpack_sharing_enabled":true,"_links":{"self":[{"href":"https:\/\/minutobahia24h.com.br\/index.php?rest_route=\/wp\/v2\/posts\/28485","targetHints":{"allow":["GET"]}}],"collection":[{"href":"https:\/\/minutobahia24h.com.br\/index.php?rest_route=\/wp\/v2\/posts"}],"about":[{"href":"https:\/\/minutobahia24h.com.br\/index.php?rest_route=\/wp\/v2\/types\/post"}],"author":[{"embeddable":true,"href":"https:\/\/minutobahia24h.com.br\/index.php?rest_route=\/wp\/v2\/users\/2"}],"replies":[{"embeddable":true,"href":"https:\/\/minutobahia24h.com.br\/index.php?rest_route=%2Fwp%2Fv2%2Fcomments&post=28485"}],"version-history":[{"count":1,"href":"https:\/\/minutobahia24h.com.br\/index.php?rest_route=\/wp\/v2\/posts\/28485\/revisions"}],"predecessor-version":[{"id":28487,"href":"https:\/\/minutobahia24h.com.br\/index.php?rest_route=\/wp\/v2\/posts\/28485\/revisions\/28487"}],"wp:featuredmedia":[{"embeddable":true,"href":"https:\/\/minutobahia24h.com.br\/index.php?rest_route=\/wp\/v2\/media\/28486"}],"wp:attachment":[{"href":"https:\/\/minutobahia24h.com.br\/index.php?rest_route=%2Fwp%2Fv2%2Fmedia&parent=28485"}],"wp:term":[{"taxonomy":"category","embeddable":true,"href":"https:\/\/minutobahia24h.com.br\/index.php?rest_route=%2Fwp%2Fv2%2Fcategories&post=28485"},{"taxonomy":"post_tag","embeddable":true,"href":"https:\/\/minutobahia24h.com.br\/index.php?rest_route=%2Fwp%2Fv2%2Ftags&post=28485"}],"curies":[{"name":"wp","href":"https:\/\/api.w.org\/{rel}","templated":true}]}}