{"id":28479,"date":"2025-05-02T07:17:22","date_gmt":"2025-05-02T10:17:22","guid":{"rendered":"https:\/\/minutobahia24h.com.br\/?p=28479"},"modified":"2025-05-02T07:17:24","modified_gmt":"2025-05-02T10:17:24","slug":"programa-partiu-estagio-oferece-mais-de-5-mil-vagas-para-estudantes-universitarios","status":"publish","type":"post","link":"https:\/\/minutobahia24h.com.br\/?p=28479","title":{"rendered":"Programa \u2018Partiu Est\u00e1gio\u2019 oferece mais de 5 mil vagas para estudantes universit\u00e1rios"},"content":{"rendered":"<div class=\"wp-block-image\">\n<figure class=\"aligncenter size-full\"><img data-recalc-dims=\"1\" fetchpriority=\"high\" decoding=\"async\" width=\"600\" height=\"420\" src=\"https:\/\/i0.wp.com\/minutobahia24h.com.br\/wp-content\/uploads\/2025\/05\/Sem-titulo-6.jpg?resize=600%2C420&#038;ssl=1\" alt=\"\" class=\"wp-image-28480\" srcset=\"https:\/\/i0.wp.com\/minutobahia24h.com.br\/wp-content\/uploads\/2025\/05\/Sem-titulo-6.jpg?w=600&amp;ssl=1 600w, https:\/\/i0.wp.com\/minutobahia24h.com.br\/wp-content\/uploads\/2025\/05\/Sem-titulo-6.jpg?resize=300%2C210&amp;ssl=1 300w\" sizes=\"(max-width: 600px) 100vw, 600px\" \/><figcaption class=\"wp-element-caption\">Foto: Ascom Saeb<br><\/figcaption><\/figure>\n<\/div>\n\n\n<p>O programa \u201cPartiu Est\u00e1gio\u201d, promovido pelo Governo da Bahia, est\u00e1 com inscri\u00e7\u00f5es abertas para 5.504 vagas destinadas a estudantes universit\u00e1rios interessados em atuar em \u00f3rg\u00e3os p\u00fablicos estaduais. O prazo para se inscrever vai at\u00e9 sexta-feira, 2 de maio.<\/p>\n\n\n\n<p>O edital da sele\u00e7\u00e3o foi publicado no Di\u00e1rio Oficial do Estado (DOE), com todas as regras desta edi\u00e7\u00e3o. As inscri\u00e7\u00f5es devem ser realizadas pela internet.<\/p>\n\n\n\n<p>As vagas contemplam estudantes de 117 cursos universit\u00e1rios, distribu\u00eddas entre 52 \u00f3rg\u00e3os p\u00fablicos da administra\u00e7\u00e3o estadual. Do total, 1.627 vagas s\u00e3o para Salvador e 3.877 para munic\u00edpios do interior e da Regi\u00e3o Metropolitana.<\/p>\n\n\n\n<p>O est\u00e1gio tem dura\u00e7\u00e3o m\u00e1xima de um ano, sem possibilidade de prorroga\u00e7\u00e3o \u2014 exceto para pessoas com defici\u00eancia, que t\u00eam direito a 10% das vagas reservadas.<\/p>\n\n\n\n<p>A carga hor\u00e1ria \u00e9 de 4 horas por dia, totalizando 20 horas semanais. Os estagi\u00e1rios recebem bolsa no valor de R$ 607, al\u00e9m de aux\u00edlio-transporte e f\u00e9rias remuneradas.<\/p>\n\n\n\n<h3 class=\"wp-block-heading\"><strong>Requisitos para participar<\/strong><\/h3>\n\n\n\n<p>Podem participar estudantes que atendam aos seguintes crit\u00e9rios:<\/p>\n\n\n\n<ul class=\"wp-block-list\">\n<li>Ter no m\u00ednimo 16 anos;<\/li>\n\n\n\n<li>Residir no estado da Bahia;<\/li>\n\n\n\n<li>Ter conclu\u00eddo pelo menos 50% da carga hor\u00e1ria do curso de gradua\u00e7\u00e3o;<\/li>\n\n\n\n<li>Estar regularmente matriculado em institui\u00e7\u00e3o de ensino superior com sede ou polo na Bahia.<\/li>\n<\/ul>\n\n\n\n<p>S\u00e3o aceitos cursos nas modalidades presencial, semipresencial ou Ensino a Dist\u00e2ncia (EAD). Al\u00e9m disso, 10% das vagas s\u00e3o reservadas para estudantes com defici\u00eancia.<\/p>\n\n\n\n<p>O programa tamb\u00e9m prioriza candidatos inscritos no Cadastro \u00danico para Programas Sociais do Governo Federal (Cad\u00danico) e estudantes que cursaram todo o ensino m\u00e9dio em escola p\u00fablica ou com bolsa integral em escola particular.<\/p>\n\n\n\n<p>Candidatos que ainda n\u00e3o t\u00eam cadastro na plataforma do programa devem faz\u00ea-lo antes da inscri\u00e7\u00e3o. Os selecionados ser\u00e3o informados via WhatsApp sobre a atualiza\u00e7\u00e3o de seu status no site, onde dever\u00e3o conferir prazos, procedimentos e a entrega da documenta\u00e7\u00e3o. A lista de aprovados tamb\u00e9m ser\u00e1 publicada no site da Secretaria da Administra\u00e7\u00e3o (Saeb).<\/p>\n\n\n\n<p>Bahia.ba <\/p>\n","protected":false},"excerpt":{"rendered":"<p>O programa \u201cPartiu Est\u00e1gio\u201d, promovido pelo Governo da Bahia, est\u00e1 com inscri\u00e7\u00f5es abertas para 5.504 vagas destinadas a estudantes universit\u00e1rios interessados em atuar em \u00f3rg\u00e3os p\u00fablicos estaduais. O prazo para se inscrever vai at\u00e9 sexta-feira, 2 de maio. O edital da sele\u00e7\u00e3o foi publicado no Di\u00e1rio Oficial do Estado (DOE), com todas as regras desta [&hellip;]<\/p>\n","protected":false},"author":2,"featured_media":28480,"comment_status":"open","ping_status":"open","sticky":false,"template":"","format":"standard","meta":{"_jetpack_memberships_contains_paid_content":false,"footnotes":""},"categories":[21],"tags":[],"class_list":["post-28479","post","type-post","status-publish","format-standard","has-post-thumbnail","hentry","category-bahia"],"aioseo_notices":[],"jetpack_featured_media_url":"https:\/\/i0.wp.com\/minutobahia24h.com.br\/wp-content\/uploads\/2025\/05\/Sem-titulo-6.jpg?fit=600%2C420&ssl=1","jetpack_sharing_enabled":true,"_links":{"self":[{"href":"https:\/\/minutobahia24h.com.br\/index.php?rest_route=\/wp\/v2\/posts\/28479","targetHints":{"allow":["GET"]}}],"collection":[{"href":"https:\/\/minutobahia24h.com.br\/index.php?rest_route=\/wp\/v2\/posts"}],"about":[{"href":"https:\/\/minutobahia24h.com.br\/index.php?rest_route=\/wp\/v2\/types\/post"}],"author":[{"embeddable":true,"href":"https:\/\/minutobahia24h.com.br\/index.php?rest_route=\/wp\/v2\/users\/2"}],"replies":[{"embeddable":true,"href":"https:\/\/minutobahia24h.com.br\/index.php?rest_route=%2Fwp%2Fv2%2Fcomments&post=28479"}],"version-history":[{"count":1,"href":"https:\/\/minutobahia24h.com.br\/index.php?rest_route=\/wp\/v2\/posts\/28479\/revisions"}],"predecessor-version":[{"id":28481,"href":"https:\/\/minutobahia24h.com.br\/index.php?rest_route=\/wp\/v2\/posts\/28479\/revisions\/28481"}],"wp:featuredmedia":[{"embeddable":true,"href":"https:\/\/minutobahia24h.com.br\/index.php?rest_route=\/wp\/v2\/media\/28480"}],"wp:attachment":[{"href":"https:\/\/minutobahia24h.com.br\/index.php?rest_route=%2Fwp%2Fv2%2Fmedia&parent=28479"}],"wp:term":[{"taxonomy":"category","embeddable":true,"href":"https:\/\/minutobahia24h.com.br\/index.php?rest_route=%2Fwp%2Fv2%2Fcategories&post=28479"},{"taxonomy":"post_tag","embeddable":true,"href":"https:\/\/minutobahia24h.com.br\/index.php?rest_route=%2Fwp%2Fv2%2Ftags&post=28479"}],"curies":[{"name":"wp","href":"https:\/\/api.w.org\/{rel}","templated":true}]}}