{"id":28467,"date":"2025-05-02T06:54:03","date_gmt":"2025-05-02T09:54:03","guid":{"rendered":"https:\/\/minutobahia24h.com.br\/?p=28467"},"modified":"2025-05-02T06:54:05","modified_gmt":"2025-05-02T09:54:05","slug":"foragido-de-sergipe-e-preso-na-micareta-de-feira","status":"publish","type":"post","link":"https:\/\/minutobahia24h.com.br\/?p=28467","title":{"rendered":"Foragido de Sergipe \u00e9 preso na Micareta de Feira"},"content":{"rendered":"<div class=\"wp-block-image\">\n<figure class=\"aligncenter size-large\"><img data-recalc-dims=\"1\" fetchpriority=\"high\" decoding=\"async\" width=\"800\" height=\"600\" src=\"https:\/\/i0.wp.com\/minutobahia24h.com.br\/wp-content\/uploads\/2025\/05\/Sem-titulo-2-1024x768.jpg?resize=800%2C600&#038;ssl=1\" alt=\"\" class=\"wp-image-28468\" srcset=\"https:\/\/i0.wp.com\/minutobahia24h.com.br\/wp-content\/uploads\/2025\/05\/Sem-titulo-2.jpg?resize=1024%2C768&amp;ssl=1 1024w, https:\/\/i0.wp.com\/minutobahia24h.com.br\/wp-content\/uploads\/2025\/05\/Sem-titulo-2.jpg?resize=300%2C225&amp;ssl=1 300w, https:\/\/i0.wp.com\/minutobahia24h.com.br\/wp-content\/uploads\/2025\/05\/Sem-titulo-2.jpg?resize=768%2C576&amp;ssl=1 768w, https:\/\/i0.wp.com\/minutobahia24h.com.br\/wp-content\/uploads\/2025\/05\/Sem-titulo-2.jpg?resize=1536%2C1152&amp;ssl=1 1536w, https:\/\/i0.wp.com\/minutobahia24h.com.br\/wp-content\/uploads\/2025\/05\/Sem-titulo-2.jpg?resize=750%2C563&amp;ssl=1 750w, https:\/\/i0.wp.com\/minutobahia24h.com.br\/wp-content\/uploads\/2025\/05\/Sem-titulo-2.jpg?resize=1140%2C855&amp;ssl=1 1140w, https:\/\/i0.wp.com\/minutobahia24h.com.br\/wp-content\/uploads\/2025\/05\/Sem-titulo-2.jpg?w=1600&amp;ssl=1 1600w\" sizes=\"(max-width: 800px) 100vw, 800px\" \/><figcaption class=\"wp-element-caption\">Portal de abordagem da micareta\u00a0| \u00a0Foto: Divulga\u00e7\u00e3o<br><\/figcaption><\/figure>\n<\/div>\n\n\n<p>Um criminoso, foragido da Justi\u00e7a do estado de Sergipe foi encontrado na Micareta de Feira de Santana, com o aux\u00edlio do Sistema de Reconhecimento Facial da Secretaria da Seguran\u00e7a P\u00fablica (SSP), nesta quinta-feira (1\u00ba), primeiro dia de festejo.<\/p>\n\n\n\n<p>O homem, procurado por furto, foi localizado pelas c\u00e2meras ap\u00f3s passar por um dos oito portais de abordagem montados no Circuito Maneca Ferreira, na Avenida Presidente Dutra.<\/p>\n\n\n\n<p>Procurado desde dezembro de 2024 pela 1\u00aa Vara Criminal de Aracaju, ele foi rapidamente encontrado por uma das patrulhas espalhadas no circuito e, ap\u00f3s a confirma\u00e7\u00e3o dos documentos pessoais, foi conduzido para uma Delegacia Especial de \u00c1rea.<\/p>\n\n\n\n<p>No local, o mandado de pris\u00e3o foi confirmado e o homem segue \u00e0 disposi\u00e7\u00e3o da Justi\u00e7a.<\/p>\n\n\n\n<p>\u201cRefor\u00e7amos os acessos do festejo com c\u00e2meras inteligentes que est\u00e3o prontas para ajudar o trabalho policial e garantir que nenhum criminoso acesse a \u00e1rea do evento\u201d, disse o superintendente de tecnologia da SSP, major Mois\u00e9s Travessa.<\/p>\n\n\n\n<p><a href=\"https:\/\/jornalmassa.com.br\/seguranca-publica\/foragido-de-sergipe-e-preso-na-micareta-de-feira-1285634\">Fonte: A Massa<\/a><\/p>\n","protected":false},"excerpt":{"rendered":"<p>Um criminoso, foragido da Justi\u00e7a do estado de Sergipe foi encontrado na Micareta de Feira de Santana, com o aux\u00edlio do Sistema de Reconhecimento Facial da Secretaria da Seguran\u00e7a P\u00fablica (SSP), nesta quinta-feira (1\u00ba), primeiro dia de festejo. O homem, procurado por furto, foi localizado pelas c\u00e2meras ap\u00f3s passar por um dos oito portais de [&hellip;]<\/p>\n","protected":false},"author":2,"featured_media":28468,"comment_status":"open","ping_status":"open","sticky":false,"template":"","format":"standard","meta":{"_jetpack_memberships_contains_paid_content":false,"footnotes":""},"categories":[3],"tags":[],"class_list":["post-28467","post","type-post","status-publish","format-standard","has-post-thumbnail","hentry","category-regional"],"aioseo_notices":[],"jetpack_featured_media_url":"https:\/\/i0.wp.com\/minutobahia24h.com.br\/wp-content\/uploads\/2025\/05\/Sem-titulo-2.jpg?fit=1600%2C1200&ssl=1","jetpack_sharing_enabled":true,"_links":{"self":[{"href":"https:\/\/minutobahia24h.com.br\/index.php?rest_route=\/wp\/v2\/posts\/28467","targetHints":{"allow":["GET"]}}],"collection":[{"href":"https:\/\/minutobahia24h.com.br\/index.php?rest_route=\/wp\/v2\/posts"}],"about":[{"href":"https:\/\/minutobahia24h.com.br\/index.php?rest_route=\/wp\/v2\/types\/post"}],"author":[{"embeddable":true,"href":"https:\/\/minutobahia24h.com.br\/index.php?rest_route=\/wp\/v2\/users\/2"}],"replies":[{"embeddable":true,"href":"https:\/\/minutobahia24h.com.br\/index.php?rest_route=%2Fwp%2Fv2%2Fcomments&post=28467"}],"version-history":[{"count":1,"href":"https:\/\/minutobahia24h.com.br\/index.php?rest_route=\/wp\/v2\/posts\/28467\/revisions"}],"predecessor-version":[{"id":28469,"href":"https:\/\/minutobahia24h.com.br\/index.php?rest_route=\/wp\/v2\/posts\/28467\/revisions\/28469"}],"wp:featuredmedia":[{"embeddable":true,"href":"https:\/\/minutobahia24h.com.br\/index.php?rest_route=\/wp\/v2\/media\/28468"}],"wp:attachment":[{"href":"https:\/\/minutobahia24h.com.br\/index.php?rest_route=%2Fwp%2Fv2%2Fmedia&parent=28467"}],"wp:term":[{"taxonomy":"category","embeddable":true,"href":"https:\/\/minutobahia24h.com.br\/index.php?rest_route=%2Fwp%2Fv2%2Fcategories&post=28467"},{"taxonomy":"post_tag","embeddable":true,"href":"https:\/\/minutobahia24h.com.br\/index.php?rest_route=%2Fwp%2Fv2%2Ftags&post=28467"}],"curies":[{"name":"wp","href":"https:\/\/api.w.org\/{rel}","templated":true}]}}