{"id":28446,"date":"2025-04-30T14:02:15","date_gmt":"2025-04-30T17:02:15","guid":{"rendered":"https:\/\/minutobahia24h.com.br\/?p=28446"},"modified":"2025-04-30T14:02:16","modified_gmt":"2025-04-30T17:02:16","slug":"mae-denuncia-corte-de-cabelo-da-filha-dentro-da-escola-manoel-dias-morgado-de-medrado","status":"publish","type":"post","link":"https:\/\/minutobahia24h.com.br\/?p=28446","title":{"rendered":"M\u00e3e denuncia corte de cabelo da filha dentro da Escola Manoel Dias Morgado de Medrado"},"content":{"rendered":"<div class=\"wp-block-image\">\n<figure class=\"aligncenter size-full\"><img data-recalc-dims=\"1\" fetchpriority=\"high\" decoding=\"async\" width=\"321\" height=\"406\" src=\"https:\/\/i0.wp.com\/minutobahia24h.com.br\/wp-content\/uploads\/2025\/04\/Sem-titulo-447.jpg?resize=321%2C406&#038;ssl=1\" alt=\"\" class=\"wp-image-28447\" srcset=\"https:\/\/i0.wp.com\/minutobahia24h.com.br\/wp-content\/uploads\/2025\/04\/Sem-titulo-447.jpg?w=321&amp;ssl=1 321w, https:\/\/i0.wp.com\/minutobahia24h.com.br\/wp-content\/uploads\/2025\/04\/Sem-titulo-447.jpg?resize=237%2C300&amp;ssl=1 237w\" sizes=\"(max-width: 321px) 100vw, 321px\" \/><\/figure>\n<\/div>\n\n\n<p><strong>Sabrina<\/strong>, m\u00e3e da aluna Evelin, usou as redes sociais para demonstrar indigna\u00e7\u00e3o ap\u00f3s sua filha ter o cabelo cortado dentro da&nbsp;<em>Escola Manoel Dias Morgado<\/em>, no distrito de Medrado.<\/p>\n\n\n\n<p>No v\u00eddeo publicado em suas redes sociais, ela relata que este n\u00e3o \u00e9 o \u00fanico caso preocupante na unidade escolar e que tentou conversar com a diretora da escola, mas foi informada de que ela n\u00e3o poderia atender por estar em um evento.<\/p>\n\n\n\n<p>Sabrina cobra respostas da&nbsp;<strong>Secretaria de Educa\u00e7\u00e3o<\/strong>&nbsp;sobre o ocorrido.<\/p>\n\n\n\n<p>A equipe do&nbsp;<em>Andorinha News<\/em>&nbsp;tentou contato com a dire\u00e7\u00e3o da escola, mas at\u00e9 o momento n\u00e3o obteve retorno.<\/p>\n\n\n\n<p>andorinhanews<\/p>\n","protected":false},"excerpt":{"rendered":"<p>Sabrina, m\u00e3e da aluna Evelin, usou as redes sociais para demonstrar indigna\u00e7\u00e3o ap\u00f3s sua filha ter o cabelo cortado dentro da&nbsp;Escola Manoel Dias Morgado, no distrito de Medrado. No v\u00eddeo publicado em suas redes sociais, ela relata que este n\u00e3o \u00e9 o \u00fanico caso preocupante na unidade escolar e que tentou conversar com a diretora [&hellip;]<\/p>\n","protected":false},"author":2,"featured_media":28447,"comment_status":"open","ping_status":"open","sticky":false,"template":"","format":"standard","meta":{"_jetpack_memberships_contains_paid_content":false,"footnotes":""},"categories":[3],"tags":[],"class_list":["post-28446","post","type-post","status-publish","format-standard","has-post-thumbnail","hentry","category-regional"],"aioseo_notices":[],"jetpack_featured_media_url":"https:\/\/i0.wp.com\/minutobahia24h.com.br\/wp-content\/uploads\/2025\/04\/Sem-titulo-447.jpg?fit=321%2C406&ssl=1","jetpack_sharing_enabled":true,"_links":{"self":[{"href":"https:\/\/minutobahia24h.com.br\/index.php?rest_route=\/wp\/v2\/posts\/28446","targetHints":{"allow":["GET"]}}],"collection":[{"href":"https:\/\/minutobahia24h.com.br\/index.php?rest_route=\/wp\/v2\/posts"}],"about":[{"href":"https:\/\/minutobahia24h.com.br\/index.php?rest_route=\/wp\/v2\/types\/post"}],"author":[{"embeddable":true,"href":"https:\/\/minutobahia24h.com.br\/index.php?rest_route=\/wp\/v2\/users\/2"}],"replies":[{"embeddable":true,"href":"https:\/\/minutobahia24h.com.br\/index.php?rest_route=%2Fwp%2Fv2%2Fcomments&post=28446"}],"version-history":[{"count":1,"href":"https:\/\/minutobahia24h.com.br\/index.php?rest_route=\/wp\/v2\/posts\/28446\/revisions"}],"predecessor-version":[{"id":28448,"href":"https:\/\/minutobahia24h.com.br\/index.php?rest_route=\/wp\/v2\/posts\/28446\/revisions\/28448"}],"wp:featuredmedia":[{"embeddable":true,"href":"https:\/\/minutobahia24h.com.br\/index.php?rest_route=\/wp\/v2\/media\/28447"}],"wp:attachment":[{"href":"https:\/\/minutobahia24h.com.br\/index.php?rest_route=%2Fwp%2Fv2%2Fmedia&parent=28446"}],"wp:term":[{"taxonomy":"category","embeddable":true,"href":"https:\/\/minutobahia24h.com.br\/index.php?rest_route=%2Fwp%2Fv2%2Fcategories&post=28446"},{"taxonomy":"post_tag","embeddable":true,"href":"https:\/\/minutobahia24h.com.br\/index.php?rest_route=%2Fwp%2Fv2%2Ftags&post=28446"}],"curies":[{"name":"wp","href":"https:\/\/api.w.org\/{rel}","templated":true}]}}