{"id":28428,"date":"2025-04-30T13:40:16","date_gmt":"2025-04-30T16:40:16","guid":{"rendered":"https:\/\/minutobahia24h.com.br\/?p=28428"},"modified":"2025-04-30T13:40:18","modified_gmt":"2025-04-30T16:40:18","slug":"hoje-tem-sessao-ordinaria-da-camara-municipal-de-andorinha-a-partir-das-14h-7","status":"publish","type":"post","link":"https:\/\/minutobahia24h.com.br\/?p=28428","title":{"rendered":"Hoje tem Sess\u00e3o Ordin\u00e1ria da C\u00e2mara Municipal de Andorinha a partir das 14h"},"content":{"rendered":"<div class=\"wp-block-image\">\n<figure class=\"aligncenter size-full is-resized\"><img data-recalc-dims=\"1\" fetchpriority=\"high\" decoding=\"async\" width=\"337\" height=\"260\" src=\"https:\/\/i0.wp.com\/minutobahia24h.com.br\/wp-content\/uploads\/2025\/04\/Sem-titulo-441.jpg?resize=337%2C260&#038;ssl=1\" alt=\"\" class=\"wp-image-28429\" style=\"width:557px;height:auto\" srcset=\"https:\/\/i0.wp.com\/minutobahia24h.com.br\/wp-content\/uploads\/2025\/04\/Sem-titulo-441.jpg?w=337&amp;ssl=1 337w, https:\/\/i0.wp.com\/minutobahia24h.com.br\/wp-content\/uploads\/2025\/04\/Sem-titulo-441.jpg?resize=300%2C231&amp;ssl=1 300w\" sizes=\"(max-width: 337px) 100vw, 337px\" \/><\/figure>\n<\/div>\n\n\n<p>Sess\u00e3o Ordin\u00e1ria da C\u00e2mara Municipal de Andorinha &#8211; AO VIVO!<\/p>\n\n\n\n<p>Hoje tem Sess\u00e3o Ordin\u00e1ria da C\u00e2mara Municipal de Andorinha, e voc\u00ea pode acompanhar tudo ao vivo pelo nosso canal do YouTube! \ud83c\udfdb\ufe0f\ud83d\udcfa<\/p>\n\n\n\n<p>\ud83d\udcc5 Data: 30\/04\/2025<br>\u23f0 Hor\u00e1rio: 14:00mim<br>\ud83d\udccc Link da transmiss\u00e3o: https:\/\/youtube.com\/live\/B-RwDFJiFzw?feature=share<\/p>\n\n\n\n<p>Fiquem ligados e participem! Sua presen\u00e7a \u00e9 fundamental para acompanhar as decis\u00f5es que impactam nossa cidade. \u2705<\/p>\n\n\n\n<p>PAUTAS:<\/p>\n\n\n\n<p>Educa\u00e7\u00e3o e Cultura<br>Apresenta\u00e7\u00e3o de Parecer referente ao Projeto de Lei n\u00ba 008\/2025.<br>\u201cQue disp\u00f5e sobre altera\u00e7\u00e3o do art. 40 da Lei n\u00ba 001\/2014, que trata da<br>composi\u00e7\u00e3o do Conselho Municipal de Cultura do Munic\u00edpio de Andorinha, Comiss\u00e3o de Educa\u00e7\u00e3o e Cultura.<\/p>\n\n\n\n<p>Educa\u00e7\u00e3o e Cultura Apresenta\u00e7\u00e3o de Parecer referente ao Projeto de Lei do Legislativo n\u00ba 002\/2025. \u201cQue institui o Programa de capacita\u00e7\u00e3o sobre o Transtorno do Espectro Autista (TEA), para professores das Escolas da rede P\u00fablica<br>e Privada do Munic\u00edpio de Andorinha. Comiss\u00e3o de Educa\u00e7\u00e3o e Cultura<\/p>\n\n\n\n<p>Sa\u00fade<br>Apresenta\u00e7\u00e3o de Parecer referente ao Projeto de Lei do Legislativo n\u00ba<br>003\/2025. \u201cQue disp\u00f5e sobre a concess\u00e3o de prefer\u00eancia no<br>agendamento de consultas e exames na Rede Municipal de Sa\u00fade para pais, familiares, respons\u00e1veis e\/ou acompanhantes de pessoas com<br>transtorno do espectro autista (TEA) e com sindrome de down.<br>Comiss\u00e3o de Sa\u00fade<\/p>\n\n\n\n<p>Indica\u00e7\u00e3o n\u00ba 019\/2025<\/p>\n\n\n\n<p>Que seja implantado um sistema de manitoramento por c\u00e2meras nas<br>vias p\u00fablicas do munic\u00edpio de Andorinha.<\/p>\n\n\n\n<p>Vereador Ednilson Nascimento Indica\u00e7\u00e3o n\u00ba 019\/2025<\/p>\n\n\n\n<p>Que seja realizada a instala\u00e7\u00e3o de postes com lumin\u00e1rias em LED ao<br>longo do canteiro central da Avenida da Vila Peixe, no trecho<br>compreendido entre o PSF at\u00e9 a antiga creche.<\/p>\n\n\n\n<p><br>Vereador Ednilson Nascimento Indica\u00e7\u00e3o n\u00ba 001\/2025<\/p>\n\n\n\n<p>Que o Prefeito Municipal interceda junto \u00e0 Secretaria da<br>Administra\u00e7\u00e3o do Estado da Bahia (SAEB), solicitando a implanta\u00e7\u00e3o<br>de uma unidade do Servi\u00e7o de Atendimento ao Cidad\u00e3o \u2013 SAC em<br>nosso Munic\u00edpio.<\/p>\n\n\n\n<p>Vereador Cl\u00e9riston Grig\u00f3rio Indica\u00e7\u00e3o n\u00ba010\/ 2025<\/p>\n\n\n\n<p>Que por meio da Secretaria Municipal competente, realize a<br>constru\u00e7\u00e3o de pra\u00e7as e jardins p\u00fablicos no distrito de S\u00edtio do A\u00e7ude e<br>no povoado de Jaboticaba.<\/p>\n\n\n\n<p>Vereadora Fausta Amorim Indica\u00e7\u00e3o n\u00ba009-2025 <\/p>\n\n\n\n<p>Que seja realizada pavimenta\u00e7\u00e3o com paralelep\u00edpedos da Rua Jos\u00e9<br>Carlos Santana, localizada atr\u00e1s da Escolinha Primeira Inf\u00e2ncia, neste<br>munic\u00edpio.<\/p>\n\n\n\n<p>Vereador Rodrigo Evangelista Indica\u00e7\u00e3o n\u00ba010-2025 <\/p>\n\n\n\n<p>Que seja realizada a constru\u00e7\u00e3o de tr\u00eas passagens molhadas na estrada<br>vicinal que liga a sede do munic\u00edpio \u00e0 Fazenda Barriguda.<\/p>\n\n\n\n<p>Ascom &#8211; C\u00e2mara de Vereadores de Andorinha<\/p>\n\n\n\n<p><\/p>\n","protected":false},"excerpt":{"rendered":"<p>Sess\u00e3o Ordin\u00e1ria da C\u00e2mara Municipal de Andorinha &#8211; AO VIVO! Hoje tem Sess\u00e3o Ordin\u00e1ria da C\u00e2mara Municipal de Andorinha, e voc\u00ea pode acompanhar tudo ao vivo pelo nosso canal do YouTube! \ud83c\udfdb\ufe0f\ud83d\udcfa \ud83d\udcc5 Data: 30\/04\/2025\u23f0 Hor\u00e1rio: 14:00mim\ud83d\udccc Link da transmiss\u00e3o: https:\/\/youtube.com\/live\/B-RwDFJiFzw?feature=share Fiquem ligados e participem! Sua presen\u00e7a \u00e9 fundamental para acompanhar as decis\u00f5es que impactam [&hellip;]<\/p>\n","protected":false},"author":2,"featured_media":28429,"comment_status":"open","ping_status":"open","sticky":false,"template":"","format":"standard","meta":{"_jetpack_memberships_contains_paid_content":false,"footnotes":""},"categories":[3],"tags":[],"class_list":["post-28428","post","type-post","status-publish","format-standard","has-post-thumbnail","hentry","category-regional"],"aioseo_notices":[],"jetpack_featured_media_url":"https:\/\/i0.wp.com\/minutobahia24h.com.br\/wp-content\/uploads\/2025\/04\/Sem-titulo-441.jpg?fit=337%2C260&ssl=1","jetpack_sharing_enabled":true,"_links":{"self":[{"href":"https:\/\/minutobahia24h.com.br\/index.php?rest_route=\/wp\/v2\/posts\/28428","targetHints":{"allow":["GET"]}}],"collection":[{"href":"https:\/\/minutobahia24h.com.br\/index.php?rest_route=\/wp\/v2\/posts"}],"about":[{"href":"https:\/\/minutobahia24h.com.br\/index.php?rest_route=\/wp\/v2\/types\/post"}],"author":[{"embeddable":true,"href":"https:\/\/minutobahia24h.com.br\/index.php?rest_route=\/wp\/v2\/users\/2"}],"replies":[{"embeddable":true,"href":"https:\/\/minutobahia24h.com.br\/index.php?rest_route=%2Fwp%2Fv2%2Fcomments&post=28428"}],"version-history":[{"count":1,"href":"https:\/\/minutobahia24h.com.br\/index.php?rest_route=\/wp\/v2\/posts\/28428\/revisions"}],"predecessor-version":[{"id":28430,"href":"https:\/\/minutobahia24h.com.br\/index.php?rest_route=\/wp\/v2\/posts\/28428\/revisions\/28430"}],"wp:featuredmedia":[{"embeddable":true,"href":"https:\/\/minutobahia24h.com.br\/index.php?rest_route=\/wp\/v2\/media\/28429"}],"wp:attachment":[{"href":"https:\/\/minutobahia24h.com.br\/index.php?rest_route=%2Fwp%2Fv2%2Fmedia&parent=28428"}],"wp:term":[{"taxonomy":"category","embeddable":true,"href":"https:\/\/minutobahia24h.com.br\/index.php?rest_route=%2Fwp%2Fv2%2Fcategories&post=28428"},{"taxonomy":"post_tag","embeddable":true,"href":"https:\/\/minutobahia24h.com.br\/index.php?rest_route=%2Fwp%2Fv2%2Ftags&post=28428"}],"curies":[{"name":"wp","href":"https:\/\/api.w.org\/{rel}","templated":true}]}}