{"id":28417,"date":"2025-04-30T07:41:16","date_gmt":"2025-04-30T10:41:16","guid":{"rendered":"https:\/\/minutobahia24h.com.br\/?p=28417"},"modified":"2025-04-30T07:41:17","modified_gmt":"2025-04-30T10:41:17","slug":"fake-news-em-nota-cbf-desmente-camisa-de-linha-vermelha-da-selecao-brasileira-veja","status":"publish","type":"post","link":"https:\/\/minutobahia24h.com.br\/?p=28417","title":{"rendered":"Fake News! Em nota, CBF desmente camisa de linha vermelha da Sele\u00e7\u00e3o Brasileira; veja"},"content":{"rendered":"<div class=\"wp-block-image\">\n<figure class=\"aligncenter size-full\"><img data-recalc-dims=\"1\" fetchpriority=\"high\" decoding=\"async\" width=\"599\" height=\"418\" src=\"https:\/\/i0.wp.com\/minutobahia24h.com.br\/wp-content\/uploads\/2025\/04\/Sem-titulo-438.jpg?resize=599%2C418&#038;ssl=1\" alt=\"\" class=\"wp-image-28418\" srcset=\"https:\/\/i0.wp.com\/minutobahia24h.com.br\/wp-content\/uploads\/2025\/04\/Sem-titulo-438.jpg?w=599&amp;ssl=1 599w, https:\/\/i0.wp.com\/minutobahia24h.com.br\/wp-content\/uploads\/2025\/04\/Sem-titulo-438.jpg?resize=300%2C209&amp;ssl=1 300w\" sizes=\"(max-width: 599px) 100vw, 599px\" \/><figcaption class=\"wp-element-caption\">Foto: Reprodu\u00e7\u00e3o\/Footy Headlines<br><\/figcaption><\/figure>\n<\/div>\n\n\n<p>A CBF (Confedera\u00e7\u00e3o Brasileira de Futebol) divulgou uma nota na noite desta ter\u00e7a-feira (29), desmentindo as informa\u00e7\u00f5es divulgadas nas redes sociais sobre um poss\u00edvel&nbsp;<a href=\"https:\/\/bahia.ba\/esporte\/selecao-brasileira-tera-camisa-vermelha-inedita-para-a-copa-de-2026-diz-site\/\"><strong>padr\u00e3o vermelho da Sele\u00e7\u00e3o Brasileira<\/strong><\/a>, visando a disputa da Copa do Mundo 2026.<\/p>\n\n\n\n<p>No comunicado, a CBF esclareceu \u201cque as imagens divulgadas recentemente de supostos uniformes da Sele\u00e7\u00e3o Brasileira para a Copa do Mundo de 2026 n\u00e3o s\u00e3o oficiais\u201d.<\/p>\n\n\n\n<p>Segundo a entidade, \u201cnem ela, nem a Nike divulgaram formalmente detalhes sobre a nova linha da Sele\u00e7\u00e3o\u201d e reafirmou o compromisso do \u00f3rg\u00e3o com estatuto. \u201cA entidade reafirma o compromisso com seu estatuto e informa que a nova cole\u00e7\u00e3o de uniformes para o Mundial ainda ser\u00e1 definida em conjunto com a Nike\u201d, finalizou o comunicado.<\/p>\n\n\n\n<p><strong>Nota na \u00edntegra<\/strong><\/p>\n\n\n\n<p><em>\u201cA Confedera\u00e7\u00e3o Brasileira de Futebol (CBF) esclarece que as imagens divulgadas recentemente de supostos uniformes da Sele\u00e7\u00e3o Brasileira para a Copa do Mundo de 2026 n\u00e3o s\u00e3o oficiais.<\/em><\/p>\n\n\n\n<p><em>Nem a CBF e nem a Nike divulgaram formalmente detalhes sobre a nova linha da Sele\u00e7\u00e3o.<\/em><\/p>\n\n\n\n<p><em>A entidade reafirma o compromisso com seu estatuto e informa que a nova cole\u00e7\u00e3o de uniformes para o Mundial ainda ser\u00e1 definida em conjunto com a Nike.\u201d<\/em><\/p>\n\n\n\n<p>Bahia.ba<\/p>\n","protected":false},"excerpt":{"rendered":"<p>A CBF (Confedera\u00e7\u00e3o Brasileira de Futebol) divulgou uma nota na noite desta ter\u00e7a-feira (29), desmentindo as informa\u00e7\u00f5es divulgadas nas redes sociais sobre um poss\u00edvel&nbsp;padr\u00e3o vermelho da Sele\u00e7\u00e3o Brasileira, visando a disputa da Copa do Mundo 2026. No comunicado, a CBF esclareceu \u201cque as imagens divulgadas recentemente de supostos uniformes da Sele\u00e7\u00e3o Brasileira para a Copa [&hellip;]<\/p>\n","protected":false},"author":2,"featured_media":28418,"comment_status":"open","ping_status":"open","sticky":false,"template":"","format":"standard","meta":{"_jetpack_memberships_contains_paid_content":false,"footnotes":""},"categories":[46],"tags":[],"class_list":["post-28417","post","type-post","status-publish","format-standard","has-post-thumbnail","hentry","category-noticia"],"aioseo_notices":[],"jetpack_featured_media_url":"https:\/\/i0.wp.com\/minutobahia24h.com.br\/wp-content\/uploads\/2025\/04\/Sem-titulo-438.jpg?fit=599%2C418&ssl=1","jetpack_sharing_enabled":true,"_links":{"self":[{"href":"https:\/\/minutobahia24h.com.br\/index.php?rest_route=\/wp\/v2\/posts\/28417","targetHints":{"allow":["GET"]}}],"collection":[{"href":"https:\/\/minutobahia24h.com.br\/index.php?rest_route=\/wp\/v2\/posts"}],"about":[{"href":"https:\/\/minutobahia24h.com.br\/index.php?rest_route=\/wp\/v2\/types\/post"}],"author":[{"embeddable":true,"href":"https:\/\/minutobahia24h.com.br\/index.php?rest_route=\/wp\/v2\/users\/2"}],"replies":[{"embeddable":true,"href":"https:\/\/minutobahia24h.com.br\/index.php?rest_route=%2Fwp%2Fv2%2Fcomments&post=28417"}],"version-history":[{"count":1,"href":"https:\/\/minutobahia24h.com.br\/index.php?rest_route=\/wp\/v2\/posts\/28417\/revisions"}],"predecessor-version":[{"id":28419,"href":"https:\/\/minutobahia24h.com.br\/index.php?rest_route=\/wp\/v2\/posts\/28417\/revisions\/28419"}],"wp:featuredmedia":[{"embeddable":true,"href":"https:\/\/minutobahia24h.com.br\/index.php?rest_route=\/wp\/v2\/media\/28418"}],"wp:attachment":[{"href":"https:\/\/minutobahia24h.com.br\/index.php?rest_route=%2Fwp%2Fv2%2Fmedia&parent=28417"}],"wp:term":[{"taxonomy":"category","embeddable":true,"href":"https:\/\/minutobahia24h.com.br\/index.php?rest_route=%2Fwp%2Fv2%2Fcategories&post=28417"},{"taxonomy":"post_tag","embeddable":true,"href":"https:\/\/minutobahia24h.com.br\/index.php?rest_route=%2Fwp%2Fv2%2Ftags&post=28417"}],"curies":[{"name":"wp","href":"https:\/\/api.w.org\/{rel}","templated":true}]}}