{"id":28411,"date":"2025-04-30T07:38:26","date_gmt":"2025-04-30T10:38:26","guid":{"rendered":"https:\/\/minutobahia24h.com.br\/?p=28411"},"modified":"2025-04-30T07:38:27","modified_gmt":"2025-04-30T10:38:27","slug":"como-e-o-novo-pl-da-anistia-que-alcolumbre-motta-e-ministros-do-stf-estao-negociando","status":"publish","type":"post","link":"https:\/\/minutobahia24h.com.br\/?p=28411","title":{"rendered":"Como \u00e9 o novo PL da Anistia que Alcolumbre, Motta e ministros do STF est\u00e3o negociando"},"content":{"rendered":"\n<p>O presidente do\u00a0<a class=\"\" href=\"https:\/\/g1.globo.com\/tudo-sobre\/senado-federal\/\">Senado<\/a>,\u00a0<a class=\"\" href=\"https:\/\/g1.globo.com\/politica\/politico\/davi-alcolumbre\/\">Davi Alcolumbre<\/a>\u00a0(Uni\u00e3o-AP) deve apresentar no pr\u00f3ximo m\u00eas\u00a0<strong>um projeto de lei alternativo ao PL da Anistia<\/strong>. O projeto vem sendo articulado entre Alcolumbre, o presidente da\u00a0<a class=\"\" href=\"https:\/\/g1.globo.com\/tudo-sobre\/camara-dos-deputados\/\">C\u00e2mara dos Deputados<\/a>, Hugo Motta (Republicanos-PB), e ministros do Supremo Tribunal Federal (<a class=\"\" href=\"https:\/\/g1.globo.com\/tudo-sobre\/supremo-tribunal-federal\/\">STF<\/a>).<\/p>\n\n\n<div class=\"wp-block-image\">\n<figure class=\"aligncenter size-full\"><img data-recalc-dims=\"1\" fetchpriority=\"high\" decoding=\"async\" width=\"800\" height=\"450\" src=\"https:\/\/i0.wp.com\/minutobahia24h.com.br\/wp-content\/uploads\/2025\/04\/Sem-titulo-436.jpg?resize=800%2C450&#038;ssl=1\" alt=\"\" class=\"wp-image-28412\" srcset=\"https:\/\/i0.wp.com\/minutobahia24h.com.br\/wp-content\/uploads\/2025\/04\/Sem-titulo-436.jpg?w=984&amp;ssl=1 984w, https:\/\/i0.wp.com\/minutobahia24h.com.br\/wp-content\/uploads\/2025\/04\/Sem-titulo-436.jpg?resize=300%2C169&amp;ssl=1 300w, https:\/\/i0.wp.com\/minutobahia24h.com.br\/wp-content\/uploads\/2025\/04\/Sem-titulo-436.jpg?resize=768%2C432&amp;ssl=1 768w, https:\/\/i0.wp.com\/minutobahia24h.com.br\/wp-content\/uploads\/2025\/04\/Sem-titulo-436.jpg?resize=750%2C422&amp;ssl=1 750w\" sizes=\"(max-width: 800px) 100vw, 800px\" \/><figcaption class=\"wp-element-caption\">8 de janeiro: ataques \u00e0s sedes dos Tr\u00eas Poderes ficam registrados na mem\u00f3ria nacional \u2014 Foto: Reprodu\u00e7\u00e3o\/TV Globo<br><\/figcaption><\/figure>\n<\/div>\n\n\n<p>A ideia do texto \u00e9&nbsp;<strong>reduzir a pena de r\u00e9us de menor import\u00e2ncia condenados pelos atos golpistas de 8 de janeiro e agravar a pena para quem lidera ou comanda uma tentativa de golpe<\/strong>.<a class=\"\" href=\"https:\/\/g1.globo.com\/politica\/noticia\/2024\/04\/29\/8-de-janeiro-stf-ja-condenou-mais-de-200-executores-dos-atos-golpistas-penas-chegam-a-17-anos.ghtml\">&nbsp;O STF j\u00e1 condenou 206 executores dos atos golpistas de 8 de janeiro<\/a>, com penas que v\u00e3o de 3 anos a 17 anos de pris\u00e3o.<\/p>\n\n\n\n<p><a class=\"\" href=\"https:\/\/g1.globo.com\/politica\/blog\/octavio-guedes\/post\/2025\/04\/16\/congresso-e-stf-analisam-alternativa-a-proposta-de-anistia-que-reduz-pena-de-reus-de-menor-importancia-do-81.ghtml\">A iniciativa foi revelada pelo blog do Octavio Guedes da GloboNews&nbsp;<\/a>e aponta que a proposta foi costurada tamb\u00e9m pelo antecessor de Alcolumbre, senador Rodrigo Pacheco (PSD).<\/p>\n\n\n\n<h2 class=\"wp-block-heading\"><strong>Esvaziamento<\/strong><\/h2>\n\n\n\n<p>A avalia\u00e7\u00e3o dos presidentes da C\u00e2mara e do Senado \u00e9 a de que os crimes cometidos no dia 8 de janeiro devem ser punidos, mas que \u00e9 preciso que as penas sejam proporcionais.<\/p>\n\n\n\n<p>Al\u00e9m de diminuir de um sexto a um ter\u00e7o a pena de r\u00e9us de menor import\u00e2ncia, a nova proposta pode considerar que n\u00e3o se acumulam as penas de golpe de Estado com aboli\u00e7\u00e3o violenta do Estado Democr\u00e1tico de Direito.<\/p>\n\n\n\n<p>Como uma nova lei s\u00f3 pode retroagir para beneficiar o r\u00e9u, ela s\u00f3 atingiria quem participou do quebra-quebra. J\u00e1 o ex-presidente Jair Bolsonaro e ex-ministros e militares de alta patente, acusados de liderar a tentativa de golpe, n\u00e3o seriam atingidos pela mudan\u00e7a.<\/p>\n\n\n\n<p>O projeto de lei em estudo esvaziaria o PL da Anistia que est\u00e1 na C\u00e2mara dos Deputados e que enfrenta resist\u00eancias na c\u00fapula do Congresso, no STF e no governo.&nbsp;<a class=\"\" href=\"https:\/\/g1.globo.com\/politica\/blog\/andreia-sadi\/post\/2025\/04\/14\/lider-do-pl-requerimento-anistia.ghtml\">Um requerimento de urg\u00eancia para o projeto foi apresentado pela oposi\u00e7\u00e3o, mas ainda n\u00e3o foi pautado por Motta.<\/a><\/p>\n\n\n\n<h2 class=\"wp-block-heading\">Cr\u00edticas do PL<\/h2>\n\n\n\n<p>O l\u00edder do PL na C\u00e2mara, deputado S\u00f3stenes Cavalcante (RJ), criticou nesta segunda-feira (28) a proposta alternativa. \u201cN\u00e3o acho normal o STF legislar junto com o Senado. Se \u00e9 verdade o que est\u00e1 na m\u00eddia, estamos vivendo tempos sombrios na nossa democracia\u201d, disse S\u00f3stenes. \u201cO papel de legislar \u00e9 da C\u00e2mara e do Senado.\u201d<\/p>\n\n\n\n<p>S\u00f3stenes apontou que<strong>&nbsp;o PL n\u00e3o considera esta alternativa vi\u00e1vel para o grupo que defende a anistia aos presos<\/strong>, ainda que beneficie parte dos condenados.<\/p>\n\n\n\n<figure class=\"wp-block-image\"><img data-recalc-dims=\"1\" decoding=\"async\" src=\"https:\/\/i0.wp.com\/s2-g1.glbimg.com\/vYwiQqMeUdeIdGP7ueEEliSZb5Y%3D\/0x0%3A4500x3000\/984x0\/smart\/filters%3Astrip_icc%28%29\/i.s3.glbimg.com\/v1\/AUTH_59edd422c0c84a879bd37670ae4f538a\/internal_photos\/bs\/2025\/W\/c\/YmgAQ6TdazxW3l9kH3XQ\/lula9450.jpg?w=800&#038;ssl=1\" alt=\"S\u00f3stenes Cavalcante, l\u00edder do Partido Liberal na C\u00e2mara dos Deputados \u2014 Foto: Lula Marques\/ Ag\u00eancia Brasil\"\/><\/figure>\n\n\n\n<p>S\u00f3stenes Cavalcante, l\u00edder do Partido Liberal na C\u00e2mara dos Deputados \u2014 Foto: Lula Marques\/ Ag\u00eancia Brasil<\/p>\n\n\n\n<blockquote class=\"wp-block-quote is-layout-flow wp-block-quote-is-layout-flow\">\n<p>\u201cIsso refor\u00e7a a necessidade de votarmos a anistia\u201d, disse. \u201cSe isso for feito, o pr\u00f3prio STF vai estar dizendo que o golpe n\u00e3o existiu, ao rever penas que ele pr\u00f3prio deu.\u201d<\/p>\n<\/blockquote>\n\n\n\n<p>Com o projeto que est\u00e1 na C\u00e2mara, al\u00e9m de conceder perd\u00e3o a participantes dos atos de 8 de janeiro,&nbsp;<strong>a oposi\u00e7\u00e3o quer assegurar uma anistia para o ex-presidente Jair Bolsonaro (PL) caso ele seja condenado pelo Supremo Tribunal Federal (STF) por tentativa de golpe.<\/strong><\/p>\n\n\n\n<p><a class=\"\" href=\"https:\/\/g1.globo.com\/politica\/noticia\/2025\/03\/26\/turma-do-stf-forma-maioria-para-tornar-reus-bolsonaro-e-mais-7-por-tentativa-de-golpe-de-estado.ghtml\">Bolsonaro e mais 13 aliados se tornaram r\u00e9us ap\u00f3s a Primeira Turma do STF ter aceitado den\u00fancias da Procuradoria-Geral da Rep\u00fablica (PGR)<\/a>&nbsp;por crimes como tentativa de golpe de Estado, aboli\u00e7\u00e3o violenta do estado democr\u00e1tico de direito, organiza\u00e7\u00e3o criminosa e dano ao patrim\u00f4nio.<\/p>\n\n\n\n<figure class=\"wp-block-image\"><img data-recalc-dims=\"1\" decoding=\"async\" src=\"https:\/\/i0.wp.com\/s2-g1.glbimg.com\/07dNiwkTbqfqVcPqE4EW_9mblvg%3D\/0x0%3A1300x736\/984x0\/smart\/filters%3Astrip_icc%28%29\/i.s3.glbimg.com\/v1\/AUTH_59edd422c0c84a879bd37670ae4f538a\/internal_photos\/bs\/2025\/x\/O\/PiQv68TRChuuSyNVop9Q\/mulher-batom-estatua-8-de-janeiro-1-.jpeg?w=800&#038;ssl=1\" alt=\"D\u00e9bora Rodrigues dos Santos foi condenada pelo STF por crimes como associa\u00e7\u00e3o criminosa armada e golpe de Estado. \u2014 Foto: Reprodu\u00e7\u00e3o\"\/><\/figure>\n\n\n\n<p>D\u00e9bora Rodrigues dos Santos foi condenada pelo STF por crimes como associa\u00e7\u00e3o criminosa armada e golpe de Estado. \u2014 Foto: Reprodu\u00e7\u00e3o<\/p>\n\n\n\n<p>A atual lei de golpe de Estado n\u00e3o permite diferenciar financiadores, organizadores e l\u00edderes dos demais r\u00e9us de menor import\u00e2ncia. Caso, por exemplo, de D\u00e9bora Rodrigues dos Santos,&nbsp;<a class=\"\" href=\"https:\/\/g1.globo.com\/politica\/noticia\/2025\/04\/25\/por-maioria-stf-condena-debora-rodrigues-que-pichou-estatua-no-81-a-14-anos-de-prisao.ghtml\">condenada a 14 anos por participar dos ataques antidemocr\u00e1ticos em Bras\u00edlia e pichar a est\u00e1tua da Justi\u00e7a<\/a>.<\/p>\n\n\n\n<p>Caso o projeto seja aprovado, D\u00e9bora estaria entre os beneficiados com a redu\u00e7\u00e3o de pena.<\/p>\n","protected":false},"excerpt":{"rendered":"<p>O presidente do\u00a0Senado,\u00a0Davi Alcolumbre\u00a0(Uni\u00e3o-AP) deve apresentar no pr\u00f3ximo m\u00eas\u00a0um projeto de lei alternativo ao PL da Anistia. O projeto vem sendo articulado entre Alcolumbre, o presidente da\u00a0C\u00e2mara dos Deputados, Hugo Motta (Republicanos-PB), e ministros do Supremo Tribunal Federal (STF). A ideia do texto \u00e9&nbsp;reduzir a pena de r\u00e9us de menor import\u00e2ncia condenados pelos atos golpistas [&hellip;]<\/p>\n","protected":false},"author":2,"featured_media":28412,"comment_status":"open","ping_status":"open","sticky":false,"template":"","format":"standard","meta":{"_jetpack_memberships_contains_paid_content":false,"footnotes":""},"categories":[39],"tags":[],"class_list":["post-28411","post","type-post","status-publish","format-standard","has-post-thumbnail","hentry","category-politica"],"aioseo_notices":[],"jetpack_featured_media_url":"https:\/\/i0.wp.com\/minutobahia24h.com.br\/wp-content\/uploads\/2025\/04\/Sem-titulo-436.jpg?fit=984%2C554&ssl=1","jetpack_sharing_enabled":true,"_links":{"self":[{"href":"https:\/\/minutobahia24h.com.br\/index.php?rest_route=\/wp\/v2\/posts\/28411","targetHints":{"allow":["GET"]}}],"collection":[{"href":"https:\/\/minutobahia24h.com.br\/index.php?rest_route=\/wp\/v2\/posts"}],"about":[{"href":"https:\/\/minutobahia24h.com.br\/index.php?rest_route=\/wp\/v2\/types\/post"}],"author":[{"embeddable":true,"href":"https:\/\/minutobahia24h.com.br\/index.php?rest_route=\/wp\/v2\/users\/2"}],"replies":[{"embeddable":true,"href":"https:\/\/minutobahia24h.com.br\/index.php?rest_route=%2Fwp%2Fv2%2Fcomments&post=28411"}],"version-history":[{"count":1,"href":"https:\/\/minutobahia24h.com.br\/index.php?rest_route=\/wp\/v2\/posts\/28411\/revisions"}],"predecessor-version":[{"id":28413,"href":"https:\/\/minutobahia24h.com.br\/index.php?rest_route=\/wp\/v2\/posts\/28411\/revisions\/28413"}],"wp:featuredmedia":[{"embeddable":true,"href":"https:\/\/minutobahia24h.com.br\/index.php?rest_route=\/wp\/v2\/media\/28412"}],"wp:attachment":[{"href":"https:\/\/minutobahia24h.com.br\/index.php?rest_route=%2Fwp%2Fv2%2Fmedia&parent=28411"}],"wp:term":[{"taxonomy":"category","embeddable":true,"href":"https:\/\/minutobahia24h.com.br\/index.php?rest_route=%2Fwp%2Fv2%2Fcategories&post=28411"},{"taxonomy":"post_tag","embeddable":true,"href":"https:\/\/minutobahia24h.com.br\/index.php?rest_route=%2Fwp%2Fv2%2Ftags&post=28411"}],"curies":[{"name":"wp","href":"https:\/\/api.w.org\/{rel}","templated":true}]}}