{"id":28401,"date":"2025-04-30T07:26:29","date_gmt":"2025-04-30T10:26:29","guid":{"rendered":"https:\/\/minutobahia24h.com.br\/?p=28401"},"modified":"2025-04-30T07:26:30","modified_gmt":"2025-04-30T10:26:30","slug":"acm-neto-sobre-federacao-ub-pp-largar-com-dois-partidos-de-dimensao-nacional","status":"publish","type":"post","link":"https:\/\/minutobahia24h.com.br\/?p=28401","title":{"rendered":"ACM Neto sobre federa\u00e7\u00e3o UB-PP: \u201cLargar com dois partidos de dimens\u00e3o nacional\u201d"},"content":{"rendered":"<div class=\"wp-block-image\">\n<figure class=\"aligncenter size-full\"><img data-recalc-dims=\"1\" fetchpriority=\"high\" decoding=\"async\" width=\"748\" height=\"500\" src=\"https:\/\/i0.wp.com\/minutobahia24h.com.br\/wp-content\/uploads\/2025\/04\/Sem-titulo-433.jpg?resize=748%2C500&#038;ssl=1\" alt=\"\" class=\"wp-image-28402\" srcset=\"https:\/\/i0.wp.com\/minutobahia24h.com.br\/wp-content\/uploads\/2025\/04\/Sem-titulo-433.jpg?w=748&amp;ssl=1 748w, https:\/\/i0.wp.com\/minutobahia24h.com.br\/wp-content\/uploads\/2025\/04\/Sem-titulo-433.jpg?resize=300%2C201&amp;ssl=1 300w\" sizes=\"(max-width: 748px) 100vw, 748px\" \/><figcaption class=\"wp-element-caption\">Foto: divulga\u00e7\u00e3o<br><\/figcaption><\/figure>\n<\/div>\n\n\n<p>Durante o lan\u00e7amento da federa\u00e7\u00e3o entre o Uni\u00e3o Brasil (UB) e o PP, batizada de \u2018Uni\u00e3o Progressista\u2019, o vice-presidente nacional do UB, ACM Neto, afirmou que a alian\u00e7a refor\u00e7a o projeto pol\u00edtico da oposi\u00e7\u00e3o na Bahia. Neto sinalizou que j\u00e1 est\u00e1 em movimento, com viagens pelo Interior previstas ao longo de 2025.<\/p>\n\n\n\n<p>\u201c<em>Essa pr\u00f3pria decis\u00e3o da federa\u00e7\u00e3o, ela contribui muito para fortalecer o nosso projeto na Bahia. Afinal de contas, d\u00e1 uma musculatura grande, nos permite sair na largada com dois partidos de dimens\u00e3o nacional e, \u00e9 claro, a partir da\u00ed dialogar com outros partidos que possam se juntar numa alian\u00e7a para 2026<\/em>\u201d, declarou o ex-prefeito de Salvador.<\/p>\n\n\n\n<p>Segundo Neto, o momento ainda n\u00e3o \u00e9 de anunciar candidaturas, mas de di\u00e1logo com a popula\u00e7\u00e3o. \u201c<em>Eu n\u00e3o me coloco ainda na condi\u00e7\u00e3o de pr\u00e9-candidato, eu acho que n\u00e3o \u00e9 o momento, entretanto j\u00e1 comecei a rodar a Bahia. Na semana passada iniciamos pela cidade de Ilh\u00e9us, e vamos agora estender essa agenda ao longo de todo o ano de 2025 para conversar com os baianos, para falar de presente e de futuro, entretanto, respeitando o momento de tudo e das coisas<\/em>\u201d.<\/p>\n\n\n\n<p>O l\u00edder baiano tamb\u00e9m demonstrou confian\u00e7a na for\u00e7a da oposi\u00e7\u00e3o na elei\u00e7\u00e3o de 2026. \u201c<em>Candidatura a gente vai tratar no ano que vem, mas eu acho que a oposi\u00e7\u00e3o na Bahia vai chegar forte e em condi\u00e7\u00f5es reais de enfrentar o PT, que governa o nosso Estado h\u00e1 quase 20 anos<\/em>\u201d, afirmou. A nova federa\u00e7\u00e3o conta com 109 deputados federais, 14 senadores, seis governadores, cerca de 1,4 mil prefeitos e mais de 12 mil vereadores em todo o pa\u00eds. Na Bahia, Uni\u00e3o Brasil e PP somam 80 prefeitos e 789 vereadores, conforme dados do TSE.<\/p>\n\n\n\n<p>carlosbritto<\/p>\n","protected":false},"excerpt":{"rendered":"<p>Durante o lan\u00e7amento da federa\u00e7\u00e3o entre o Uni\u00e3o Brasil (UB) e o PP, batizada de \u2018Uni\u00e3o Progressista\u2019, o vice-presidente nacional do UB, ACM Neto, afirmou que a alian\u00e7a refor\u00e7a o projeto pol\u00edtico da oposi\u00e7\u00e3o na Bahia. Neto sinalizou que j\u00e1 est\u00e1 em movimento, com viagens pelo Interior previstas ao longo de 2025. \u201cEssa pr\u00f3pria decis\u00e3o [&hellip;]<\/p>\n","protected":false},"author":2,"featured_media":28402,"comment_status":"open","ping_status":"open","sticky":false,"template":"","format":"standard","meta":{"_jetpack_memberships_contains_paid_content":false,"footnotes":""},"categories":[39],"tags":[],"class_list":["post-28401","post","type-post","status-publish","format-standard","has-post-thumbnail","hentry","category-politica"],"aioseo_notices":[],"jetpack_featured_media_url":"https:\/\/i0.wp.com\/minutobahia24h.com.br\/wp-content\/uploads\/2025\/04\/Sem-titulo-433.jpg?fit=748%2C500&ssl=1","jetpack_sharing_enabled":true,"_links":{"self":[{"href":"https:\/\/minutobahia24h.com.br\/index.php?rest_route=\/wp\/v2\/posts\/28401","targetHints":{"allow":["GET"]}}],"collection":[{"href":"https:\/\/minutobahia24h.com.br\/index.php?rest_route=\/wp\/v2\/posts"}],"about":[{"href":"https:\/\/minutobahia24h.com.br\/index.php?rest_route=\/wp\/v2\/types\/post"}],"author":[{"embeddable":true,"href":"https:\/\/minutobahia24h.com.br\/index.php?rest_route=\/wp\/v2\/users\/2"}],"replies":[{"embeddable":true,"href":"https:\/\/minutobahia24h.com.br\/index.php?rest_route=%2Fwp%2Fv2%2Fcomments&post=28401"}],"version-history":[{"count":1,"href":"https:\/\/minutobahia24h.com.br\/index.php?rest_route=\/wp\/v2\/posts\/28401\/revisions"}],"predecessor-version":[{"id":28403,"href":"https:\/\/minutobahia24h.com.br\/index.php?rest_route=\/wp\/v2\/posts\/28401\/revisions\/28403"}],"wp:featuredmedia":[{"embeddable":true,"href":"https:\/\/minutobahia24h.com.br\/index.php?rest_route=\/wp\/v2\/media\/28402"}],"wp:attachment":[{"href":"https:\/\/minutobahia24h.com.br\/index.php?rest_route=%2Fwp%2Fv2%2Fmedia&parent=28401"}],"wp:term":[{"taxonomy":"category","embeddable":true,"href":"https:\/\/minutobahia24h.com.br\/index.php?rest_route=%2Fwp%2Fv2%2Fcategories&post=28401"},{"taxonomy":"post_tag","embeddable":true,"href":"https:\/\/minutobahia24h.com.br\/index.php?rest_route=%2Fwp%2Fv2%2Ftags&post=28401"}],"curies":[{"name":"wp","href":"https:\/\/api.w.org\/{rel}","templated":true}]}}