{"id":28398,"date":"2025-04-30T07:23:16","date_gmt":"2025-04-30T10:23:16","guid":{"rendered":"https:\/\/minutobahia24h.com.br\/?p=28398"},"modified":"2025-04-30T07:23:18","modified_gmt":"2025-04-30T10:23:18","slug":"alba-aprova-reajuste-salarial-para-forcas-de-seguranca-da-bahia","status":"publish","type":"post","link":"https:\/\/minutobahia24h.com.br\/?p=28398","title":{"rendered":"ALBA aprova reajuste salarial para for\u00e7as de seguran\u00e7a da Bahia"},"content":{"rendered":"<div class=\"wp-block-image\">\n<figure class=\"aligncenter size-full\"><img data-recalc-dims=\"1\" fetchpriority=\"high\" decoding=\"async\" width=\"800\" height=\"450\" src=\"https:\/\/i0.wp.com\/minutobahia24h.com.br\/wp-content\/uploads\/2025\/04\/Sem-titulo-432.jpg?resize=800%2C450&#038;ssl=1\" alt=\"\" class=\"wp-image-28399\" srcset=\"https:\/\/i0.wp.com\/minutobahia24h.com.br\/wp-content\/uploads\/2025\/04\/Sem-titulo-432.jpg?w=800&amp;ssl=1 800w, https:\/\/i0.wp.com\/minutobahia24h.com.br\/wp-content\/uploads\/2025\/04\/Sem-titulo-432.jpg?resize=300%2C169&amp;ssl=1 300w, https:\/\/i0.wp.com\/minutobahia24h.com.br\/wp-content\/uploads\/2025\/04\/Sem-titulo-432.jpg?resize=768%2C432&amp;ssl=1 768w, https:\/\/i0.wp.com\/minutobahia24h.com.br\/wp-content\/uploads\/2025\/04\/Sem-titulo-432.jpg?resize=750%2C422&amp;ssl=1 750w\" sizes=\"(max-width: 800px) 100vw, 800px\" \/><figcaption class=\"wp-element-caption\">Assembleia Legislativa da Bahia aprova projetos que alteram a remunera\u00e7\u00e3o de policiais e bombeiros\u00a0\u00a0|\u00a0\u00a0\u00a0<img decoding=\"async\" width=\"17\" height=\"17\" data-src=\"https:\/\/www.bnews.com.br\/static\/img\/camera_icon.svg\" alt=\"Bnews - Divulga\u00e7\u00e3o\" src=\"data:image\/gif;base64,R0lGODlhAQABAAAAACH5BAEKAAEALAAAAAABAAEAAAICTAEAOw==\" class=\"lazyload\"><noscript><img decoding=\"async\" width=\"17\" height=\"17\" src=\"https:\/\/www.bnews.com.br\/static\/img\/camera_icon.svg\" alt=\"Bnews - Divulga\u00e7\u00e3o\"><\/noscript>\u00a0Henrique Brinco \/ BNews<br><a href=\"https:\/\/www.bnews.com.br\/autor\/henrique-brinco\/\"><\/a><\/figcaption><\/figure>\n<\/div>\n\n\n<p>A Assembleia Legislativa da Bahia (Alba) aprovou nesta ter\u00e7a-feira (29), por acordo entre os parlamentares,&nbsp;<a href=\"https:\/\/www.bnews.com.br\/noticias\/politica\/jeronimo-encaminha-projetos-para-alba-que-alteram-remuneracao-das-carreiras-de-seguranca-na-bahia.html\">os tr\u00eas Projetos de Lei encaminhados pelo governador Jer\u00f4nimo Rodrigues (PT) que alteram a estrutura remunerat\u00f3ria das carreiras da Seguran\u00e7a P\u00fablica no estado<\/a>.&nbsp;<\/p>\n\n\n\n<p>Os projetos, enviados \u00e0 Casa no \u00faltimo dia 22, contemplam policiais militares (pra\u00e7as e oficiais), bombeiros militares e servidores da Pol\u00edcia Civil e do Departamento de Pol\u00edcia T\u00e9cnica (DPT). De acordo com o texto aprovado, os integrantes da Pol\u00edcia Militar e do Corpo de Bombeiros ter\u00e3o um ganho m\u00e9dio de 14,76% entre os anos de 2025 e 2026, considerando o soldo e a Gratifica\u00e7\u00e3o de Atividade Policial Militar (GAPM).<\/p>\n\n\n\n<p>Na Pol\u00edcia Civil, os delegados, peritos criminais, peritos m\u00e9dico-legistas e peritos odonto-legais ter\u00e3o um reajuste acumulado de 14% no mesmo per\u00edodo. J\u00e1 investigadores, escriv\u00e3es e peritos t\u00e9cnicos do DPT receber\u00e3o um aumento de 22%.<\/p>\n\n\n\n<p>Segundo os projetos, os reajustes j\u00e1 incidem de forma retroativa ao m\u00eas de mar\u00e7o deste ano e ter\u00e3o nova etapa de implanta\u00e7\u00e3o em maio. Para 2026, est\u00e3o previstos novos acr\u00e9scimos salariais em maio e junho.<\/p>\n\n\n\n<p>bnews<\/p>\n","protected":false},"excerpt":{"rendered":"<p>A Assembleia Legislativa da Bahia (Alba) aprovou nesta ter\u00e7a-feira (29), por acordo entre os parlamentares,&nbsp;os tr\u00eas Projetos de Lei encaminhados pelo governador Jer\u00f4nimo Rodrigues (PT) que alteram a estrutura remunerat\u00f3ria das carreiras da Seguran\u00e7a P\u00fablica no estado.&nbsp; Os projetos, enviados \u00e0 Casa no \u00faltimo dia 22, contemplam policiais militares (pra\u00e7as e oficiais), bombeiros militares e [&hellip;]<\/p>\n","protected":false},"author":2,"featured_media":28399,"comment_status":"open","ping_status":"open","sticky":false,"template":"","format":"standard","meta":{"_jetpack_memberships_contains_paid_content":false,"footnotes":""},"categories":[21],"tags":[],"class_list":["post-28398","post","type-post","status-publish","format-standard","has-post-thumbnail","hentry","category-bahia"],"aioseo_notices":[],"jetpack_featured_media_url":"https:\/\/i0.wp.com\/minutobahia24h.com.br\/wp-content\/uploads\/2025\/04\/Sem-titulo-432.jpg?fit=800%2C450&ssl=1","jetpack_sharing_enabled":true,"_links":{"self":[{"href":"https:\/\/minutobahia24h.com.br\/index.php?rest_route=\/wp\/v2\/posts\/28398","targetHints":{"allow":["GET"]}}],"collection":[{"href":"https:\/\/minutobahia24h.com.br\/index.php?rest_route=\/wp\/v2\/posts"}],"about":[{"href":"https:\/\/minutobahia24h.com.br\/index.php?rest_route=\/wp\/v2\/types\/post"}],"author":[{"embeddable":true,"href":"https:\/\/minutobahia24h.com.br\/index.php?rest_route=\/wp\/v2\/users\/2"}],"replies":[{"embeddable":true,"href":"https:\/\/minutobahia24h.com.br\/index.php?rest_route=%2Fwp%2Fv2%2Fcomments&post=28398"}],"version-history":[{"count":1,"href":"https:\/\/minutobahia24h.com.br\/index.php?rest_route=\/wp\/v2\/posts\/28398\/revisions"}],"predecessor-version":[{"id":28400,"href":"https:\/\/minutobahia24h.com.br\/index.php?rest_route=\/wp\/v2\/posts\/28398\/revisions\/28400"}],"wp:featuredmedia":[{"embeddable":true,"href":"https:\/\/minutobahia24h.com.br\/index.php?rest_route=\/wp\/v2\/media\/28399"}],"wp:attachment":[{"href":"https:\/\/minutobahia24h.com.br\/index.php?rest_route=%2Fwp%2Fv2%2Fmedia&parent=28398"}],"wp:term":[{"taxonomy":"category","embeddable":true,"href":"https:\/\/minutobahia24h.com.br\/index.php?rest_route=%2Fwp%2Fv2%2Fcategories&post=28398"},{"taxonomy":"post_tag","embeddable":true,"href":"https:\/\/minutobahia24h.com.br\/index.php?rest_route=%2Fwp%2Fv2%2Ftags&post=28398"}],"curies":[{"name":"wp","href":"https:\/\/api.w.org\/{rel}","templated":true}]}}