{"id":28383,"date":"2025-04-30T07:10:02","date_gmt":"2025-04-30T10:10:02","guid":{"rendered":"https:\/\/minutobahia24h.com.br\/?p=28383"},"modified":"2025-04-30T07:10:04","modified_gmt":"2025-04-30T10:10:04","slug":"ambulancias-do-samu-estao-sem-seguro-em-feira-de-santana-aponta-denuncia","status":"publish","type":"post","link":"https:\/\/minutobahia24h.com.br\/?p=28383","title":{"rendered":"Ambul\u00e2ncias do Samu est\u00e3o sem seguro em Feira de Santana, aponta den\u00fancia"},"content":{"rendered":"<div class=\"wp-block-image\">\n<figure class=\"aligncenter size-full\"><img data-recalc-dims=\"1\" fetchpriority=\"high\" decoding=\"async\" width=\"750\" height=\"497\" src=\"https:\/\/i0.wp.com\/minutobahia24h.com.br\/wp-content\/uploads\/2025\/04\/Sem-titulo-427.jpg?resize=750%2C497&#038;ssl=1\" alt=\"\" class=\"wp-image-28384\" srcset=\"https:\/\/i0.wp.com\/minutobahia24h.com.br\/wp-content\/uploads\/2025\/04\/Sem-titulo-427.jpg?w=750&amp;ssl=1 750w, https:\/\/i0.wp.com\/minutobahia24h.com.br\/wp-content\/uploads\/2025\/04\/Sem-titulo-427.jpg?resize=300%2C199&amp;ssl=1 300w\" sizes=\"(max-width: 750px) 100vw, 750px\" \/><figcaption class=\"wp-element-caption\">CPI deve ser aberta, a fim de investigar falta de seguran\u00e7a nas ambul\u00e2ncias &#8211;\u00a0Foto: Thiago Paix\u00e3o | PMFS<br><\/figcaption><\/figure>\n<\/div>\n\n\n<p>Uma situa\u00e7\u00e3o que traz um alerta a quem trabalha ou utiliza as ambul\u00e2ncias do Servi\u00e7o de Atendimento M\u00f3vel de Urg\u00eancia (SAMU) de Feira de Santana. Uma den\u00fancia feita pelo vereador, o professor Ivamberg (PT), aponta que a frota estaria circulando no munic\u00edpio sem seguro automotivo. O parlamentar disse que vai apresentar um requerimento solicitando esclarecimentos \u00e0\u00a0<a href=\"https:\/\/atarde.com.br\/municipios\/mp-investiga-irregularidades-na-saude-em-feira-de-santana-saiba-mais-1287043\" target=\"_blank\" rel=\"noreferrer noopener\">Secretaria Municipal de Sa\u00fade<\/a>\u00a0(SMS).<\/p>\n\n\n\n<p>Apesar da aus\u00eancia de leis espec\u00edficas sobre o tema, a assessoria jur\u00eddica do vereador apurou que uma norma do Minist\u00e9rio da Sa\u00fade determina a obrigatoriedade do seguro para este tipo de ve\u00edculo.<\/p>\n\n\n\n<p>\u201cEsses pontos servem de base para questionar o secret\u00e1rio de Sa\u00fade, e at\u00e9 para justificar a abertura de uma CPI, a fim de investigar a falta de seguran\u00e7a nas ambul\u00e2ncias e cobrar licita\u00e7\u00f5es para corrigir a situa\u00e7\u00e3o\u201d, disse Ivamberg.<\/p>\n\n\n\n<p>Em abril de 2024,&nbsp;<a href=\"https:\/\/atarde.com.br\/bahia\/trabalhadores-do-samu-de-feira-de-santana-denunciam-abandono-da-saude-1266286\" target=\"_blank\" rel=\"noreferrer noopener\">foi realizada a primeira audi\u00eancia de media\u00e7\u00e3o<\/a>, no Minist\u00e9rio P\u00fablico do Trabalho (MPT), com os sindicatos dos M\u00e9dicos e dos Enfermeiros, os quais reivindicaram oferta de insumos e melhores condi\u00e7\u00f5es de seguran\u00e7a e trabalho no Servi\u00e7o de Atendimento M\u00f3vel de Urg\u00eancia (Samu) de Feira de Santana, na \u00e9poca gerida pelo prefeito Colbert Martins (MDB).<\/p>\n\n\n\n<p>\u00c0 \u00e9poca, os representantes dos trabalhadores relataram problemas estruturais e de seguran\u00e7a, principalmente no que se referia ao estado de conserva\u00e7\u00e3o das ambul\u00e2ncias.<\/p>\n\n\n\n<p>A reportagem procurou a secretaria de Sa\u00fade do munic\u00edpio, que ficou de responder aos questionamentos.<\/p>\n\n\n\n<p>atarde<\/p>\n","protected":false},"excerpt":{"rendered":"<p>Uma situa\u00e7\u00e3o que traz um alerta a quem trabalha ou utiliza as ambul\u00e2ncias do Servi\u00e7o de Atendimento M\u00f3vel de Urg\u00eancia (SAMU) de Feira de Santana. Uma den\u00fancia feita pelo vereador, o professor Ivamberg (PT), aponta que a frota estaria circulando no munic\u00edpio sem seguro automotivo. O parlamentar disse que vai apresentar um requerimento solicitando esclarecimentos [&hellip;]<\/p>\n","protected":false},"author":2,"featured_media":28384,"comment_status":"open","ping_status":"open","sticky":false,"template":"","format":"standard","meta":{"_jetpack_memberships_contains_paid_content":false,"footnotes":""},"categories":[3],"tags":[],"class_list":["post-28383","post","type-post","status-publish","format-standard","has-post-thumbnail","hentry","category-regional"],"aioseo_notices":[],"jetpack_featured_media_url":"https:\/\/i0.wp.com\/minutobahia24h.com.br\/wp-content\/uploads\/2025\/04\/Sem-titulo-427.jpg?fit=750%2C497&ssl=1","jetpack_sharing_enabled":true,"_links":{"self":[{"href":"https:\/\/minutobahia24h.com.br\/index.php?rest_route=\/wp\/v2\/posts\/28383","targetHints":{"allow":["GET"]}}],"collection":[{"href":"https:\/\/minutobahia24h.com.br\/index.php?rest_route=\/wp\/v2\/posts"}],"about":[{"href":"https:\/\/minutobahia24h.com.br\/index.php?rest_route=\/wp\/v2\/types\/post"}],"author":[{"embeddable":true,"href":"https:\/\/minutobahia24h.com.br\/index.php?rest_route=\/wp\/v2\/users\/2"}],"replies":[{"embeddable":true,"href":"https:\/\/minutobahia24h.com.br\/index.php?rest_route=%2Fwp%2Fv2%2Fcomments&post=28383"}],"version-history":[{"count":1,"href":"https:\/\/minutobahia24h.com.br\/index.php?rest_route=\/wp\/v2\/posts\/28383\/revisions"}],"predecessor-version":[{"id":28385,"href":"https:\/\/minutobahia24h.com.br\/index.php?rest_route=\/wp\/v2\/posts\/28383\/revisions\/28385"}],"wp:featuredmedia":[{"embeddable":true,"href":"https:\/\/minutobahia24h.com.br\/index.php?rest_route=\/wp\/v2\/media\/28384"}],"wp:attachment":[{"href":"https:\/\/minutobahia24h.com.br\/index.php?rest_route=%2Fwp%2Fv2%2Fmedia&parent=28383"}],"wp:term":[{"taxonomy":"category","embeddable":true,"href":"https:\/\/minutobahia24h.com.br\/index.php?rest_route=%2Fwp%2Fv2%2Fcategories&post=28383"},{"taxonomy":"post_tag","embeddable":true,"href":"https:\/\/minutobahia24h.com.br\/index.php?rest_route=%2Fwp%2Fv2%2Ftags&post=28383"}],"curies":[{"name":"wp","href":"https:\/\/api.w.org\/{rel}","templated":true}]}}