{"id":28379,"date":"2025-04-30T07:06:46","date_gmt":"2025-04-30T10:06:46","guid":{"rendered":"https:\/\/minutobahia24h.com.br\/?p=28379"},"modified":"2025-04-30T07:06:47","modified_gmt":"2025-04-30T10:06:47","slug":"iniciado-em-petrolina-recadastramento-do-passe-livre-para-pessoas-com-deficiencia","status":"publish","type":"post","link":"https:\/\/minutobahia24h.com.br\/?p=28379","title":{"rendered":"Iniciado em Petrolina recadastramento do Passe Livre para pessoas com defici\u00eancia"},"content":{"rendered":"<div class=\"wp-block-image\">\n<figure class=\"aligncenter size-full\"><img data-recalc-dims=\"1\" fetchpriority=\"high\" decoding=\"async\" width=\"700\" height=\"523\" src=\"https:\/\/i0.wp.com\/minutobahia24h.com.br\/wp-content\/uploads\/2025\/04\/Sem-titulo-426.jpg?resize=700%2C523&#038;ssl=1\" alt=\"\" class=\"wp-image-28381\" srcset=\"https:\/\/i0.wp.com\/minutobahia24h.com.br\/wp-content\/uploads\/2025\/04\/Sem-titulo-426.jpg?w=700&amp;ssl=1 700w, https:\/\/i0.wp.com\/minutobahia24h.com.br\/wp-content\/uploads\/2025\/04\/Sem-titulo-426.jpg?resize=300%2C224&amp;ssl=1 300w\" sizes=\"(max-width: 700px) 100vw, 700px\" \/><figcaption class=\"wp-element-caption\">Foto: Ascom PMP\/divulga\u00e7\u00e3o<br><\/figcaption><\/figure>\n<\/div>\n\n\n<p>Em Petrolina, a Secretaria de Assist\u00eancia Social e Combate \u00e0 Fome deu in\u00edcio ao per\u00edodo de recadastramento dos benefici\u00e1rios com defici\u00eancia. A a\u00e7\u00e3o \u00e9 realizada no setor de Inclus\u00e3o e Cidadania, localizado no Centro de Refer\u00eancia Especializado de Assist\u00eancia Social (CREAS), na Rua Projetada, n\u00ba 111, Bairro Vila Moc\u00f3. O atendimento acontece de segunda a sexta-feira, das 7h \u00e0s 17h. O objetivo \u00e9 garantir que o benef\u00edcio continue chegando a quem realmente precisa, com responsabilidade social, atualiza\u00e7\u00e3o de dados e respeito \u00e0 legisla\u00e7\u00e3o vigente.<\/p>\n\n\n\n<p>A iniciativa vai seguir um cronograma at\u00e9 o dia 13 de junho, e \u00e9 feito por ordem alfab\u00e9tica para evitar filas e aglomera\u00e7\u00f5es. Quem tiver justificativa formal e n\u00e3o puder ir no dia agendado, os dias 16 e 17 de junho ser\u00e3o reservados para atendimentos excepcionais. A aus\u00eancia injustificada poder\u00e1 levar \u00e0 suspens\u00e3o tempor\u00e1ria do benef\u00edcio, conforme o Decreto n\u00ba 046\/2025.<\/p>\n\n\n\n<p><strong>Servi\u00e7os paralelos mantidos<\/strong><\/p>\n\n\n\n<p>Durante o recadastramento, os demais servi\u00e7os do setor seguir\u00e3o funcionando com datas espec\u00edficas: novos cadastros acontecer\u00e3o \u00e0s quartas-feiras; per\u00edcias m\u00e9dicas, \u00e0s segundas-feiras; e emiss\u00e3o de carteirinhas para pessoas com Transtorno do Espectro Autista (TEA) e fibromialgia ser\u00e1 realizada sob demanda, em qualquer dia \u00fatil. J\u00e1 os atendimentos m\u00e9dicos para m\u00e3es at\u00edpicas, pessoas com defici\u00eancia e pessoas com fibromialgia continuar\u00e3o normalmente, conforme a agenda da unidade. A proposta \u00e9 manter um atendimento humanizado, respeitando as singularidades de cada p\u00fablico.<\/p>\n\n\n\n<p><strong>Documenta\u00e7\u00e3o Necess\u00e1ria<\/strong><\/p>\n\n\n\n<p>\u00c9 obrigat\u00f3rio apresentar documentos originais e c\u00f3pias de RG e CPF do benefici\u00e1rio e dos familiares, comprovante de resid\u00eancia, laudo m\u00e9dico com validade de at\u00e9 um ano, foto 3\u00d74 recente, comprovante de renda, declara\u00e7\u00e3o de acompanhamento cont\u00ednuo, declara\u00e7\u00e3o escolar com acompanhamento de Atendimento Educacional Especializado(AEE), para benefici\u00e1rios com Transtorno do Espectro Autista(TEA); folha resumo atualizada do NIS (N\u00famero de Inscri\u00e7\u00e3o Social) atualizada e o cart\u00e3o do Passe Livre.<\/p>\n\n\n\n<p><strong>Cronograma<\/strong><\/p>\n\n\n\n<p>O cronograma de atendimento \u00e9 por ordem alfab\u00e9tica:<\/p>\n\n\n\n<p>Letra A \u2013 29 e 30 de abril;<\/p>\n\n\n\n<p>Letras&nbsp; B e C \u2013 2 e 5 de maio<\/p>\n\n\n\n<p>Letra D \u2013 6 de maio<\/p>\n\n\n\n<p>Letras D e E \u2013 7 de maio<\/p>\n\n\n\n<p>Letra E \u2013 8, 9 e 12 de maio<\/p>\n\n\n\n<p>Letra F \u2013 13 de maio<\/p>\n\n\n\n<p>Letra G \u2013 14 de maio<\/p>\n\n\n\n<p>Letras G e H \u2013 15 de maio<\/p>\n\n\n\n<p>Letra I \u2013 16 de maio<\/p>\n\n\n\n<p>Letras I e J \u2013 19 de maio<\/p>\n\n\n\n<p>Letra J \u2013 20, 21 e 22 de maio<\/p>\n\n\n\n<p>Letras J e K \u2013 23 de maio<\/p>\n\n\n\n<p>Letras K e L \u2013 26 de maio<\/p>\n\n\n\n<p>Letra&nbsp; L \u2013 27 de maio<\/p>\n\n\n\n<p>Letras L e M \u2013 28 de maio<\/p>\n\n\n\n<p>Letra M \u2013 29 e 30 de maio; 2 e 3 de junho<\/p>\n\n\n\n<p>Letras M, N e O \u2013 4 de junho<\/p>\n\n\n\n<p>Letras O e P \u2013 5 de junho<\/p>\n\n\n\n<p>Letras Q e R \u2013 6 de junho<\/p>\n\n\n\n<p>Letra R \u2013 9 de junho<\/p>\n\n\n\n<p>Letras R e S \u2013 10 de junho<\/p>\n\n\n\n<p>Letras S e T \u2013 11 de junho<\/p>\n\n\n\n<p>Letras&nbsp; U, V e W \u2013 12 de junho<\/p>\n\n\n\n<p>Letras W, Y e Z \u2013 13 de junho<\/p>\n\n\n\n<p>carlosbritto<\/p>\n","protected":false},"excerpt":{"rendered":"<p>Em Petrolina, a Secretaria de Assist\u00eancia Social e Combate \u00e0 Fome deu in\u00edcio ao per\u00edodo de recadastramento dos benefici\u00e1rios com defici\u00eancia. A a\u00e7\u00e3o \u00e9 realizada no setor de Inclus\u00e3o e Cidadania, localizado no Centro de Refer\u00eancia Especializado de Assist\u00eancia Social (CREAS), na Rua Projetada, n\u00ba 111, Bairro Vila Moc\u00f3. O atendimento acontece de segunda a [&hellip;]<\/p>\n","protected":false},"author":2,"featured_media":28381,"comment_status":"open","ping_status":"open","sticky":false,"template":"","format":"standard","meta":{"_jetpack_memberships_contains_paid_content":false,"footnotes":""},"categories":[3],"tags":[],"class_list":["post-28379","post","type-post","status-publish","format-standard","has-post-thumbnail","hentry","category-regional"],"aioseo_notices":[],"jetpack_featured_media_url":"https:\/\/i0.wp.com\/minutobahia24h.com.br\/wp-content\/uploads\/2025\/04\/Sem-titulo-426.jpg?fit=700%2C523&ssl=1","jetpack_sharing_enabled":true,"_links":{"self":[{"href":"https:\/\/minutobahia24h.com.br\/index.php?rest_route=\/wp\/v2\/posts\/28379","targetHints":{"allow":["GET"]}}],"collection":[{"href":"https:\/\/minutobahia24h.com.br\/index.php?rest_route=\/wp\/v2\/posts"}],"about":[{"href":"https:\/\/minutobahia24h.com.br\/index.php?rest_route=\/wp\/v2\/types\/post"}],"author":[{"embeddable":true,"href":"https:\/\/minutobahia24h.com.br\/index.php?rest_route=\/wp\/v2\/users\/2"}],"replies":[{"embeddable":true,"href":"https:\/\/minutobahia24h.com.br\/index.php?rest_route=%2Fwp%2Fv2%2Fcomments&post=28379"}],"version-history":[{"count":1,"href":"https:\/\/minutobahia24h.com.br\/index.php?rest_route=\/wp\/v2\/posts\/28379\/revisions"}],"predecessor-version":[{"id":28382,"href":"https:\/\/minutobahia24h.com.br\/index.php?rest_route=\/wp\/v2\/posts\/28379\/revisions\/28382"}],"wp:featuredmedia":[{"embeddable":true,"href":"https:\/\/minutobahia24h.com.br\/index.php?rest_route=\/wp\/v2\/media\/28381"}],"wp:attachment":[{"href":"https:\/\/minutobahia24h.com.br\/index.php?rest_route=%2Fwp%2Fv2%2Fmedia&parent=28379"}],"wp:term":[{"taxonomy":"category","embeddable":true,"href":"https:\/\/minutobahia24h.com.br\/index.php?rest_route=%2Fwp%2Fv2%2Fcategories&post=28379"},{"taxonomy":"post_tag","embeddable":true,"href":"https:\/\/minutobahia24h.com.br\/index.php?rest_route=%2Fwp%2Fv2%2Ftags&post=28379"}],"curies":[{"name":"wp","href":"https:\/\/api.w.org\/{rel}","templated":true}]}}