{"id":28319,"date":"2025-04-29T07:46:36","date_gmt":"2025-04-29T10:46:36","guid":{"rendered":"https:\/\/minutobahia24h.com.br\/?p=28319"},"modified":"2025-04-29T07:46:38","modified_gmt":"2025-04-29T10:46:38","slug":"malafaia-fala-sobre-ato-pela-anistia-dos-condenados-do-8-de-janeiro-nenhuma-lata-de-lixo-sera-virada","status":"publish","type":"post","link":"https:\/\/minutobahia24h.com.br\/?p=28319","title":{"rendered":"Malafaia fala sobre ato pela anistia dos condenados do 8 de janeiro: &#8220;Nenhuma lata de lixo ser\u00e1 virada\u201d"},"content":{"rendered":"<div class=\"wp-block-image\">\n<figure class=\"aligncenter size-large\"><img data-recalc-dims=\"1\" fetchpriority=\"high\" decoding=\"async\" width=\"800\" height=\"420\" src=\"https:\/\/i0.wp.com\/minutobahia24h.com.br\/wp-content\/uploads\/2025\/04\/Sem-titulo-409-1024x538.jpg?resize=800%2C420&#038;ssl=1\" alt=\"\" class=\"wp-image-28320\" srcset=\"https:\/\/i0.wp.com\/minutobahia24h.com.br\/wp-content\/uploads\/2025\/04\/Sem-titulo-409.jpg?resize=1024%2C538&amp;ssl=1 1024w, https:\/\/i0.wp.com\/minutobahia24h.com.br\/wp-content\/uploads\/2025\/04\/Sem-titulo-409.jpg?resize=300%2C158&amp;ssl=1 300w, https:\/\/i0.wp.com\/minutobahia24h.com.br\/wp-content\/uploads\/2025\/04\/Sem-titulo-409.jpg?resize=768%2C403&amp;ssl=1 768w, https:\/\/i0.wp.com\/minutobahia24h.com.br\/wp-content\/uploads\/2025\/04\/Sem-titulo-409.jpg?resize=750%2C394&amp;ssl=1 750w, https:\/\/i0.wp.com\/minutobahia24h.com.br\/wp-content\/uploads\/2025\/04\/Sem-titulo-409.jpg?resize=1140%2C599&amp;ssl=1 1140w, https:\/\/i0.wp.com\/minutobahia24h.com.br\/wp-content\/uploads\/2025\/04\/Sem-titulo-409.jpg?w=1200&amp;ssl=1 1200w\" sizes=\"(max-width: 800px) 100vw, 800px\" \/><figcaption class=\"wp-element-caption\">Foto: Fernando Fraz\u00e3o\/Ag\u00eancia Brasil<br><\/figcaption><\/figure>\n<\/div>\n\n\n<p>O pastor Silas Malafaia, que vai coordenar o ato pela anistia dos envolvidos no\u00a0<strong><a href=\"https:\/\/www.bahianoticias.com.br\/justica\/noticia\/71939-stf-ja-condenou-523-pessoas-pelos-atos-de-8-de-janeiro-penas-chegam-a-17-anos\" target=\"_blank\" rel=\"noreferrer noopener\">8 de janeiro<\/a><\/strong>, declarou que a manifesta\u00e7\u00e3o, em Bras\u00edlia, n\u00e3o ter\u00e1 &#8220;nenhuma lata de lixo virada&#8221;. O evento vai ocorrer em Bras\u00edlia, na quarta-feira (7) da pr\u00f3xima semana, \u00e0s 16 horas, e ser\u00e1 transmitido nas redes sociais do pastor e contar\u00e1 com a presen\u00e7a de Michelle Bolsonaro e algumas figuras do meio evang\u00e9lico.<\/p>\n\n\n\n<p>Em evento, os manifestantes trar\u00e3o em destaque o voto de&nbsp;<strong><a href=\"https:\/\/www.bahianoticias.com.br\/justica\/noticia\/71973-fux-diverge-de-moraes-e-vota-para-condenar-debora-a-pena-de-1-ano-e-6-meses\" target=\"_blank\" rel=\"noreferrer noopener\">Fux, que tentou divergir de Alexandre de Moraes em rela\u00e7\u00e3o \u00e0 condena\u00e7\u00e3o de Debora Rodrigues<\/a><\/strong>, julgada por pichar com batom a frase &#8220;perdeu, man\u00e9&#8221; na est\u00e1tua A Justi\u00e7a. Moraes votou para condenar a mulher a 14 anos de pris\u00e3o e Fux defendeu uma pena de apenas 1 ano e 6 meses.<\/p>\n\n\n\n<p>BN<\/p>\n","protected":false},"excerpt":{"rendered":"<p>O pastor Silas Malafaia, que vai coordenar o ato pela anistia dos envolvidos no\u00a08 de janeiro, declarou que a manifesta\u00e7\u00e3o, em Bras\u00edlia, n\u00e3o ter\u00e1 &#8220;nenhuma lata de lixo virada&#8221;. O evento vai ocorrer em Bras\u00edlia, na quarta-feira (7) da pr\u00f3xima semana, \u00e0s 16 horas, e ser\u00e1 transmitido nas redes sociais do pastor e contar\u00e1 com [&hellip;]<\/p>\n","protected":false},"author":2,"featured_media":28320,"comment_status":"open","ping_status":"open","sticky":false,"template":"","format":"standard","meta":{"_jetpack_memberships_contains_paid_content":false,"footnotes":""},"categories":[39],"tags":[],"class_list":["post-28319","post","type-post","status-publish","format-standard","has-post-thumbnail","hentry","category-politica"],"aioseo_notices":[],"jetpack_featured_media_url":"https:\/\/i0.wp.com\/minutobahia24h.com.br\/wp-content\/uploads\/2025\/04\/Sem-titulo-409.jpg?fit=1200%2C630&ssl=1","jetpack_sharing_enabled":true,"_links":{"self":[{"href":"https:\/\/minutobahia24h.com.br\/index.php?rest_route=\/wp\/v2\/posts\/28319","targetHints":{"allow":["GET"]}}],"collection":[{"href":"https:\/\/minutobahia24h.com.br\/index.php?rest_route=\/wp\/v2\/posts"}],"about":[{"href":"https:\/\/minutobahia24h.com.br\/index.php?rest_route=\/wp\/v2\/types\/post"}],"author":[{"embeddable":true,"href":"https:\/\/minutobahia24h.com.br\/index.php?rest_route=\/wp\/v2\/users\/2"}],"replies":[{"embeddable":true,"href":"https:\/\/minutobahia24h.com.br\/index.php?rest_route=%2Fwp%2Fv2%2Fcomments&post=28319"}],"version-history":[{"count":1,"href":"https:\/\/minutobahia24h.com.br\/index.php?rest_route=\/wp\/v2\/posts\/28319\/revisions"}],"predecessor-version":[{"id":28321,"href":"https:\/\/minutobahia24h.com.br\/index.php?rest_route=\/wp\/v2\/posts\/28319\/revisions\/28321"}],"wp:featuredmedia":[{"embeddable":true,"href":"https:\/\/minutobahia24h.com.br\/index.php?rest_route=\/wp\/v2\/media\/28320"}],"wp:attachment":[{"href":"https:\/\/minutobahia24h.com.br\/index.php?rest_route=%2Fwp%2Fv2%2Fmedia&parent=28319"}],"wp:term":[{"taxonomy":"category","embeddable":true,"href":"https:\/\/minutobahia24h.com.br\/index.php?rest_route=%2Fwp%2Fv2%2Fcategories&post=28319"},{"taxonomy":"post_tag","embeddable":true,"href":"https:\/\/minutobahia24h.com.br\/index.php?rest_route=%2Fwp%2Fv2%2Ftags&post=28319"}],"curies":[{"name":"wp","href":"https:\/\/api.w.org\/{rel}","templated":true}]}}