{"id":2831,"date":"2023-10-24T12:01:21","date_gmt":"2023-10-24T15:01:21","guid":{"rendered":"https:\/\/minutobahia24h.com.br\/?p=2831"},"modified":"2023-10-24T12:01:22","modified_gmt":"2023-10-24T15:01:22","slug":"escultura-de-cabeca-de-cobra-de-500-anos-surge-apos-terremoto-no-mexico","status":"publish","type":"post","link":"https:\/\/minutobahia24h.com.br\/?p=2831","title":{"rendered":"Escultura de cabe\u00e7a de cobra de 500 anos surge ap\u00f3s terremoto no M\u00e9xico"},"content":{"rendered":"<div class=\"wp-block-image\">\n<figure class=\"aligncenter size-full\"><img data-recalc-dims=\"1\" fetchpriority=\"high\" decoding=\"async\" width=\"800\" height=\"533\" src=\"https:\/\/i0.wp.com\/minutobahia24h.com.br\/wp-content\/uploads\/2023\/10\/Sem-titulo-151.jpg?resize=800%2C533&#038;ssl=1\" alt=\"\" class=\"wp-image-2833\" srcset=\"https:\/\/i0.wp.com\/minutobahia24h.com.br\/wp-content\/uploads\/2023\/10\/Sem-titulo-151.jpg?w=888&amp;ssl=1 888w, https:\/\/i0.wp.com\/minutobahia24h.com.br\/wp-content\/uploads\/2023\/10\/Sem-titulo-151.jpg?resize=300%2C200&amp;ssl=1 300w, https:\/\/i0.wp.com\/minutobahia24h.com.br\/wp-content\/uploads\/2023\/10\/Sem-titulo-151.jpg?resize=768%2C512&amp;ssl=1 768w, https:\/\/i0.wp.com\/minutobahia24h.com.br\/wp-content\/uploads\/2023\/10\/Sem-titulo-151.jpg?resize=750%2C500&amp;ssl=1 750w\" sizes=\"(max-width: 800px) 100vw, 800px\" \/><figcaption class=\"wp-element-caption\">Especialistas do INAH recuperam monumental cabe\u00e7a de serpente de 500 anos no M\u00e9xico \u2014 Foto: LANCIC\/UNAM<br><\/figcaption><\/figure>\n<\/div>\n\n\n<p>Ap\u00f3s um<a class=\"\" href=\"https:\/\/revistagalileu.globo.com\/ciencia\/espaco\/noticia\/2023\/09\/satelite-espacial-revela-mudancas-no-solo-apos-terremoto-no-marrocos.ghtml\">\u00a0terremoto<\/a>\u00a0em 2022, uma gigantesca cabe\u00e7a de\u00a0<a class=\"\" href=\"https:\/\/revistagalileu.globo.com\/ciencia\/biologia\/noticia\/2023\/09\/homem-leva-cobra-piton-para-surfar-viraliza-e-e-multado-na-australia-veja.ghtml\">cobra\u00a0<\/a>de pedra de 500 anos atr\u00e1s surgiu do solo de uma faculdade de direito no centro hist\u00f3rico da Cidade do M\u00e9xico. Arque\u00f3logos do Instituto Nacional de Antropologia e Hist\u00f3ria (INAH) recuperaram a escultura.<\/p>\n\n\n\n<p>O<a class=\"\" href=\"https:\/\/revistagalileu.globo.com\/ciencia\/meio-ambiente\/noticia\/2023\/10\/reservatorio-de-agua-e-descoberto-sob-pacifico-e-pode-explicar-tremores.ghtml\">\u00a0tremor\u00a0<\/a>de magnitude 7,7 atingiu os estados mexicanos de Michoac\u00e1n e Colima em 19 de setembro do ano passado. Segundo o\u00a0<a class=\"\" href=\"https:\/\/www.iflscience.com\/giant-500-year-old-aztec-stone-snake-head-emerges-after-mexico-earthquake-71255\" target=\"_blank\" rel=\"noreferrer noopener\"><em>IFLSCience,<\/em><\/a>\u00a0os estrondos foram sentidos a 400 km do epicentro na capital do M\u00e9xico, causando danos a dezenas de edif\u00edcios.<\/p>\n\n\n\n<p>Naquele mesmo dia, uma equipe da Secretaria de Cultura do Governo do M\u00e9xico, atrav\u00e9s do INAH e do apoio de especialistas da Universidade Nacional Aut\u00f4noma do M\u00e9xico (UNAM), entre outros, descobriram a cabe\u00e7a de cobra de&nbsp;<a class=\"\" href=\"https:\/\/revistagalileu.globo.com\/ciencia\/arqueologia\/noticia\/2023\/10\/estatua-de-11-mil-anos-na-turquia-retrata-homem-gigante-segurando-o-penis.ghtml\">pedra.<\/a><\/p>\n\n\n\n<p>Salvador Pulido M\u00e9ndez e Patricia Ledesma Bouchan, da Dire\u00e7\u00e3o de Salvamento Arqueol\u00f3gico (DSA) e do Museu do Templo Maior (MTM) do INAH, informaram que a descoberta foi feita sob a asa leste do edif\u00edcio da antiga Escola de Jurisprud\u00eancia da UNAM, no Centro Hist\u00f3rico da Cidade do M\u00e9xico.<\/p>\n\n\n\n<p>A escava\u00e7\u00e3o para resgatar a escultura ocorreu a 4,5 metros de profundidade. A cabe\u00e7a gigante mede 1,8 metros de comprimento, 1 metro de altura e 85 cent\u00edmetros de largura, com um peso estimado em 1,2 toneladas.<\/p>\n\n\n\n<p>Estima-se que a cobra seja do final do<a class=\"\" href=\"https:\/\/revistagalileu.globo.com\/Ciencia\/Biologia\/noticia\/2022\/03\/maior-deposito-de-estrelas-do-mar-do-imperio-asteca-e-achado-no-mexico.html\">&nbsp;Imp\u00e9rio Asteca.&nbsp;<\/a>Apesar de ter se passado h\u00e1 meio mil\u00eanio desde sua cria\u00e7\u00e3o, a escultura permanece em condi\u00e7\u00f5es not\u00e1veis \u200b\u200be ainda est\u00e1 80% coberta por um arco-\u00edris de pigmentos coloridos, incluindo ocre, vermelho, azul, preto e branco.<\/p>\n\n\n\n<p>De acordo com o INAH, o monumento est\u00e1 fora de seu contexto original: antes ele estava associado a uma s\u00e9rie de elementos arquitet\u00f4nicos. A\u00a0<a class=\"\" href=\"https:\/\/revistagalileu.globo.com\/Ciencia\/Arqueologia\/noticia\/2019\/03\/preservacao-de-pegadas-de-dinossauros-vira-lei-em-araraquara.html\">preserva\u00e7\u00e3o<\/a>\u00a0de suas cores e da argamassa ocorreu devido a misturas de lama e \u00e1gua que cobriram a escultura por mais de meio mil\u00eanio.<\/p>\n\n\n\n<p>Uma equipe de especialistas foi montada para cuidar da escultura, levantada do subsolo com o aux\u00edlio de um guindaste. O grupo \u00e9 coordenado pela restauradora Mar\u00eda Barajas Rocha, que come\u00e7ou a trabalhar no momento em que a escultura foi erguida.<\/p>\n\n\n\n<p>Para Rocha, aten\u00e7\u00e3o \u00e9 crucial para a preserva\u00e7\u00e3o da policromia da cabe\u00e7a de cobra.&nbsp;<a class=\"\" href=\"https:\/\/www.inah.gob.mx\/boletines\/expertos-del-inah-recuperan-la-policromia-de-una-monumental-cabeza-de-serpiente-mexica\" target=\"_blank\" rel=\"noreferrer noopener\">Em comunicado<\/a>, ela explica que &#8220;esses pigmentos, que representam um exemplo not\u00f3rio da paleta de cores que os astecas usavam para decorar suas imagens de culto e seus templos, s\u00e3o extremamente fr\u00e1geis devido aos materiais minerais e vegetais dos quais eram obtidos&#8221;.<\/p>\n\n\n\n<p>A restauradora acrescenta ainda que<a class=\"\" href=\"https:\/\/revistagalileu.globo.com\/Ciencia\/Arqueologia\/noticia\/2022\/06\/escultura-falica-descoberta-na-inglaterra-teria-funcao-de-talisma.html\">\u00a0escultura<\/a>\u00a0est\u00e1 &#8220;em um espa\u00e7o selado, forrado com filmes pl\u00e1sticos e equipado com umidificadores e dataloggers (registradores de dados) para ler e controlar, a todo momento, a umidade relativa dessa representa\u00e7\u00e3o ancestral da serpente&#8221;.<\/p>\n\n\n\n<p>&#8220;Nosso objetivo \u00e9 fazer com que a cabe\u00e7a de serpente perca a umidade que acumulou durante s\u00e9culos de maneira lenta e cuidadosa, para que ela saia dos poros internos da<a class=\"\" href=\"https:\/\/revistagalileu.globo.com\/ciencia\/arqueologia\/noticia\/2023\/10\/runas-dedicadas-a-poderosa-rainha-viking-sao-descobertas-em-rochas-na-dinamarca.ghtml\">\u00a0rocha<\/a>\u00a0at\u00e9 sua superf\u00edcie, pois se o processo for acelerado, pode haver perda de cor e at\u00e9 mesmo fissuras ou cristaliza\u00e7\u00f5es de sais na pedra&#8221;, diz Rocha.<\/p>\n\n\n\n<p>Os trabalhos de conserva\u00e7\u00e3o da cor da cabe\u00e7a de cobra come\u00e7aram em 19 de setembro deste ano e estima-se que terminem at\u00e9 o in\u00edcio de 2024.<\/p>\n\n\n\n<p>Enquanto isso, pesquisadores do Laborat\u00f3rio Nacional de Ci\u00eancias para a pesquisa e Conserva\u00e7\u00e3o do Patrim\u00f4nio Cultural da UNAM analisam materiais da escultura, e a arque\u00f3loga Moramay Estrada V\u00e1zquez, que coordenou o projeto de resgate na antiga Escola de Jurisprud\u00eancia, continua estudos sobre a temporalidade, a iconografia e o simbolismo do objeto.<a href=\"https:\/\/revistagalileu.globo.com\/ciencia\/arqueologia\/noticia\/2023\/10\/escultura-de-cabeca-de-cobra-de-500-anos-surge-apos-terremoto-no-mexico.ghtml#\"><\/a><a href=\"https:\/\/revistagalileu.globo.com\/ciencia\/arqueologia\/noticia\/2023\/10\/naufragio-do-seculo-19-e-desenterrado-perto-de-campo-de-mini-golfe-nos-eua.ghtml\"><\/a><\/p>\n","protected":false},"excerpt":{"rendered":"<p>Ap\u00f3s um\u00a0terremoto\u00a0em 2022, uma gigantesca cabe\u00e7a de\u00a0cobra\u00a0de pedra de 500 anos atr\u00e1s surgiu do solo de uma faculdade de direito no centro hist\u00f3rico da Cidade do M\u00e9xico. Arque\u00f3logos do Instituto Nacional de Antropologia e Hist\u00f3ria (INAH) recuperaram a escultura. O\u00a0tremor\u00a0de magnitude 7,7 atingiu os estados mexicanos de Michoac\u00e1n e Colima em 19 de setembro do [&hellip;]<\/p>\n","protected":false},"author":2,"featured_media":2833,"comment_status":"open","ping_status":"open","sticky":false,"template":"","format":"standard","meta":{"_jetpack_memberships_contains_paid_content":false,"footnotes":""},"categories":[15],"tags":[],"class_list":["post-2831","post","type-post","status-publish","format-standard","has-post-thumbnail","hentry","category-mundo"],"aioseo_notices":[],"jetpack_featured_media_url":"https:\/\/i0.wp.com\/minutobahia24h.com.br\/wp-content\/uploads\/2023\/10\/Sem-titulo-151.jpg?fit=888%2C592&ssl=1","jetpack_sharing_enabled":true,"_links":{"self":[{"href":"https:\/\/minutobahia24h.com.br\/index.php?rest_route=\/wp\/v2\/posts\/2831","targetHints":{"allow":["GET"]}}],"collection":[{"href":"https:\/\/minutobahia24h.com.br\/index.php?rest_route=\/wp\/v2\/posts"}],"about":[{"href":"https:\/\/minutobahia24h.com.br\/index.php?rest_route=\/wp\/v2\/types\/post"}],"author":[{"embeddable":true,"href":"https:\/\/minutobahia24h.com.br\/index.php?rest_route=\/wp\/v2\/users\/2"}],"replies":[{"embeddable":true,"href":"https:\/\/minutobahia24h.com.br\/index.php?rest_route=%2Fwp%2Fv2%2Fcomments&post=2831"}],"version-history":[{"count":1,"href":"https:\/\/minutobahia24h.com.br\/index.php?rest_route=\/wp\/v2\/posts\/2831\/revisions"}],"predecessor-version":[{"id":2834,"href":"https:\/\/minutobahia24h.com.br\/index.php?rest_route=\/wp\/v2\/posts\/2831\/revisions\/2834"}],"wp:featuredmedia":[{"embeddable":true,"href":"https:\/\/minutobahia24h.com.br\/index.php?rest_route=\/wp\/v2\/media\/2833"}],"wp:attachment":[{"href":"https:\/\/minutobahia24h.com.br\/index.php?rest_route=%2Fwp%2Fv2%2Fmedia&parent=2831"}],"wp:term":[{"taxonomy":"category","embeddable":true,"href":"https:\/\/minutobahia24h.com.br\/index.php?rest_route=%2Fwp%2Fv2%2Fcategories&post=2831"},{"taxonomy":"post_tag","embeddable":true,"href":"https:\/\/minutobahia24h.com.br\/index.php?rest_route=%2Fwp%2Fv2%2Ftags&post=2831"}],"curies":[{"name":"wp","href":"https:\/\/api.w.org\/{rel}","templated":true}]}}