{"id":28273,"date":"2025-04-28T13:35:13","date_gmt":"2025-04-28T16:35:13","guid":{"rendered":"https:\/\/minutobahia24h.com.br\/?p=28273"},"modified":"2025-04-28T13:35:39","modified_gmt":"2025-04-28T16:35:39","slug":"encontro-regional-reune-liderancas-de-11-municipios-em-senhor-do-bonfim-e-fortalece-atuacao-de-bobo-e-daniel-almeida-na-regiao","status":"publish","type":"post","link":"https:\/\/minutobahia24h.com.br\/?p=28273","title":{"rendered":"Encontro Regional re\u00fane lideran\u00e7as de 11 munic\u00edpios em Senhor do Bonfim e fortalece atua\u00e7\u00e3o de Bob\u00f4 e Daniel Almeida na regi\u00e3o"},"content":{"rendered":"<div class=\"wp-block-image\">\n<figure class=\"aligncenter size-large\"><img data-recalc-dims=\"1\" fetchpriority=\"high\" decoding=\"async\" width=\"800\" height=\"600\" src=\"https:\/\/i0.wp.com\/minutobahia24h.com.br\/wp-content\/uploads\/2025\/04\/img-20250427-wa09053952013170506390133-1024x768.jpg?resize=800%2C600&#038;ssl=1\" alt=\"\" class=\"wp-image-28272\" srcset=\"https:\/\/i0.wp.com\/minutobahia24h.com.br\/wp-content\/uploads\/2025\/04\/img-20250427-wa09053952013170506390133.jpg?resize=1024%2C768&amp;ssl=1 1024w, https:\/\/i0.wp.com\/minutobahia24h.com.br\/wp-content\/uploads\/2025\/04\/img-20250427-wa09053952013170506390133.jpg?resize=300%2C225&amp;ssl=1 300w, https:\/\/i0.wp.com\/minutobahia24h.com.br\/wp-content\/uploads\/2025\/04\/img-20250427-wa09053952013170506390133.jpg?resize=768%2C576&amp;ssl=1 768w, https:\/\/i0.wp.com\/minutobahia24h.com.br\/wp-content\/uploads\/2025\/04\/img-20250427-wa09053952013170506390133.jpg?resize=750%2C563&amp;ssl=1 750w, https:\/\/i0.wp.com\/minutobahia24h.com.br\/wp-content\/uploads\/2025\/04\/img-20250427-wa09053952013170506390133.jpg?resize=1140%2C855&amp;ssl=1 1140w, https:\/\/i0.wp.com\/minutobahia24h.com.br\/wp-content\/uploads\/2025\/04\/img-20250427-wa09053952013170506390133.jpg?w=1280&amp;ssl=1 1280w\" sizes=\"(max-width: 800px) 100vw, 800px\" \/><\/figure>\n<\/div>\n\n\n<p><br>Neste domingo (27), o audit\u00f3rio da Universidade Federal do Vale do S\u00e3o Francisco (UNIVASF), em Senhor do Bonfim, foi palco de um importante Encontro Regional promovido pelos deputados estadual Bob\u00f4 e federal Daniel Almeida. O evento reuniu representantes de 11 munic\u00edpios e destacou a for\u00e7a e o reconhecimento do trabalho desenvolvido pelos parlamentares no territ\u00f3rio.<br><br>Apresenta\u00e7\u00f5es musicais com o Trio Alvorada e a Filarm\u00f4nica Uni\u00e3o dos Ferrovi\u00e1rios Bonfinenses recepcionaram o p\u00fablico, que lotou o espa\u00e7o. O encontro serviu como um espa\u00e7o de di\u00e1logo entre lideran\u00e7as pol\u00edticas, movimentos sociais e a popula\u00e7\u00e3o, com foco nos desafios e nos rumos da pol\u00edtica local, estadual e nacional.<br><br>Em seu discurso, o prefeito de Jaguarari, Ant\u00f4nio Nascimento, destacou a import\u00e2ncia dos partidos comprometidos com as causas populares. \u201cOs partidos da direita possuem um projeto de poder que n\u00e3o visa o povo ou a coletividade. N\u00f3s, dos partidos populares, buscamos abra\u00e7ar e oferecer uma vida melhor \u00e0s pessoas. \u00c9 dessa forma que Bob\u00f4 vem atuando. Por meio de seu trabalho, tem transformado a vida de muitas pessoas em toda a Bahia, especialmente em nossa regi\u00e3o\u201d, afirmou.<br><br>\u201c\u00c9 uma grande honra estar ao lado de dois amigos, os deputados Bob\u00f4 e Daniel Almeida. Participar deste encontro territorial, reunindo importantes lideran\u00e7as pol\u00edticas, \u00e9 um prazer. Quero destacar que Cansan\u00e7\u00e3o \u00e9 muito grata pela dedica\u00e7\u00e3o que Daniel Almeida e Bob\u00f4 t\u00eam demonstrado por nossa cidade. Foram mais de quatro milh\u00f5es de reais em emendas parlamentares, investidos em sa\u00fade, infraestrutura, agricultura familiar e esporte. Esses recursos t\u00eam impulsionado o desenvolvimento do nosso munic\u00edpio, tornando-o mais justo e igualit\u00e1rio\u201d, agradeceu o vereador de Cansan\u00e7\u00e3o, Alex.<br><br>O deputado federal Daniel Almeida chamou aten\u00e7\u00e3o para o cen\u00e1rio nacional e para a import\u00e2ncia da participa\u00e7\u00e3o popular na reconstru\u00e7\u00e3o do pa\u00eds. \u201cImagina se o resultado das elei\u00e7\u00f5es de 2022 tivesse sido outro? Se o povo n\u00e3o tivesse resgatado a nossa democracia? Estamos tentando reverter o desmonte dos \u00faltimos seis anos. Falta pouco tempo para as elei\u00e7\u00f5es, e os brasileiros precisam discutir os rumos do Brasil, com projetos reais que impactem a vida da popula\u00e7\u00e3o\u201d, declarou.<br><br>Encerrando o encontro, o deputado estadual Bob\u00f4 fez um balan\u00e7o do evento e dos investimentos conquistados para a regi\u00e3o. \u201cFiquei muito satisfeito com o resultado deste encontro regional. A participa\u00e7\u00e3o de representantes de 11 munic\u00edpios demonstra que o nosso trabalho, em parceria com o governador Jer\u00f4nimo, est\u00e1 sendo visto e reconhecido. Mais do que isso, confirma que os investimentos em sa\u00fade, educa\u00e7\u00e3o, infraestrutura, esporte e na agricultura familiar est\u00e3o chegando a esses munic\u00edpios e transformando a vida das pessoas. Seguiremos lutando para levar muito mais desenvolvimento aos quatro cantos da Bahia\u201d, destacou o parlamentar.<br><br>O evento tamb\u00e9m marcou o lan\u00e7amento do livro Daniel Almeida: A trajet\u00f3ria de um brasileiro socialista, que narra a vida pol\u00edtica do deputado federal desde os tempos de milit\u00e2ncia estudantil at\u00e9 sua atua\u00e7\u00e3o no Congresso Nacional.<br><br>Entre as lideran\u00e7as presentes, destacam-se: o prefeito de Jaguarari, Ant\u00f4nio Nascimento, e seu vice, Dr. Veloso; o vice-prefeito de Andorinha, Vagner Lav\u00f4r; a ex-prefeita de Iti\u00faba, Cec\u00edlia Petrina; o diretor do NTE, Helder Amorim; o ex-presidente da ACIASB, Nelson Pinheiro; al\u00e9m dos vereadores Sarah do Nilt\u00e3o, R\u00ea do Sindicato e Jeorge Catatau (Senhor do Bonfim); Alex (Cansan\u00e7\u00e3o); Joilton Bara\u00fana (Iti\u00faba); Marcos Quito (Jaguarari); Rodrigo Carvalho (Ant\u00f4nio Gon\u00e7alves); o presidente do PCdoB de Ponto Novo, Artur Paiva; ex-vereadores da regi\u00e3o, entre outros.<\/p>\n","protected":false},"excerpt":{"rendered":"<p>Neste domingo (27), o audit\u00f3rio da Universidade Federal do Vale do S\u00e3o Francisco (UNIVASF), em Senhor do Bonfim, foi palco de um importante Encontro Regional promovido pelos deputados estadual Bob\u00f4 e federal Daniel Almeida. O evento reuniu representantes de 11 munic\u00edpios e destacou a for\u00e7a e o reconhecimento do trabalho desenvolvido pelos parlamentares no territ\u00f3rio. [&hellip;]<\/p>\n","protected":false},"author":2,"featured_media":28272,"comment_status":"open","ping_status":"open","sticky":false,"template":"","format":"standard","meta":{"_jetpack_memberships_contains_paid_content":false,"footnotes":""},"categories":[3],"tags":[5],"class_list":["post-28273","post","type-post","status-publish","format-standard","has-post-thumbnail","hentry","category-regional","tag-bonfim"],"aioseo_notices":[],"jetpack_featured_media_url":"https:\/\/i0.wp.com\/minutobahia24h.com.br\/wp-content\/uploads\/2025\/04\/img-20250427-wa09053952013170506390133.jpg?fit=1280%2C960&ssl=1","jetpack_sharing_enabled":true,"_links":{"self":[{"href":"https:\/\/minutobahia24h.com.br\/index.php?rest_route=\/wp\/v2\/posts\/28273","targetHints":{"allow":["GET"]}}],"collection":[{"href":"https:\/\/minutobahia24h.com.br\/index.php?rest_route=\/wp\/v2\/posts"}],"about":[{"href":"https:\/\/minutobahia24h.com.br\/index.php?rest_route=\/wp\/v2\/types\/post"}],"author":[{"embeddable":true,"href":"https:\/\/minutobahia24h.com.br\/index.php?rest_route=\/wp\/v2\/users\/2"}],"replies":[{"embeddable":true,"href":"https:\/\/minutobahia24h.com.br\/index.php?rest_route=%2Fwp%2Fv2%2Fcomments&post=28273"}],"version-history":[{"count":1,"href":"https:\/\/minutobahia24h.com.br\/index.php?rest_route=\/wp\/v2\/posts\/28273\/revisions"}],"predecessor-version":[{"id":28274,"href":"https:\/\/minutobahia24h.com.br\/index.php?rest_route=\/wp\/v2\/posts\/28273\/revisions\/28274"}],"wp:featuredmedia":[{"embeddable":true,"href":"https:\/\/minutobahia24h.com.br\/index.php?rest_route=\/wp\/v2\/media\/28272"}],"wp:attachment":[{"href":"https:\/\/minutobahia24h.com.br\/index.php?rest_route=%2Fwp%2Fv2%2Fmedia&parent=28273"}],"wp:term":[{"taxonomy":"category","embeddable":true,"href":"https:\/\/minutobahia24h.com.br\/index.php?rest_route=%2Fwp%2Fv2%2Fcategories&post=28273"},{"taxonomy":"post_tag","embeddable":true,"href":"https:\/\/minutobahia24h.com.br\/index.php?rest_route=%2Fwp%2Fv2%2Ftags&post=28273"}],"curies":[{"name":"wp","href":"https:\/\/api.w.org\/{rel}","templated":true}]}}