{"id":28265,"date":"2025-04-28T11:51:16","date_gmt":"2025-04-28T14:51:16","guid":{"rendered":"https:\/\/minutobahia24h.com.br\/?p=28265"},"modified":"2025-04-28T11:51:18","modified_gmt":"2025-04-28T14:51:18","slug":"audiencia-publica-definira-metas-da-justica-eleitoral-para-2026","status":"publish","type":"post","link":"https:\/\/minutobahia24h.com.br\/?p=28265","title":{"rendered":"Audi\u00eancia p\u00fablica definir\u00e1 metas da Justi\u00e7a Eleitoral para 2026"},"content":{"rendered":"<div class=\"wp-block-image\">\n<figure class=\"aligncenter size-full\"><img data-recalc-dims=\"1\" fetchpriority=\"high\" decoding=\"async\" width=\"700\" height=\"335\" src=\"https:\/\/i0.wp.com\/minutobahia24h.com.br\/wp-content\/uploads\/2025\/04\/Sem-titulo-397.jpg?resize=700%2C335&#038;ssl=1\" alt=\"\" class=\"wp-image-28266\" srcset=\"https:\/\/i0.wp.com\/minutobahia24h.com.br\/wp-content\/uploads\/2025\/04\/Sem-titulo-397.jpg?w=700&amp;ssl=1 700w, https:\/\/i0.wp.com\/minutobahia24h.com.br\/wp-content\/uploads\/2025\/04\/Sem-titulo-397.jpg?resize=300%2C144&amp;ssl=1 300w\" sizes=\"(max-width: 700px) 100vw, 700px\" \/><figcaption class=\"wp-element-caption\">Foto: Ascom TRE-PE\/eprodu\u00e7\u00e3o<br><\/figcaption><\/figure>\n<\/div>\n\n\n<p>O Tribunal Regional Eleitoral (TRE) de Santa Catarina sediar\u00e1 nesta segunda-feira (28) uma audi\u00eancia p\u00fablica para definir as metas da Justi\u00e7a Eleitoral para o ano de 2026. O evento ocorrer\u00e1 em Florian\u00f3polis, na sede do Tribunal, das 14h \u00e0s 17h, com a possibilidade de participa\u00e7\u00e3o presencial e remota.<\/p>\n\n\n\n<p>O TRE-PE participar\u00e1 do evento junto a outros 13 TREs, representando o compromisso dos tribunais no aperfei\u00e7oamento da presta\u00e7\u00e3o jurisdicional, para que sejam alinhadas \u00e0s necessidades de melhorias dos servi\u00e7os prestados \u00e0 sociedade.<\/p>\n\n\n\n<p>O processo de constru\u00e7\u00e3o das metas nacionais est\u00e1 previsto pela Resolu\u00e7\u00e3o CNJ n\u00ba 221\/2016, com consulta a todas as partes interessadas: magistrados, servidores, integrantes da advocacia, Minist\u00e9rio P\u00fablico, Defensoria P\u00fablica, partidos pol\u00edticos e sociedade em geral.<\/p>\n\n\n\n<p>Atualmente, s\u00e3o quatro as metas aplic\u00e1veis \u00e0 Justi\u00e7a Eleitoral:<\/p>\n\n\n\n<p>\u2013 Julgar mais processos que os distribu\u00eddos;<\/p>\n\n\n\n<p>\u2013 Julgar processos mais antigos;<\/p>\n\n\n\n<p>\u2013 Priorizar o julgamento dos processos relativos aos crimes contra a Administra\u00e7\u00e3o P\u00fablica, \u00e0 improbidade administrativa e aos il\u00edcitos eleitorais;<\/p>\n\n\n\n<p>\u2013 Estimular a inova\u00e7\u00e3o no Poder Judici\u00e1rio, abrindo espa\u00e7o para que os participantes exponham suas opini\u00f5es e sugest\u00f5es a esse respeito.<\/p>\n\n\n\n<p><strong>Hist\u00f3rico<\/strong><\/p>\n\n\n\n<p>Durante a audi\u00eancia, al\u00e9m da proposta das metas aplic\u00e1veis \u00e0 Justi\u00e7a Eleitoral em 2026, ser\u00e1 apresentado o seu hist\u00f3rico, com explana\u00e7\u00e3o sobre o processo de elabora\u00e7\u00e3o, sua import\u00e2ncia e como elas impactam o trabalho do Poder Judici\u00e1rio. Os participantes ir\u00e3o conhecer ainda os resultados do que foi realizado em 2023 e 2024, com a apresenta\u00e7\u00e3o das solu\u00e7\u00f5es alcan\u00e7adas nos \u00faltimos anos, destacando os avan\u00e7os e os desafios a serem superados.<\/p>\n\n\n\n<p>carlosbritto<\/p>\n","protected":false},"excerpt":{"rendered":"<p>O Tribunal Regional Eleitoral (TRE) de Santa Catarina sediar\u00e1 nesta segunda-feira (28) uma audi\u00eancia p\u00fablica para definir as metas da Justi\u00e7a Eleitoral para o ano de 2026. O evento ocorrer\u00e1 em Florian\u00f3polis, na sede do Tribunal, das 14h \u00e0s 17h, com a possibilidade de participa\u00e7\u00e3o presencial e remota. O TRE-PE participar\u00e1 do evento junto a [&hellip;]<\/p>\n","protected":false},"author":2,"featured_media":28266,"comment_status":"open","ping_status":"open","sticky":false,"template":"","format":"standard","meta":{"_jetpack_memberships_contains_paid_content":false,"footnotes":""},"categories":[39],"tags":[],"class_list":["post-28265","post","type-post","status-publish","format-standard","has-post-thumbnail","hentry","category-politica"],"aioseo_notices":[],"jetpack_featured_media_url":"https:\/\/i0.wp.com\/minutobahia24h.com.br\/wp-content\/uploads\/2025\/04\/Sem-titulo-397.jpg?fit=700%2C335&ssl=1","jetpack_sharing_enabled":true,"_links":{"self":[{"href":"https:\/\/minutobahia24h.com.br\/index.php?rest_route=\/wp\/v2\/posts\/28265","targetHints":{"allow":["GET"]}}],"collection":[{"href":"https:\/\/minutobahia24h.com.br\/index.php?rest_route=\/wp\/v2\/posts"}],"about":[{"href":"https:\/\/minutobahia24h.com.br\/index.php?rest_route=\/wp\/v2\/types\/post"}],"author":[{"embeddable":true,"href":"https:\/\/minutobahia24h.com.br\/index.php?rest_route=\/wp\/v2\/users\/2"}],"replies":[{"embeddable":true,"href":"https:\/\/minutobahia24h.com.br\/index.php?rest_route=%2Fwp%2Fv2%2Fcomments&post=28265"}],"version-history":[{"count":1,"href":"https:\/\/minutobahia24h.com.br\/index.php?rest_route=\/wp\/v2\/posts\/28265\/revisions"}],"predecessor-version":[{"id":28267,"href":"https:\/\/minutobahia24h.com.br\/index.php?rest_route=\/wp\/v2\/posts\/28265\/revisions\/28267"}],"wp:featuredmedia":[{"embeddable":true,"href":"https:\/\/minutobahia24h.com.br\/index.php?rest_route=\/wp\/v2\/media\/28266"}],"wp:attachment":[{"href":"https:\/\/minutobahia24h.com.br\/index.php?rest_route=%2Fwp%2Fv2%2Fmedia&parent=28265"}],"wp:term":[{"taxonomy":"category","embeddable":true,"href":"https:\/\/minutobahia24h.com.br\/index.php?rest_route=%2Fwp%2Fv2%2Fcategories&post=28265"},{"taxonomy":"post_tag","embeddable":true,"href":"https:\/\/minutobahia24h.com.br\/index.php?rest_route=%2Fwp%2Fv2%2Ftags&post=28265"}],"curies":[{"name":"wp","href":"https:\/\/api.w.org\/{rel}","templated":true}]}}