{"id":28256,"date":"2025-04-28T11:45:42","date_gmt":"2025-04-28T14:45:42","guid":{"rendered":"https:\/\/minutobahia24h.com.br\/?p=28256"},"modified":"2025-04-28T11:45:44","modified_gmt":"2025-04-28T14:45:44","slug":"simao-durando-lanca-programa-agua-boa-2025-para-comunidades-rurais","status":"publish","type":"post","link":"https:\/\/minutobahia24h.com.br\/?p=28256","title":{"rendered":"Sim\u00e3o Durando lan\u00e7a Programa \u2018\u00c1gua Boa 2025\u2019 para comunidades rurais"},"content":{"rendered":"<div class=\"wp-block-image\">\n<figure class=\"aligncenter size-full\"><img data-recalc-dims=\"1\" fetchpriority=\"high\" decoding=\"async\" width=\"750\" height=\"500\" src=\"https:\/\/i0.wp.com\/minutobahia24h.com.br\/wp-content\/uploads\/2025\/04\/Sem-titulo-394.jpg?resize=750%2C500&#038;ssl=1\" alt=\"\" class=\"wp-image-28257\" srcset=\"https:\/\/i0.wp.com\/minutobahia24h.com.br\/wp-content\/uploads\/2025\/04\/Sem-titulo-394.jpg?w=750&amp;ssl=1 750w, https:\/\/i0.wp.com\/minutobahia24h.com.br\/wp-content\/uploads\/2025\/04\/Sem-titulo-394.jpg?resize=300%2C200&amp;ssl=1 300w\" sizes=\"(max-width: 750px) 100vw, 750px\" \/><figcaption class=\"wp-element-caption\">Foto: Ascom PMP\/divulga\u00e7\u00e3o<br><\/figcaption><\/figure>\n<\/div>\n\n\n<p>O prefeito de Petrolina, Sim\u00e3o Durando, aproveitou a 12\u00aa edi\u00e7\u00e3o da ExpoRajada, no \u00faltimo fim de semana, para lan\u00e7ar oficialmente o Programa \u2018\u00c1gua Boa 2025\u2019, voltado a fortalecer o abastecimento d\u2019\u00e1gua em comunidades rurais do munic\u00edpio \u2013 especialmente em \u00e1reas de sequeiro. O ato simb\u00f3lico contou com a presen\u00e7a do deputado federal Fernando Filho, al\u00e9m do ex-prefeito Miguel Coelho e do ex-senador Fernando Bezerra Coelho.<\/p>\n\n\n\n<p>A opera\u00e7\u00e3o foi ampliada neste ano, subindo de 26 para 28 carros-pipa. O trabalho tem o objetivo de aumentar o n\u00famero de fam\u00edlias atendidas no interior. Somente em 2024, o \u00c1gua Boa distribuiu mais de 5.600 carradas de \u00e1gua pot\u00e1vel, beneficiando aproximadamente 550 fam\u00edlias por m\u00eas em localidades como S\u00edtio Serra, Assentamento Nova Vida, Aranzel, Castanheiro I e II, Chapada do Alegre, Baixa do Tat\u00fa, Cacimba Velha, Baixa do Angico e S\u00edtio Alegre.<\/p>\n\n\n\n<p>Sim\u00e3o refor\u00e7ou a import\u00e2ncia do programa como pol\u00edtica p\u00fablica estruturante e permanente para a zona rural. \u201c<em>Em 2017, Miguel Coelho criou essa a\u00e7\u00e3o com 11 caminh\u00f5es porque a Compesa n\u00e3o garante \u00e1gua para as fam\u00edlias do interior. N\u00f3s dobramos e agora ampliamos de novo. Investir no acesso \u00e0 \u00e1gua \u00e9 garantir dignidade e qualidade de vida para a nossa popula\u00e7\u00e3o. O \u00c1gua Boa vai al\u00e9m de uma a\u00e7\u00e3o emergencial, \u00e9 uma pol\u00edtica cont\u00ednua de aten\u00e7\u00e3o \u00e0s fam\u00edlias do nosso interior. N\u00f3s sabemos o quanto a \u00e1gua \u00e9 essencial para a sobreviv\u00eancia e para o desenvolvimento de quem vive no campo. \u00c9 por isso que estamos ampliando o alcance do programa, levando abastecimento a cada vez mais localidades, com planejamento, responsabilidade e compromisso<\/em>\u201d, afirmou o prefeito.<\/p>\n\n\n\n<p><strong>Como participar<\/strong><\/p>\n\n\n\n<p>Os interessados em se cadastrar ou atualizar seus dados devem procurar a Secretaria de Desenvolvimento Rural (SEDRU), localizada \u00e0 Rua Santa Cec\u00edlia, n\u00ba 35, no Centro, das 8h \u00e0s 14h. Para o cadastro, \u00e9 necess\u00e1rio apresentar RG, CPF, comprovante de endere\u00e7o e telefone para contato. Mais informa\u00e7\u00f5es podem ser obtidas pelo telefone (87) 3983-6424.<\/p>\n\n\n\n<p>carlosbritto<\/p>\n","protected":false},"excerpt":{"rendered":"<p>O prefeito de Petrolina, Sim\u00e3o Durando, aproveitou a 12\u00aa edi\u00e7\u00e3o da ExpoRajada, no \u00faltimo fim de semana, para lan\u00e7ar oficialmente o Programa \u2018\u00c1gua Boa 2025\u2019, voltado a fortalecer o abastecimento d\u2019\u00e1gua em comunidades rurais do munic\u00edpio \u2013 especialmente em \u00e1reas de sequeiro. O ato simb\u00f3lico contou com a presen\u00e7a do deputado federal Fernando Filho, al\u00e9m [&hellip;]<\/p>\n","protected":false},"author":2,"featured_media":28257,"comment_status":"open","ping_status":"open","sticky":false,"template":"","format":"standard","meta":{"_jetpack_memberships_contains_paid_content":false,"footnotes":""},"categories":[3],"tags":[],"class_list":["post-28256","post","type-post","status-publish","format-standard","has-post-thumbnail","hentry","category-regional"],"aioseo_notices":[],"jetpack_featured_media_url":"https:\/\/i0.wp.com\/minutobahia24h.com.br\/wp-content\/uploads\/2025\/04\/Sem-titulo-394.jpg?fit=750%2C500&ssl=1","jetpack_sharing_enabled":true,"_links":{"self":[{"href":"https:\/\/minutobahia24h.com.br\/index.php?rest_route=\/wp\/v2\/posts\/28256","targetHints":{"allow":["GET"]}}],"collection":[{"href":"https:\/\/minutobahia24h.com.br\/index.php?rest_route=\/wp\/v2\/posts"}],"about":[{"href":"https:\/\/minutobahia24h.com.br\/index.php?rest_route=\/wp\/v2\/types\/post"}],"author":[{"embeddable":true,"href":"https:\/\/minutobahia24h.com.br\/index.php?rest_route=\/wp\/v2\/users\/2"}],"replies":[{"embeddable":true,"href":"https:\/\/minutobahia24h.com.br\/index.php?rest_route=%2Fwp%2Fv2%2Fcomments&post=28256"}],"version-history":[{"count":1,"href":"https:\/\/minutobahia24h.com.br\/index.php?rest_route=\/wp\/v2\/posts\/28256\/revisions"}],"predecessor-version":[{"id":28258,"href":"https:\/\/minutobahia24h.com.br\/index.php?rest_route=\/wp\/v2\/posts\/28256\/revisions\/28258"}],"wp:featuredmedia":[{"embeddable":true,"href":"https:\/\/minutobahia24h.com.br\/index.php?rest_route=\/wp\/v2\/media\/28257"}],"wp:attachment":[{"href":"https:\/\/minutobahia24h.com.br\/index.php?rest_route=%2Fwp%2Fv2%2Fmedia&parent=28256"}],"wp:term":[{"taxonomy":"category","embeddable":true,"href":"https:\/\/minutobahia24h.com.br\/index.php?rest_route=%2Fwp%2Fv2%2Fcategories&post=28256"},{"taxonomy":"post_tag","embeddable":true,"href":"https:\/\/minutobahia24h.com.br\/index.php?rest_route=%2Fwp%2Fv2%2Ftags&post=28256"}],"curies":[{"name":"wp","href":"https:\/\/api.w.org\/{rel}","templated":true}]}}