{"id":28228,"date":"2025-04-28T08:05:32","date_gmt":"2025-04-28T11:05:32","guid":{"rendered":"https:\/\/minutobahia24h.com.br\/?p=28228"},"modified":"2025-04-28T08:05:33","modified_gmt":"2025-04-28T11:05:33","slug":"dedicacao-exclusiva-aos-estudos-e-exercicios-fisicos-como-era-a-rotina-da-concurseira-que-se-tornou-a-juiza-federal-mais-jovem-do-brasil","status":"publish","type":"post","link":"https:\/\/minutobahia24h.com.br\/?p=28228","title":{"rendered":"Dedica\u00e7\u00e3o exclusiva aos estudos e exerc\u00edcios f\u00edsicos: como era a rotina da concurseira que se tornou a ju\u00edza federal mais jovem do Brasil"},"content":{"rendered":"<div class=\"wp-block-image\">\n<figure class=\"aligncenter size-full\"><img data-recalc-dims=\"1\" fetchpriority=\"high\" decoding=\"async\" width=\"800\" height=\"769\" src=\"https:\/\/i0.wp.com\/minutobahia24h.com.br\/wp-content\/uploads\/2025\/04\/Sem-titulo-389.jpg?resize=800%2C769&#038;ssl=1\" alt=\"\" class=\"wp-image-28230\" srcset=\"https:\/\/i0.wp.com\/minutobahia24h.com.br\/wp-content\/uploads\/2025\/04\/Sem-titulo-389.jpg?w=984&amp;ssl=1 984w, https:\/\/i0.wp.com\/minutobahia24h.com.br\/wp-content\/uploads\/2025\/04\/Sem-titulo-389.jpg?resize=300%2C288&amp;ssl=1 300w, https:\/\/i0.wp.com\/minutobahia24h.com.br\/wp-content\/uploads\/2025\/04\/Sem-titulo-389.jpg?resize=768%2C738&amp;ssl=1 768w, https:\/\/i0.wp.com\/minutobahia24h.com.br\/wp-content\/uploads\/2025\/04\/Sem-titulo-389.jpg?resize=750%2C721&amp;ssl=1 750w\" sizes=\"(max-width: 800px) 100vw, 800px\" \/><figcaption class=\"wp-element-caption\">Aos 25 anos, Lu\u00edsa Milit\u00e3o se tornou a ju\u00edza mais nova do Brasil \u2014 Foto: Reprodu\u00e7\u00e3o\/Redes sociais<br><\/figcaption><\/figure>\n<\/div>\n\n\n<p>A ju\u00edza federal mais jovem do Brasil,\u00a0<strong>Lu\u00edsa Milit\u00e3o Vicente Barroso<\/strong>, divide sua trajet\u00f3ria de conquistas em concursos p\u00fablicos com os seguidores em uma rede social. Por l\u00e1, ela conta como era a rotina para conseguir aprova\u00e7\u00e3o no concurso do Tribunal Regional Federal da 1\u00aa Regi\u00e3o (TRF1) e tamb\u00e9m em outros dois concursos.<\/p>\n\n\n\n<p>Foram tr\u00eas anos de muita dedica\u00e7\u00e3o, &#8216;disciplina e f\u00e9&#8217;, como escreveu em um dos seus posts. Ap\u00f3s se formar em Direito na&nbsp;<strong>Universidade Federal de&nbsp;<\/strong><a class=\"\" href=\"https:\/\/g1.globo.com\/mg\/zona-da-mata\/cidade\/vicosa-mg\/\"><strong>Vi\u00e7osa<\/strong><\/a>&nbsp;no come\u00e7o de 2021, Lu\u00edsa passou a se dividir entre os estudos e o trabalho na Promotoria de Justi\u00e7a de&nbsp;<a class=\"\" href=\"https:\/\/g1.globo.com\/mg\/vales-mg\/cidade\/inhapim\/\">Inhapim<\/a>, cidade onde nasceu.<\/p>\n\n\n\n<p>Para alcan\u00e7ar a coloca\u00e7\u00e3o, ela elaborou um plano de estudos:&nbsp;8 horas di\u00e1rias, divididas entre videoaulas e leituras, al\u00e9m de manter uma rotina de exerc\u00edcios f\u00edsicos e o trabalho na promotoria.<\/p>\n\n\n\n<p>Aos fins de semana, os estudos continuavam, mas de outra forma. Aos s\u00e1bados e domingos, Lu\u00edsa praticava o que aprendeu durante a semana, realizando simulados.<\/p>\n\n\n\n<p>Foi em 2025, ano em que completou 25 anos, que vieram os frutos dos anos de dedica\u00e7\u00e3o: aprovada no Minist\u00e9rio P\u00fablico da Bahia (MPBA), na Defensoria P\u00fablica de Minas Gerais e no Tribunal Regional Federal da 1\u00aa Regi\u00e3o (TRF1). Este \u00faltimo concurso foi a realiza\u00e7\u00e3o do grande sonho: tornar-se ju\u00edza federal.<\/p>\n\n\n\n<p>\u201cEstou infinitamente realizada com a aprova\u00e7\u00e3o no TRF1. Quanta honra poder regressar a esse tribunal magn\u00edfico, onde tive a alegria de estagiar ainda na gradua\u00e7\u00e3o, entre 2019 e 2020, uma das experi\u00eancias mais felizes da minha vida, que me fez ficar apaixonada pela justi\u00e7a federal\u201d, comemorou em uma postagem feita em rede social.<\/p>\n\n\n\n<h2 class=\"wp-block-heading\">Conhe\u00e7a mais sobre a trajet\u00f3ria de Lu\u00edsa Milit\u00e3o:<\/h2>\n\n\n\n<p>Nascida em Inhapim, regi\u00e3o leste de Minas Gerais, Lu\u00edsa deixou a cidade natal aos 16 anos para fazer o ensino m\u00e9dio no<strong>&nbsp;Col\u00e9gio de Aplica\u00e7\u00e3o da Universidade Federal de Vi\u00e7osa<\/strong>&nbsp;(Coluni\/<a class=\"\" href=\"https:\/\/g1.globo.com\/educacao\/universidade\/ufv\/\">UFV<\/a>).<\/p>\n\n\n\n<p>No ano seguinte, entrou para a<strong>&nbsp;Universidade Federal de Vi\u00e7osa<\/strong>, iniciando uma rotina de estudos para a formatura e prepara\u00e7\u00e3o para concursos p\u00fablicos.<\/p>\n\n\n\n<p>Atualmente morando em&nbsp;<a class=\"\" href=\"https:\/\/g1.globo.com\/ba\/bahia\/cidade\/vitoria-da-conquista\/\">Vit\u00f3ria da Conquista<\/a>, na Bahia, ela diz carregar as lembran\u00e7as de Vi\u00e7osa e o lema da institui\u00e7\u00e3o de ensino.<\/p>\n\n\n\n<blockquote class=\"wp-block-quote is-layout-flow wp-block-quote-is-layout-flow\">\n<p>\u201cEstudar, saber, agir e vencer. Carrego essas quatro palavras do lema da UFV comigo em meu cora\u00e7\u00e3o, como uma estrela guia. Nunca tive ambi\u00e7\u00f5es de conquistar qualquer coisa que fosse sem estudo e trabalho \u00e1rduo. Minha trajet\u00f3ria nos estudos extrapola em muito esses quatro anos\u201d, postou.<\/p>\n<\/blockquote>\n","protected":false},"excerpt":{"rendered":"<p>A ju\u00edza federal mais jovem do Brasil,\u00a0Lu\u00edsa Milit\u00e3o Vicente Barroso, divide sua trajet\u00f3ria de conquistas em concursos p\u00fablicos com os seguidores em uma rede social. Por l\u00e1, ela conta como era a rotina para conseguir aprova\u00e7\u00e3o no concurso do Tribunal Regional Federal da 1\u00aa Regi\u00e3o (TRF1) e tamb\u00e9m em outros dois concursos. Foram tr\u00eas anos [&hellip;]<\/p>\n","protected":false},"author":2,"featured_media":28230,"comment_status":"open","ping_status":"open","sticky":false,"template":"","format":"standard","meta":{"_jetpack_memberships_contains_paid_content":false,"footnotes":""},"categories":[46],"tags":[],"class_list":["post-28228","post","type-post","status-publish","format-standard","has-post-thumbnail","hentry","category-noticia"],"aioseo_notices":[],"jetpack_featured_media_url":"https:\/\/i0.wp.com\/minutobahia24h.com.br\/wp-content\/uploads\/2025\/04\/Sem-titulo-389.jpg?fit=984%2C946&ssl=1","jetpack_sharing_enabled":true,"_links":{"self":[{"href":"https:\/\/minutobahia24h.com.br\/index.php?rest_route=\/wp\/v2\/posts\/28228","targetHints":{"allow":["GET"]}}],"collection":[{"href":"https:\/\/minutobahia24h.com.br\/index.php?rest_route=\/wp\/v2\/posts"}],"about":[{"href":"https:\/\/minutobahia24h.com.br\/index.php?rest_route=\/wp\/v2\/types\/post"}],"author":[{"embeddable":true,"href":"https:\/\/minutobahia24h.com.br\/index.php?rest_route=\/wp\/v2\/users\/2"}],"replies":[{"embeddable":true,"href":"https:\/\/minutobahia24h.com.br\/index.php?rest_route=%2Fwp%2Fv2%2Fcomments&post=28228"}],"version-history":[{"count":1,"href":"https:\/\/minutobahia24h.com.br\/index.php?rest_route=\/wp\/v2\/posts\/28228\/revisions"}],"predecessor-version":[{"id":28231,"href":"https:\/\/minutobahia24h.com.br\/index.php?rest_route=\/wp\/v2\/posts\/28228\/revisions\/28231"}],"wp:featuredmedia":[{"embeddable":true,"href":"https:\/\/minutobahia24h.com.br\/index.php?rest_route=\/wp\/v2\/media\/28230"}],"wp:attachment":[{"href":"https:\/\/minutobahia24h.com.br\/index.php?rest_route=%2Fwp%2Fv2%2Fmedia&parent=28228"}],"wp:term":[{"taxonomy":"category","embeddable":true,"href":"https:\/\/minutobahia24h.com.br\/index.php?rest_route=%2Fwp%2Fv2%2Fcategories&post=28228"},{"taxonomy":"post_tag","embeddable":true,"href":"https:\/\/minutobahia24h.com.br\/index.php?rest_route=%2Fwp%2Fv2%2Ftags&post=28228"}],"curies":[{"name":"wp","href":"https:\/\/api.w.org\/{rel}","templated":true}]}}