{"id":28210,"date":"2025-04-28T07:53:13","date_gmt":"2025-04-28T10:53:13","guid":{"rendered":"https:\/\/minutobahia24h.com.br\/?p=28210"},"modified":"2025-04-28T07:53:15","modified_gmt":"2025-04-28T10:53:15","slug":"fim-da-reeleicao-esta-em-debate-no-senado-votacao-pode-ocorrer-em-maio","status":"publish","type":"post","link":"https:\/\/minutobahia24h.com.br\/?p=28210","title":{"rendered":"Fim da reelei\u00e7\u00e3o est\u00e1 em debate no Senado: vota\u00e7\u00e3o pode ocorrer em maio"},"content":{"rendered":"<div class=\"wp-block-image\">\n<figure class=\"aligncenter size-full\"><img data-recalc-dims=\"1\" fetchpriority=\"high\" decoding=\"async\" width=\"800\" height=\"376\" src=\"https:\/\/i0.wp.com\/minutobahia24h.com.br\/wp-content\/uploads\/2025\/04\/Sem-titulo-382.jpg?resize=800%2C376&#038;ssl=1\" alt=\"\" class=\"wp-image-28211\" srcset=\"https:\/\/i0.wp.com\/minutobahia24h.com.br\/wp-content\/uploads\/2025\/04\/Sem-titulo-382.jpg?w=1024&amp;ssl=1 1024w, https:\/\/i0.wp.com\/minutobahia24h.com.br\/wp-content\/uploads\/2025\/04\/Sem-titulo-382.jpg?resize=300%2C141&amp;ssl=1 300w, https:\/\/i0.wp.com\/minutobahia24h.com.br\/wp-content\/uploads\/2025\/04\/Sem-titulo-382.jpg?resize=768%2C361&amp;ssl=1 768w, https:\/\/i0.wp.com\/minutobahia24h.com.br\/wp-content\/uploads\/2025\/04\/Sem-titulo-382.jpg?resize=750%2C352&amp;ssl=1 750w\" sizes=\"(max-width: 800px) 100vw, 800px\" \/><\/figure>\n<\/div>\n\n\n<p>Est\u00e1 em an\u00e1lise no Senado a PEC 12\/2022, que extingue a reelei\u00e7\u00e3o para presidente, governadores e prefeitos. A proposta aguarda vota\u00e7\u00e3o na Comiss\u00e3o de Constitui\u00e7\u00e3o e Justi\u00e7a (CCJ), que ainda n\u00e3o entrou em consenso sobre quando a mudan\u00e7a deve entrar em vigor. A PEC deve ser novamente discutida em maio.Embora a medida tenha apoio da maioria na CCJ, os senadores divergem quanto \u00e0 data de aplica\u00e7\u00e3o. O relator Marcelo Castro (MDB-PI) sugeriu um per\u00edodo de transi\u00e7\u00e3o at\u00e9 2034.<\/p>\n\n\n\n<p>A oposi\u00e7\u00e3o, liderada por Rog\u00e9rio Marinho (PL-RN), defende que a mudan\u00e7a ocorra j\u00e1 em 2026, enquanto Omar Aziz (PSD-AM) prop\u00f4s estender os mandatos at\u00e9 2027.A PEC tamb\u00e9m sugere que os mandatos de presidente, governadores, prefeitos e deputados passem de 4 para 5 anos, e de senadores de 8 para 10 anos. As elei\u00e7\u00f5es seriam unificadas a cada 5 anos, o que reduziria gastos e evitaria paralisa\u00e7\u00f5es nos governos. <\/p>\n\n\n\n<p>Para o senador Oriol Visto Guimar\u00e3es (PSDB-PR), a busca pela reelei\u00e7\u00e3o prejudica a governan\u00e7a e causa irresponsabilidade econ\u00f4mica. Ap\u00f3s aprova\u00e7\u00e3o na CCJ, a PEC ser\u00e1 votada no plen\u00e1rio do Senado.<\/p>\n\n\n\n<p>portalespacoaberto<\/p>\n","protected":false},"excerpt":{"rendered":"<p>Est\u00e1 em an\u00e1lise no Senado a PEC 12\/2022, que extingue a reelei\u00e7\u00e3o para presidente, governadores e prefeitos. A proposta aguarda vota\u00e7\u00e3o na Comiss\u00e3o de Constitui\u00e7\u00e3o e Justi\u00e7a (CCJ), que ainda n\u00e3o entrou em consenso sobre quando a mudan\u00e7a deve entrar em vigor. A PEC deve ser novamente discutida em maio.Embora a medida tenha apoio da [&hellip;]<\/p>\n","protected":false},"author":2,"featured_media":28211,"comment_status":"open","ping_status":"open","sticky":false,"template":"","format":"standard","meta":{"_jetpack_memberships_contains_paid_content":false,"footnotes":""},"categories":[39],"tags":[],"class_list":["post-28210","post","type-post","status-publish","format-standard","has-post-thumbnail","hentry","category-politica"],"aioseo_notices":[],"jetpack_featured_media_url":"https:\/\/i0.wp.com\/minutobahia24h.com.br\/wp-content\/uploads\/2025\/04\/Sem-titulo-382.jpg?fit=1024%2C481&ssl=1","jetpack_sharing_enabled":true,"_links":{"self":[{"href":"https:\/\/minutobahia24h.com.br\/index.php?rest_route=\/wp\/v2\/posts\/28210","targetHints":{"allow":["GET"]}}],"collection":[{"href":"https:\/\/minutobahia24h.com.br\/index.php?rest_route=\/wp\/v2\/posts"}],"about":[{"href":"https:\/\/minutobahia24h.com.br\/index.php?rest_route=\/wp\/v2\/types\/post"}],"author":[{"embeddable":true,"href":"https:\/\/minutobahia24h.com.br\/index.php?rest_route=\/wp\/v2\/users\/2"}],"replies":[{"embeddable":true,"href":"https:\/\/minutobahia24h.com.br\/index.php?rest_route=%2Fwp%2Fv2%2Fcomments&post=28210"}],"version-history":[{"count":1,"href":"https:\/\/minutobahia24h.com.br\/index.php?rest_route=\/wp\/v2\/posts\/28210\/revisions"}],"predecessor-version":[{"id":28212,"href":"https:\/\/minutobahia24h.com.br\/index.php?rest_route=\/wp\/v2\/posts\/28210\/revisions\/28212"}],"wp:featuredmedia":[{"embeddable":true,"href":"https:\/\/minutobahia24h.com.br\/index.php?rest_route=\/wp\/v2\/media\/28211"}],"wp:attachment":[{"href":"https:\/\/minutobahia24h.com.br\/index.php?rest_route=%2Fwp%2Fv2%2Fmedia&parent=28210"}],"wp:term":[{"taxonomy":"category","embeddable":true,"href":"https:\/\/minutobahia24h.com.br\/index.php?rest_route=%2Fwp%2Fv2%2Fcategories&post=28210"},{"taxonomy":"post_tag","embeddable":true,"href":"https:\/\/minutobahia24h.com.br\/index.php?rest_route=%2Fwp%2Fv2%2Ftags&post=28210"}],"curies":[{"name":"wp","href":"https:\/\/api.w.org\/{rel}","templated":true}]}}