{"id":28204,"date":"2025-04-28T07:43:16","date_gmt":"2025-04-28T10:43:16","guid":{"rendered":"https:\/\/minutobahia24h.com.br\/?p=28204"},"modified":"2025-04-28T07:43:18","modified_gmt":"2025-04-28T10:43:18","slug":"policia-civil-apreende-frascos-de-lanca-perfume-em-feira-de-santana-as-vesperas-da-micareta","status":"publish","type":"post","link":"https:\/\/minutobahia24h.com.br\/?p=28204","title":{"rendered":"Pol\u00edcia Civil apreende frascos de lan\u00e7a-perfume em Feira de Santana \u00e0s v\u00e9speras da Micareta"},"content":{"rendered":"<div class=\"wp-block-image\">\n<figure class=\"aligncenter size-large\"><img data-recalc-dims=\"1\" fetchpriority=\"high\" decoding=\"async\" width=\"800\" height=\"420\" src=\"https:\/\/i0.wp.com\/minutobahia24h.com.br\/wp-content\/uploads\/2025\/04\/Sem-titulo-380-1024x538.jpg?resize=800%2C420&#038;ssl=1\" alt=\"\" class=\"wp-image-28205\" srcset=\"https:\/\/i0.wp.com\/minutobahia24h.com.br\/wp-content\/uploads\/2025\/04\/Sem-titulo-380.jpg?resize=1024%2C538&amp;ssl=1 1024w, https:\/\/i0.wp.com\/minutobahia24h.com.br\/wp-content\/uploads\/2025\/04\/Sem-titulo-380.jpg?resize=300%2C158&amp;ssl=1 300w, https:\/\/i0.wp.com\/minutobahia24h.com.br\/wp-content\/uploads\/2025\/04\/Sem-titulo-380.jpg?resize=768%2C403&amp;ssl=1 768w, https:\/\/i0.wp.com\/minutobahia24h.com.br\/wp-content\/uploads\/2025\/04\/Sem-titulo-380.jpg?resize=750%2C394&amp;ssl=1 750w, https:\/\/i0.wp.com\/minutobahia24h.com.br\/wp-content\/uploads\/2025\/04\/Sem-titulo-380.jpg?resize=1140%2C599&amp;ssl=1 1140w, https:\/\/i0.wp.com\/minutobahia24h.com.br\/wp-content\/uploads\/2025\/04\/Sem-titulo-380.jpg?w=1200&amp;ssl=1 1200w\" sizes=\"(max-width: 800px) 100vw, 800px\" \/><\/figure>\n<\/div>\n\n\n<p>Frascos de lan\u00e7a-perfume foram apreendidos na \u00faltima sexta-feira (25) em Feira de Santana, segunda maior cidade da Bahia. A droga, segundo a Pol\u00edcia Civil, seria possivelmente distribu\u00edda durante a Micareta de Feira, que ocorre entre os dias 1\u00ba e 4 de maio. Esta \u00e9 a segunda apreens\u00e3o semelhante registrada na cidade em menos de uma semana.<\/p>\n\n\n\n<p>A a\u00e7\u00e3o foi conduzida por agentes da Coordena\u00e7\u00e3o de Apoio T\u00e9cnico \u00e0 Investiga\u00e7\u00e3o (Catti) &#8211; Sert\u00e3o, ap\u00f3s a equipe de intelig\u00eancia identificar encomendas suspeitas vindas do estado de S\u00e3o Paulo. A abordagem aconteceu na ag\u00eancia central dos Correios do munic\u00edpio, onde os policiais confirmaram se tratar de subst\u00e2ncia il\u00edcita. A quantidade exata de frascos apreendidos n\u00e3o foi divulgada.<\/p>\n\n\n\n<p>O material foi encaminhado para a autoridade policial, onde foi registrado boletim de ocorr\u00eancia. At\u00e9 a tarde deste s\u00e1bado (26), nenhuma pris\u00e3o foi realizada, mas as investiga\u00e7\u00f5es continuam para identificar os respons\u00e1veis pelo envio e recebimento da droga.<\/p>\n\n\n\n<p>Dois dias antes, na quarta-feira (23), uma apreens\u00e3o semelhante ocorreu em outro centro de distribui\u00e7\u00e3o da cidade. Na ocasi\u00e3o, mais de 100 frascos de lan\u00e7a-perfume foram interceptados em uma encomenda cujo destino final era a capital Salvador. Assim como no caso mais recente, a pol\u00edcia n\u00e3o conseguiu identificar remetente nem destinat\u00e1rio.<\/p>\n\n\n\n<p>BN<\/p>\n","protected":false},"excerpt":{"rendered":"<p>Frascos de lan\u00e7a-perfume foram apreendidos na \u00faltima sexta-feira (25) em Feira de Santana, segunda maior cidade da Bahia. A droga, segundo a Pol\u00edcia Civil, seria possivelmente distribu\u00edda durante a Micareta de Feira, que ocorre entre os dias 1\u00ba e 4 de maio. Esta \u00e9 a segunda apreens\u00e3o semelhante registrada na cidade em menos de uma [&hellip;]<\/p>\n","protected":false},"author":2,"featured_media":28205,"comment_status":"open","ping_status":"open","sticky":false,"template":"","format":"standard","meta":{"_jetpack_memberships_contains_paid_content":false,"footnotes":""},"categories":[3],"tags":[],"class_list":["post-28204","post","type-post","status-publish","format-standard","has-post-thumbnail","hentry","category-regional"],"aioseo_notices":[],"jetpack_featured_media_url":"https:\/\/i0.wp.com\/minutobahia24h.com.br\/wp-content\/uploads\/2025\/04\/Sem-titulo-380.jpg?fit=1200%2C630&ssl=1","jetpack_sharing_enabled":true,"_links":{"self":[{"href":"https:\/\/minutobahia24h.com.br\/index.php?rest_route=\/wp\/v2\/posts\/28204","targetHints":{"allow":["GET"]}}],"collection":[{"href":"https:\/\/minutobahia24h.com.br\/index.php?rest_route=\/wp\/v2\/posts"}],"about":[{"href":"https:\/\/minutobahia24h.com.br\/index.php?rest_route=\/wp\/v2\/types\/post"}],"author":[{"embeddable":true,"href":"https:\/\/minutobahia24h.com.br\/index.php?rest_route=\/wp\/v2\/users\/2"}],"replies":[{"embeddable":true,"href":"https:\/\/minutobahia24h.com.br\/index.php?rest_route=%2Fwp%2Fv2%2Fcomments&post=28204"}],"version-history":[{"count":1,"href":"https:\/\/minutobahia24h.com.br\/index.php?rest_route=\/wp\/v2\/posts\/28204\/revisions"}],"predecessor-version":[{"id":28206,"href":"https:\/\/minutobahia24h.com.br\/index.php?rest_route=\/wp\/v2\/posts\/28204\/revisions\/28206"}],"wp:featuredmedia":[{"embeddable":true,"href":"https:\/\/minutobahia24h.com.br\/index.php?rest_route=\/wp\/v2\/media\/28205"}],"wp:attachment":[{"href":"https:\/\/minutobahia24h.com.br\/index.php?rest_route=%2Fwp%2Fv2%2Fmedia&parent=28204"}],"wp:term":[{"taxonomy":"category","embeddable":true,"href":"https:\/\/minutobahia24h.com.br\/index.php?rest_route=%2Fwp%2Fv2%2Fcategories&post=28204"},{"taxonomy":"post_tag","embeddable":true,"href":"https:\/\/minutobahia24h.com.br\/index.php?rest_route=%2Fwp%2Fv2%2Ftags&post=28204"}],"curies":[{"name":"wp","href":"https:\/\/api.w.org\/{rel}","templated":true}]}}