{"id":2819,"date":"2023-10-24T07:52:00","date_gmt":"2023-10-24T10:52:00","guid":{"rendered":"https:\/\/minutobahia24h.com.br\/?p=2819"},"modified":"2023-10-24T07:52:01","modified_gmt":"2023-10-24T10:52:01","slug":"trabalho-em-conjunto-dos-governos-federal-estaduais-e-municipais-buscam-aumentar-coberturas-vacinais","status":"publish","type":"post","link":"https:\/\/minutobahia24h.com.br\/?p=2819","title":{"rendered":"Trabalho em conjunto dos governos federal, estaduais e municipais buscam aumentar coberturas vacinais"},"content":{"rendered":"<div class=\"wp-block-image\">\n<figure class=\"aligncenter size-full\"><img data-recalc-dims=\"1\" fetchpriority=\"high\" decoding=\"async\" width=\"799\" height=\"600\" src=\"https:\/\/i0.wp.com\/minutobahia24h.com.br\/wp-content\/uploads\/2023\/10\/Sem-titulo-148.jpg?resize=799%2C600&#038;ssl=1\" alt=\"\" class=\"wp-image-2821\" srcset=\"https:\/\/i0.wp.com\/minutobahia24h.com.br\/wp-content\/uploads\/2023\/10\/Sem-titulo-148.jpg?w=799&amp;ssl=1 799w, https:\/\/i0.wp.com\/minutobahia24h.com.br\/wp-content\/uploads\/2023\/10\/Sem-titulo-148.jpg?resize=300%2C225&amp;ssl=1 300w, https:\/\/i0.wp.com\/minutobahia24h.com.br\/wp-content\/uploads\/2023\/10\/Sem-titulo-148.jpg?resize=768%2C577&amp;ssl=1 768w, https:\/\/i0.wp.com\/minutobahia24h.com.br\/wp-content\/uploads\/2023\/10\/Sem-titulo-148.jpg?resize=750%2C563&amp;ssl=1 750w\" sizes=\"(max-width: 799px) 100vw, 799px\" \/><figcaption class=\"wp-element-caption\"><sub>Foto: Leonardo Rattes \/ Sa\u00fade GovBA<\/sub><br><\/figcaption><\/figure>\n<\/div>\n\n\n<p>Duas estrat\u00e9gias para ampliar as coberturas vacinais est\u00e3o sendo trabalhadas conjuntamente na Bahia: o Movimento Nacional pela Vacina\u00e7\u00e3o, desenvolvido pelo Minist\u00e9rio da Sa\u00fade, e o Programa Vacina Bahia, criado pelo Governo do Estado no m\u00eas de fevereiro deste ano. As duas iniciativas buscam refor\u00e7ar o calend\u00e1rio vacinal de todas as faixas et\u00e1rias, principalmente no grupo de crian\u00e7as.<\/p>\n\n\n\n<p>Uma das a\u00e7\u00f5es do Movimento Nacional \u00e9 a campanha de multivacina\u00e7\u00e3o, como explica o Diretor do Departamento de Imuniza\u00e7\u00e3o e Doen\u00e7as Transmiss\u00edveis do Minist\u00e9rio da Sa\u00fade, Eder Gatti. Ele esteve na sexta-feira (20) na unidade de sa\u00fade do Curralinho, em Salvador, acompanhando a atividade. \u201cO Brasil vem registrando baixas coberturas vacinais desde 2016. A gente tem o desafio de recuperar as coberturas vacinais e tamb\u00e9m trazer de volta a confian\u00e7as das pessoas nas vacinas\u201d, afirmou.<\/p>\n\n\n\n<p>Eder Gatti ainda destacou que o Movimento Nacional de Vacina\u00e7\u00e3o inclui uma estrat\u00e9gia de microplanejamento com os munic\u00edpios, adotando a\u00e7\u00f5es extramuros. \u201cA ideia \u00e9 poder levar as vacinas para locais como escolas e para as resid\u00eancias\u201d, pontuou.<\/p>\n\n\n\n<p>A coordenadora de imuniza\u00e7\u00e3o e doen\u00e7as imunopreven\u00edveis da Bahia, V\u00e2nia Rebou\u00e7as, que tamb\u00e9m esteve na a\u00e7\u00e3o, falou do trabalho em conjunto que a Secretaria da Sa\u00fade do Estado tem feito com o Minist\u00e9rio da Sa\u00fade e munic\u00edpios. \u201cEssa parceria das diferentes esferas de governo \u00e9 essencial para aumentar as coberturas vacinais. Estamos trabalhando para localizar as pessoas que ainda est\u00e3o com as cadernetas de vacinas desatualizadas\u201d, disse.<\/p>\n\n\n\n<figure class=\"wp-block-image\"><a href=\"https:\/\/i0.wp.com\/blogdoeloiltoncajuhy.com.br\/site\/wp-content\/uploads\/2023\/10\/vacinacao-2e-foto-Leonardo-Rattes-Saude-GovBA.jpg?ssl=1\"><img decoding=\"async\" src=\"https:\/\/i0.wp.com\/blogdoeloiltoncajuhy.com.br\/site\/wp-content\/uploads\/2023\/10\/vacinacao-2e-foto-Leonardo-Rattes-Saude-GovBA.jpg?resize=800%2C600&amp;ssl=1\" alt=\"\" class=\"wp-image-77209\"\/><\/a><figcaption class=\"wp-element-caption\"><sub>Foto: Leonardo Rattes \/ Sa\u00fade GovBA<\/sub><\/figcaption><\/figure>\n\n\n\n<p>V\u00e2nia tamb\u00e9m explicou que o Programa Vacina Bahia iniciou focando nos 43 munic\u00edpios com at\u00e9 100 mil habitantes com as mais baixas coberturas vacinais e, desde o in\u00edcio de setembro, foi expandido, passando a recorrer \u00e0 estrat\u00e9gia da busca ativa e levando os agentes de imuniza\u00e7\u00e3o at\u00e9 as comunidades quilombolas, ind\u00edgenas e ribeirinhas dos munic\u00edpios baianos. Foram disponibilizados 12 ve\u00edculos, com a atribui\u00e7\u00e3o exclusiva de levar vacinadores a comunidades mais distantes, t\u00e9cnicos de enfermagem e computadores para serem utilizados nas salas de vacina.<\/p>\n\n\n\n<p>Em 2022, a cobertura vacinal na Bahia atingiu a taxa de 75,6% para vacina\u00e7\u00e3o contra a Poliomielite, 75,4% para Pentavalente, enquanto 79,4 % foram vacinados contra a Pneumoc\u00f3cica e outros 75,6 %, para a Tr\u00edplice Viral. Em 2023, apesar dos n\u00fameros ainda estarem defasados por conta de um problema no banco de dados do Minist\u00e9rio da Sa\u00fade, o qu\u00ea atrasa a atualiza\u00e7\u00e3o dos \u00edndices, o Estado j\u00e1 registra uma pequena melhora nas taxas de imuniza\u00e7\u00e3o. A meta do Estado \u00e9 que o \u00edndice alcance, no m\u00ednimo, 95% do p\u00fablico-alvo de cada imunizante.<\/p>\n\n\n\n<p>blogdoeloiltoncajuhy<\/p>\n","protected":false},"excerpt":{"rendered":"<p>Duas estrat\u00e9gias para ampliar as coberturas vacinais est\u00e3o sendo trabalhadas conjuntamente na Bahia: o Movimento Nacional pela Vacina\u00e7\u00e3o, desenvolvido pelo Minist\u00e9rio da Sa\u00fade, e o Programa Vacina Bahia, criado pelo Governo do Estado no m\u00eas de fevereiro deste ano. As duas iniciativas buscam refor\u00e7ar o calend\u00e1rio vacinal de todas as faixas et\u00e1rias, principalmente no grupo [&hellip;]<\/p>\n","protected":false},"author":2,"featured_media":2821,"comment_status":"open","ping_status":"open","sticky":false,"template":"","format":"standard","meta":{"_jetpack_memberships_contains_paid_content":false,"footnotes":""},"categories":[18],"tags":[],"class_list":["post-2819","post","type-post","status-publish","format-standard","has-post-thumbnail","hentry","category-saude"],"aioseo_notices":[],"jetpack_featured_media_url":"https:\/\/i0.wp.com\/minutobahia24h.com.br\/wp-content\/uploads\/2023\/10\/Sem-titulo-148.jpg?fit=799%2C600&ssl=1","jetpack_sharing_enabled":true,"_links":{"self":[{"href":"https:\/\/minutobahia24h.com.br\/index.php?rest_route=\/wp\/v2\/posts\/2819","targetHints":{"allow":["GET"]}}],"collection":[{"href":"https:\/\/minutobahia24h.com.br\/index.php?rest_route=\/wp\/v2\/posts"}],"about":[{"href":"https:\/\/minutobahia24h.com.br\/index.php?rest_route=\/wp\/v2\/types\/post"}],"author":[{"embeddable":true,"href":"https:\/\/minutobahia24h.com.br\/index.php?rest_route=\/wp\/v2\/users\/2"}],"replies":[{"embeddable":true,"href":"https:\/\/minutobahia24h.com.br\/index.php?rest_route=%2Fwp%2Fv2%2Fcomments&post=2819"}],"version-history":[{"count":1,"href":"https:\/\/minutobahia24h.com.br\/index.php?rest_route=\/wp\/v2\/posts\/2819\/revisions"}],"predecessor-version":[{"id":2822,"href":"https:\/\/minutobahia24h.com.br\/index.php?rest_route=\/wp\/v2\/posts\/2819\/revisions\/2822"}],"wp:featuredmedia":[{"embeddable":true,"href":"https:\/\/minutobahia24h.com.br\/index.php?rest_route=\/wp\/v2\/media\/2821"}],"wp:attachment":[{"href":"https:\/\/minutobahia24h.com.br\/index.php?rest_route=%2Fwp%2Fv2%2Fmedia&parent=2819"}],"wp:term":[{"taxonomy":"category","embeddable":true,"href":"https:\/\/minutobahia24h.com.br\/index.php?rest_route=%2Fwp%2Fv2%2Fcategories&post=2819"},{"taxonomy":"post_tag","embeddable":true,"href":"https:\/\/minutobahia24h.com.br\/index.php?rest_route=%2Fwp%2Fv2%2Ftags&post=2819"}],"curies":[{"name":"wp","href":"https:\/\/api.w.org\/{rel}","templated":true}]}}