{"id":28178,"date":"2025-04-25T12:00:04","date_gmt":"2025-04-25T15:00:04","guid":{"rendered":"https:\/\/minutobahia24h.com.br\/?p=28178"},"modified":"2025-04-25T12:00:21","modified_gmt":"2025-04-25T15:00:21","slug":"deputado-bobo-visita-itiuba-e-participa-de-missa-em-acao-de-gracas-pela-recuperacao-de-cecilia-petrina","status":"publish","type":"post","link":"https:\/\/minutobahia24h.com.br\/?p=28178","title":{"rendered":"Deputado Bob\u00f4 visita Iti\u00faba e participa de missa em a\u00e7\u00e3o de gra\u00e7as pela recupera\u00e7\u00e3o de Cec\u00edlia Petrina"},"content":{"rendered":"<div class=\"wp-block-image\">\n<figure class=\"aligncenter size-large\"><img data-recalc-dims=\"1\" fetchpriority=\"high\" decoding=\"async\" width=\"800\" height=\"533\" src=\"https:\/\/i0.wp.com\/minutobahia24h.com.br\/wp-content\/uploads\/2025\/04\/img-20250424-wa15801546148239096296926-1024x682.jpg?resize=800%2C533&#038;ssl=1\" alt=\"\" class=\"wp-image-28176\" srcset=\"https:\/\/i0.wp.com\/minutobahia24h.com.br\/wp-content\/uploads\/2025\/04\/img-20250424-wa15801546148239096296926.jpg?resize=1024%2C682&amp;ssl=1 1024w, https:\/\/i0.wp.com\/minutobahia24h.com.br\/wp-content\/uploads\/2025\/04\/img-20250424-wa15801546148239096296926.jpg?resize=300%2C200&amp;ssl=1 300w, https:\/\/i0.wp.com\/minutobahia24h.com.br\/wp-content\/uploads\/2025\/04\/img-20250424-wa15801546148239096296926.jpg?resize=768%2C512&amp;ssl=1 768w, https:\/\/i0.wp.com\/minutobahia24h.com.br\/wp-content\/uploads\/2025\/04\/img-20250424-wa15801546148239096296926.jpg?resize=1536%2C1024&amp;ssl=1 1536w, https:\/\/i0.wp.com\/minutobahia24h.com.br\/wp-content\/uploads\/2025\/04\/img-20250424-wa15801546148239096296926.jpg?resize=750%2C500&amp;ssl=1 750w, https:\/\/i0.wp.com\/minutobahia24h.com.br\/wp-content\/uploads\/2025\/04\/img-20250424-wa15801546148239096296926.jpg?resize=1140%2C760&amp;ssl=1 1140w, https:\/\/i0.wp.com\/minutobahia24h.com.br\/wp-content\/uploads\/2025\/04\/img-20250424-wa15801546148239096296926.jpg?w=1565&amp;ssl=1 1565w\" sizes=\"(max-width: 800px) 100vw, 800px\" \/><\/figure>\n<\/div>\n\n\n<p>No final da tarde desta quinta-feira (24), o deputado estadual Bob\u00f4 esteve no munic\u00edpio de Iti\u00faba para participar de uma missa em a\u00e7\u00e3o de gra\u00e7as pela recupera\u00e7\u00e3o da ex-prefeita Cec\u00edlia Petrina, uma das maiores lideran\u00e7as pol\u00edticas da regi\u00e3o. <\/p>\n\n\n\n<p>O parlamentar iniciou sua agenda visitando a resid\u00eancia da ex-gestora, onde se reuniu com o deputado federal Daniel Almeida e com o ex-vereador Caxunxa para um bate-papo descontra\u00eddo antes da celebra\u00e7\u00e3o religiosa.<\/p>\n\n\n<div class=\"wp-block-image\">\n<figure class=\"aligncenter size-large\"><img decoding=\"async\" data-src=\"file:\/\/\/data\/user\/0\/org.wordpress.android\/cache\/img-20250424-wa15837011239997177753374.jpg\" alt=\"\" class=\"wp-image-724 lazyload\" src=\"data:image\/gif;base64,R0lGODlhAQABAAAAACH5BAEKAAEALAAAAAABAAEAAAICTAEAOw==\" \/><noscript><img decoding=\"async\" src=\"file:\/\/\/data\/user\/0\/org.wordpress.android\/cache\/img-20250424-wa15837011239997177753374.jpg\" alt=\"\" class=\"wp-image-724\"\/><\/noscript><\/figure>\n<\/div>\n\n\n<p>Em seguida, todos se dirigiram \u00e0 Igreja Matriz de Iti\u00faba, onde j\u00e1 se encontrava o vereador Joilton Bara\u00fana, para participar da missa em agradecimento pela melhora da ex-prefeita. Recentemente, Cec\u00edlia Petrina esteve internada em um hospital da capital baiana, onde passou por tratamento intensivo para restabelecer sua sa\u00fade.<br><br>O deputado Bob\u00f4 expressou sua alegria ao reencontrar a amiga em plena recupera\u00e7\u00e3o. \u201cEstou muito feliz por estar aqui e ver que minha amiga e grande lideran\u00e7a pol\u00edtica, Cec\u00edlia Petrina, est\u00e1 recuperada. Essa mulher \u00e9 dura na queda! Hoje tivemos a oportunidade de bater aquele papo descontra\u00eddo, relembrar hist\u00f3rias e agradecer a Deus pela sua recupera\u00e7\u00e3o\u201d, afirmou o parlamentar.<\/p>\n","protected":false},"excerpt":{"rendered":"<p>No final da tarde desta quinta-feira (24), o deputado estadual Bob\u00f4 esteve no munic\u00edpio de Iti\u00faba para participar de uma missa em a\u00e7\u00e3o de gra\u00e7as pela recupera\u00e7\u00e3o da ex-prefeita Cec\u00edlia Petrina, uma das maiores lideran\u00e7as pol\u00edticas da regi\u00e3o. O parlamentar iniciou sua agenda visitando a resid\u00eancia da ex-gestora, onde se reuniu com o deputado federal [&hellip;]<\/p>\n","protected":false},"author":2,"featured_media":28176,"comment_status":"open","ping_status":"open","sticky":false,"template":"","format":"standard","meta":{"_jetpack_memberships_contains_paid_content":false,"footnotes":""},"categories":[3],"tags":[56],"class_list":["post-28178","post","type-post","status-publish","format-standard","has-post-thumbnail","hentry","category-regional","tag-itiuba"],"aioseo_notices":[],"jetpack_featured_media_url":"https:\/\/i0.wp.com\/minutobahia24h.com.br\/wp-content\/uploads\/2025\/04\/img-20250424-wa15801546148239096296926.jpg?fit=1565%2C1043&ssl=1","jetpack_sharing_enabled":true,"_links":{"self":[{"href":"https:\/\/minutobahia24h.com.br\/index.php?rest_route=\/wp\/v2\/posts\/28178","targetHints":{"allow":["GET"]}}],"collection":[{"href":"https:\/\/minutobahia24h.com.br\/index.php?rest_route=\/wp\/v2\/posts"}],"about":[{"href":"https:\/\/minutobahia24h.com.br\/index.php?rest_route=\/wp\/v2\/types\/post"}],"author":[{"embeddable":true,"href":"https:\/\/minutobahia24h.com.br\/index.php?rest_route=\/wp\/v2\/users\/2"}],"replies":[{"embeddable":true,"href":"https:\/\/minutobahia24h.com.br\/index.php?rest_route=%2Fwp%2Fv2%2Fcomments&post=28178"}],"version-history":[{"count":1,"href":"https:\/\/minutobahia24h.com.br\/index.php?rest_route=\/wp\/v2\/posts\/28178\/revisions"}],"predecessor-version":[{"id":28179,"href":"https:\/\/minutobahia24h.com.br\/index.php?rest_route=\/wp\/v2\/posts\/28178\/revisions\/28179"}],"wp:featuredmedia":[{"embeddable":true,"href":"https:\/\/minutobahia24h.com.br\/index.php?rest_route=\/wp\/v2\/media\/28176"}],"wp:attachment":[{"href":"https:\/\/minutobahia24h.com.br\/index.php?rest_route=%2Fwp%2Fv2%2Fmedia&parent=28178"}],"wp:term":[{"taxonomy":"category","embeddable":true,"href":"https:\/\/minutobahia24h.com.br\/index.php?rest_route=%2Fwp%2Fv2%2Fcategories&post=28178"},{"taxonomy":"post_tag","embeddable":true,"href":"https:\/\/minutobahia24h.com.br\/index.php?rest_route=%2Fwp%2Fv2%2Ftags&post=28178"}],"curies":[{"name":"wp","href":"https:\/\/api.w.org\/{rel}","templated":true}]}}